{"id":120020,"date":"2025-12-22T23:27:01","date_gmt":"2025-12-22T23:27:01","guid":{"rendered":"https:\/\/www.europesays.com\/no\/120020\/"},"modified":"2025-12-22T23:27:01","modified_gmt":"2025-12-22T23:27:01","slug":"kongsvinger-arets-servicepris-serviceprisen-2025-dette-er-de-nominerte","status":"publish","type":"post","link":"https:\/\/www.europesays.com\/no\/120020\/","title":{"rendered":"Kongsvinger, \u00c5RETS SERVICEPRIS | Serviceprisen 2025: Dette er de nominerte"},"content":{"rendered":"\n<p>Gl\u00e5mdalen og Byen V\u00e5r k\u00e5rer \u00e5rlig den lokale forretningen i Kongsvinger som folk setter mest pris p\u00e5.<\/p>\n<p>For \u00e5 gj\u00f8re det trenger vi kundenes og lesernes hjelp.<\/p>\n<p>Serviceprisen har blitt delt ut hvert \u00e5r siden 2006. For fjor\u00e5ret var det Match p\u00e5 Kongssenteret som stakk av med prisen.<\/p>\n<p>Seks forretninger i byen er nominert til prisen. De er valgt ut blant mange forslag fra publikum, og juryens egne opplevelser som handlende i Kongsvinger.<\/p>\n<p><b>Dette er de nominerte til Serviceprisen 2025:<\/b><\/p>\n<ul>\n<li>Guri Malla<\/li>\n<li>Peders kj\u00f8tt &amp; fisk<\/li>\n<li>Musti<\/li>\n<li>Vinmonopolet<\/li>\n<li>Ingelsrud Konditori<\/li>\n<li>Ford Sulland<\/li>\n<\/ul>\n<p>I skjemaet under kan du avgi din stemme. Da blir du ogs\u00e5 med i trekningen om to gavekort p\u00e5 500 kroner. Fristen for \u00e5 stemme er 10. januar.<\/p>\n<p>Disse butikkene har tidligere f\u00e5tt prisen:<\/p>\n<p>2006: Kongsvinger Farvehandel<\/p>\n<p>2007: Sykehusapoteket<\/p>\n<p>2008: Kongsvinger Elektriske<\/p>\n<p>2009: Torshov Bilrekvisita<\/p>\n<p>2010: Apotek1 G\u00e5gata<\/p>\n<p>2011: Jentene p\u00e5 Hj\u00f8rnet<\/p>\n<p>2012: Casa Blanca<\/p>\n<p>2013: Norli bokhandel<\/p>\n<p>2014: Friskus Sport1<\/p>\n<p>2015: Castrum Spiseri<\/p>\n<p>2016: Ditt Apotek<\/p>\n<p>2017: Kongsvinger Elektriske<\/p>\n<p>2018: Vita<\/p>\n<p>2019: Castrum Spiseri<\/p>\n<p>2020: Vitus Apotek EPA<\/p>\n<p>2021: Mester gr\u00f8nn<\/p>\n<p>2022: Jack &amp; Jones<\/p>\n<p>2023: Norli<\/p>\n<p>2024: Match<\/p>\n<p>Dette er Serviceprisen:<\/p>\n<p>Serviceprisen skal utdeles \u00e5rlig til en handelsbedrift i Kongsvinger som har utmerket seg i forhold til de definerte kriterier som er fastsatt i statuttene for prisen. Prisen har som form\u00e5l \u00e5 stimulere forretningene til \u00e5 sette fokus p\u00e5 sitt serviceniv\u00e5.<\/p>\n<p>Juryen best\u00e5r av to representanter fra Byen V\u00e5r og to representanter fra Mediehuset Gl\u00e5mdalen. Ledervervet innehas annethvert \u00e5r av leder i Byen V\u00e5r og Gl\u00e5mdalens representant. Juryen skal engasjere befolkningen til \u00e5 gi nominerte kandidater stemmer. Det skal nomineres 6 kandidater per \u00e5r. Kandidaten som f\u00e5r flest stemmer k\u00e5res til \u00e5rets servicebedrift.<\/p>\n","protected":false},"excerpt":{"rendered":"Gl\u00e5mdalen og Byen V\u00e5r k\u00e5rer \u00e5rlig den lokale forretningen i Kongsvinger som folk setter mest pris p\u00e5. For&hellip;\n","protected":false},"author":2,"featured_media":120021,"comment_status":"","ping_status":"","sticky":false,"template":"","format":"standard","meta":{"footnotes":""},"categories":[56],"tags":[14314,36,60,61,1839,551,62,30,28,29,11102],"class_list":{"0":"post-120020","1":"post","2":"type-post","3":"status-publish","4":"format-standard","5":"has-post-thumbnail","7":"category-naeringsliv","8":"tag-arets-servicepris","9":"tag-art","10":"tag-business","11":"tag-economy","12":"tag-feature","13":"tag-kongsvinger","14":"tag-naeringsliv","15":"tag-no","16":"tag-norge","17":"tag-norway","18":"tag-service"},"share_on_mastodon":{"url":"https:\/\/pubeurope.com\/@no\/115765814463910267","error":""},"_links":{"self":[{"href":"https:\/\/www.europesays.com\/no\/wp-json\/wp\/v2\/posts\/120020","targetHints":{"allow":["GET"]}}],"collection":[{"href":"https:\/\/www.europesays.com\/no\/wp-json\/wp\/v2\/posts"}],"about":[{"href":"https:\/\/www.europesays.com\/no\/wp-json\/wp\/v2\/types\/post"}],"author":[{"embeddable":true,"href":"https:\/\/www.europesays.com\/no\/wp-json\/wp\/v2\/users\/2"}],"replies":[{"embeddable":true,"href":"https:\/\/www.europesays.com\/no\/wp-json\/wp\/v2\/comments?post=120020"}],"version-history":[{"count":0,"href":"https:\/\/www.europesays.com\/no\/wp-json\/wp\/v2\/posts\/120020\/revisions"}],"wp:featuredmedia":[{"embeddable":true,"href":"https:\/\/www.europesays.com\/no\/wp-json\/wp\/v2\/media\/120021"}],"wp:attachment":[{"href":"https:\/\/www.europesays.com\/no\/wp-json\/wp\/v2\/media?parent=120020"}],"wp:term":[{"taxonomy":"category","embeddable":true,"href":"https:\/\/www.europesays.com\/no\/wp-json\/wp\/v2\/categories?post=120020"},{"taxonomy":"post_tag","embeddable":true,"href":"https:\/\/www.europesays.com\/no\/wp-json\/wp\/v2\/tags?post=120020"}],"curies":[{"name":"wp","href":"https:\/\/api.w.org\/{rel}","templated":true}]}}