{"id":120024,"date":"2025-12-23T00:06:08","date_gmt":"2025-12-23T00:06:08","guid":{"rendered":"https:\/\/www.europesays.com\/no\/120024\/"},"modified":"2025-12-23T00:06:08","modified_gmt":"2025-12-23T00:06:08","slug":"ikke-kall-migrasjon-en-trussel-mot-storbritannia-advarer-ehrc-sjef","status":"publish","type":"post","link":"https:\/\/www.europesays.com\/no\/120024\/","title":{"rendered":"\u2013 Ikke kall migrasjon en trussel mot Storbritannia, advarer EHRC-sjef"},"content":{"rendered":"<p><strong>Mary-Ann Stephenson, ny leder for Equality and Human Rights Commission (EHRC), advarer mot \u00e5 demonisere innvandrere og sier at migrasjon ikke b\u00f8r fremstilles som en risiko for Storbritannia. Hun bruker sin f\u00f8rste st\u00f8rre uttalelse i jobben til \u00e5 p\u00e5peke at negativ retorikk kan gj\u00f8re livet vanskelig for b\u00e5de migranter og etniske minoriteter i landet.<\/strong><\/p>\n<p>\u2013 Jeg synes det er viktig at vi har \u00e6rlighet i m\u00e5ten vi snakker om menneskerettigheter p\u00e5, og at demonisering av migranter, og ideen om at migrasjon medf\u00f8rer store risikoer for landet, kan gj\u00f8re livet veldig vanskelig for b\u00e5de migranter til Storbritannia og etniske minoriteter, sier Stephenson til<a href=\"https:\/\/www.telegraph.co.uk\/politics\/2025\/12\/22\/dont-call-migration-a-threat-to-britain-says-ehrc-chief\/\" rel=\"nofollow noopener\" target=\"_blank\"> The Telegraph.<\/a><\/p>\n<p>Stephenson advarer ogs\u00e5 mot \u00e5 forlate Den europeiske menneskerettskonvensjonen (ECHR), som enkelte politikere og partier har kritisert for \u00e5 hindre utvisning av migranter. Hun beskriver konvensjonen som et rettsgrunnlag som beskytter alle i Storbritannia og trekker fram eksempler der menneskerettighetene har sikret etterforskning av kriminalitet og beskyttelse av s\u00e5rbare grupper.<\/p>\n<p>\u2013 Dette er alle typer saker der de fleste ville mene at det er akkurat den typen rettigheter vi \u00f8nsker \u00e5 ha. \u00c5 forlate Den europeiske konvensjonen er en feil. Det svekker rettighetene vi alle er avhengige av, sier hun.<\/p>\n<p>Stephenson har tidligere kritisert innstramminger i asylpolitikken og har engasjert seg i sp\u00f8rsm\u00e5l om likhet og kvinnerettigheter. Hun understreker viktigheten av ytringsfrihet, ogs\u00e5 for grupper som er kritiske til kj\u00f8nnsidentitetspolitikk.<\/p>\n<p>Hennes uttalelser kommer p\u00e5 et tidspunkt med rekordh\u00f8y bekymring i befolkningen over migrasjon, b\u00e5de lovlig og ulovlig, og debatten om hvordan Storbritannia skal h\u00e5ndtere asyls\u00f8kere og innvandrere har preget politikk og medier det siste \u00e5ret.<\/p>\n<p>Ved \u00e5 ta til orde mot demonisering og for ECHR sender Stephenson et klart signal om at EHRC vil prioritere beskyttelse av minoriteter og menneskerettigheter i sin kommende periode.<\/p>\n","protected":false},"excerpt":{"rendered":"Mary-Ann Stephenson, ny leder for Equality and Human Rights Commission (EHRC), advarer mot \u00e5 demonisere innvandrere og sier&hellip;\n","protected":false},"author":2,"featured_media":120025,"comment_status":"","ping_status":"","sticky":false,"template":"","format":"standard","meta":{"footnotes":""},"categories":[12],"tags":[20,21,14315,24,25,15,22,23,13,30,28,29,14,16,865,26,27,412,42,43,44,45],"class_list":{"0":"post-120024","1":"post","2":"type-post","3":"status-publish","4":"format-standard","5":"has-post-thumbnail","7":"category-verden","8":"tag-breaking-news","9":"tag-breakingnews","10":"tag-ehrc","11":"tag-featured-news","12":"tag-featurednews","13":"tag-headlines","14":"tag-latest-news","15":"tag-latestnews","16":"tag-news","17":"tag-no","18":"tag-norge","19":"tag-norway","20":"tag-nyheter","21":"tag-overskrifter","22":"tag-storbritannia","23":"tag-top-stories","24":"tag-topstories","25":"tag-utenriks","26":"tag-verden","27":"tag-world","28":"tag-world-news","29":"tag-worldnews"},"share_on_mastodon":{"url":"https:\/\/pubeurope.com\/@no\/115765967864287905","error":""},"_links":{"self":[{"href":"https:\/\/www.europesays.com\/no\/wp-json\/wp\/v2\/posts\/120024","targetHints":{"allow":["GET"]}}],"collection":[{"href":"https:\/\/www.europesays.com\/no\/wp-json\/wp\/v2\/posts"}],"about":[{"href":"https:\/\/www.europesays.com\/no\/wp-json\/wp\/v2\/types\/post"}],"author":[{"embeddable":true,"href":"https:\/\/www.europesays.com\/no\/wp-json\/wp\/v2\/users\/2"}],"replies":[{"embeddable":true,"href":"https:\/\/www.europesays.com\/no\/wp-json\/wp\/v2\/comments?post=120024"}],"version-history":[{"count":0,"href":"https:\/\/www.europesays.com\/no\/wp-json\/wp\/v2\/posts\/120024\/revisions"}],"wp:featuredmedia":[{"embeddable":true,"href":"https:\/\/www.europesays.com\/no\/wp-json\/wp\/v2\/media\/120025"}],"wp:attachment":[{"href":"https:\/\/www.europesays.com\/no\/wp-json\/wp\/v2\/media?parent=120024"}],"wp:term":[{"taxonomy":"category","embeddable":true,"href":"https:\/\/www.europesays.com\/no\/wp-json\/wp\/v2\/categories?post=120024"},{"taxonomy":"post_tag","embeddable":true,"href":"https:\/\/www.europesays.com\/no\/wp-json\/wp\/v2\/tags?post=120024"}],"curies":[{"name":"wp","href":"https:\/\/api.w.org\/{rel}","templated":true}]}}