{"id":120026,"date":"2025-12-23T00:07:11","date_gmt":"2025-12-23T00:07:11","guid":{"rendered":"https:\/\/www.europesays.com\/no\/120026\/"},"modified":"2025-12-23T00:07:11","modified_gmt":"2025-12-23T00:07:11","slug":"nyheter-helse-forventer-dobling-av-innbyggertallet-slik-ruster-legevakten-opp-til-jul-gudbrandsdolen-dagningen","status":"publish","type":"post","link":"https:\/\/www.europesays.com\/no\/120026\/","title":{"rendered":"Nyheter, Helse | Forventer dobling av innbyggertallet: Slik ruster legevakten opp til jul &#8211; Gudbrandsd\u00f8len Dagningen"},"content":{"rendered":"<ol>\n<li><a href=\"https:\/\/news.google.com\/rss\/articles\/CBMipwFBVV95cUxObFNGUmFzeTkweXVjclhCU2w1cTZ0WDl2LVFzLVhnUTBBM0Vqd0FCY1UyZC10dm95d1pCVzBlcnJMekdFM2NWSEZLOHZkZDJIZVJVMi1SWTI5UTlwdzV6LUkyOEpvT1JOQjZqYkVmSE8yUTJBSnRrNU4wb01SZmRQS0Z6YmVDZEphZTZIbG1zOXRiaHhpRTZlMTdGNVpEMFE4alh4Z0U1Zw?oc=5\" target=\"_blank\" rel=\"nofollow noopener\">Nyheter, Helse | Forventer dobling av innbyggertallet: Slik ruster legevakten opp til jul<\/a>&nbsp;&nbsp;Gudbrandsd\u00f8len Dagningen<\/li>\n<li><a href=\"https:\/\/news.google.com\/rss\/articles\/CBMilgFBVV95cUxPOXNndW9YeWp3UkxmZm0zVm5jcVN3WnAzTGxBYlFDbzB1NUFpbmRqZHQzMUNOUm9SdmFrZW42bTJlM0FsQTM4emp3bmg5OENldGZrVm5vTGYtMkZId0FzZzJYU0N5WHVkdDZFbDFlRzg1R2o1TlFVOWxyM2k4bFc5UTBUOWdBNFJ3UkdEOHV5LVBMd290MWc?oc=5\" target=\"_blank\" rel=\"nofollow noopener\">M\u00e5 du p\u00e5 legevakta i jula? Sjekk denne oppfordringa f\u00f8rst<\/a>&nbsp;&nbsp;NRK<\/li>\n<li><a href=\"https:\/\/news.google.com\/rss\/articles\/CBMilwFBVV95cUxNTkFVa2ZqZjh2LXlGVlREWUlnODFmUFJia3hISXgyVExSeHlpcFhSVnNhV1JXbk5kekR4VTJJOHZhX1FTUUxOMnVtZWhNaHFsTjJkUS1YT1h0Z3AtVHJ2YkZIZVdHMXhERktYcUQxVXVXV0k3d0cxcmZOUEhkam96ZnRlRW1Dc2ZKTHFIX19CekJ0VE1UX2FR?oc=5\" target=\"_blank\" rel=\"nofollow noopener\">(+) Legevakta under hardt press i jula: \u2013 Ring p\u00e5 forh\u00e5nd<\/a>&nbsp;&nbsp;itromso.no<\/li>\n<li><a href=\"https:\/\/news.google.com\/rss\/articles\/CBMitgFBVV95cUxOME5BT0RwYXBybG5xazM2Wnp2U3RfVmJ3WVJkYjYwZVNrcVZFWnVZVkdFZk1lYks0em1qZFhmQXk2bl80VnpzV29hZ0xIUEZhdUJRaXA2VnhZUzRTVV93M1E0TFpwTGN6ZW4zcWFrTjlQOTFMVWNweW1QODAtR0JqQ1pQX2V6SkNKQlYzbFVBWTBZNEswMUpVbm1QeHBQeHdIWVh5OTk4eVM4a3ZiQUhwS2swY21fUQ?oc=5\" target=\"_blank\" rel=\"nofollow noopener\">Dette er r\u00e5dene fra legevakta i Moss dersom du blir rammet av sykdom i jula<\/a>&nbsp;&nbsp;Moss Avis<\/li>\n<li><a href=\"https:\/\/news.google.com\/rss\/articles\/CBMikwFBVV95cUxONWxHSW5JM1VfOWhvb3ZSNG56UWUzVEstTENadU1ydzM0U2I5NllQTkIxNks0LVUtU3dNQ1dtRm9YVkV3eTlfRXJRSnh6b3VXcUtNUU9veC1XZnl3WGFEQ0VIdWZoZGNmUVVZZ25XMWViOXI0QUtmUUJDSlY2aDk2S0VickxFRVNTSmRaMXJya1pTVFU?oc=5\" target=\"_blank\" rel=\"nofollow noopener\">Nyhet, Follo legevakt | Venter stor p\u00e5gang i jula: Kommer med klar oppfordring<\/a>&nbsp;&nbsp;\u00d8stlandets Blad<\/li>\n<\/ol>\n","protected":false},"excerpt":{"rendered":"Nyheter, Helse | Forventer dobling av innbyggertallet: Slik ruster legevakten opp til jul&nbsp;&nbsp;Gudbrandsd\u00f8len Dagningen M\u00e5 du p\u00e5 legevakta&hellip;\n","protected":false},"author":2,"featured_media":120027,"comment_status":"","ping_status":"","sticky":false,"template":"","format":"standard","meta":{"footnotes":""},"categories":[10],"tags":[20,21,24,25,15,22,23,13,30,28,29,14,16,26,27],"class_list":{"0":"post-120026","1":"post","2":"type-post","3":"status-publish","4":"format-standard","5":"has-post-thumbnail","7":"category-norge","8":"tag-breaking-news","9":"tag-breakingnews","10":"tag-featured-news","11":"tag-featurednews","12":"tag-headlines","13":"tag-latest-news","14":"tag-latestnews","15":"tag-news","16":"tag-no","17":"tag-norge","18":"tag-norway","19":"tag-nyheter","20":"tag-overskrifter","21":"tag-top-stories","22":"tag-topstories"},"share_on_mastodon":{"url":"https:\/\/pubeurope.com\/@no\/115765971752683128","error":""},"_links":{"self":[{"href":"https:\/\/www.europesays.com\/no\/wp-json\/wp\/v2\/posts\/120026","targetHints":{"allow":["GET"]}}],"collection":[{"href":"https:\/\/www.europesays.com\/no\/wp-json\/wp\/v2\/posts"}],"about":[{"href":"https:\/\/www.europesays.com\/no\/wp-json\/wp\/v2\/types\/post"}],"author":[{"embeddable":true,"href":"https:\/\/www.europesays.com\/no\/wp-json\/wp\/v2\/users\/2"}],"replies":[{"embeddable":true,"href":"https:\/\/www.europesays.com\/no\/wp-json\/wp\/v2\/comments?post=120026"}],"version-history":[{"count":0,"href":"https:\/\/www.europesays.com\/no\/wp-json\/wp\/v2\/posts\/120026\/revisions"}],"wp:featuredmedia":[{"embeddable":true,"href":"https:\/\/www.europesays.com\/no\/wp-json\/wp\/v2\/media\/120027"}],"wp:attachment":[{"href":"https:\/\/www.europesays.com\/no\/wp-json\/wp\/v2\/media?parent=120026"}],"wp:term":[{"taxonomy":"category","embeddable":true,"href":"https:\/\/www.europesays.com\/no\/wp-json\/wp\/v2\/categories?post=120026"},{"taxonomy":"post_tag","embeddable":true,"href":"https:\/\/www.europesays.com\/no\/wp-json\/wp\/v2\/tags?post=120026"}],"curies":[{"name":"wp","href":"https:\/\/api.w.org\/{rel}","templated":true}]}}