{"id":120028,"date":"2025-12-23T00:08:15","date_gmt":"2025-12-23T00:08:15","guid":{"rendered":"https:\/\/www.europesays.com\/no\/120028\/"},"modified":"2025-12-23T00:08:15","modified_gmt":"2025-12-23T00:08:15","slug":"her-kan-det-bli-kvit-jul-nrk-sorlandet-lokale-nyheter-tv-og-radio","status":"publish","type":"post","link":"https:\/\/www.europesays.com\/no\/120028\/","title":{"rendered":"Her kan det bli kvit jul \u2013 NRK S\u00f8rlandet \u2013 Lokale nyheter, TV og radio"},"content":{"rendered":"<p>Saka oppsummert<\/p>\n<ul>\n<li>Prognosane for kvit jul i Agder varierer, med sjanse for sn\u00f8, sludd eller regn.<\/li>\n<li>Omr\u00e5da langs kysten aust i Agder, som Arendal, har st\u00f8rst sjanse for sn\u00f8.<\/li>\n<li>Lengst vest i Agder og heilt ute ved kysten blir det truleg regn og plussgrader.<\/li>\n<li>Kristiansand f\u00e5r sol og to varmegrader p\u00e5 julaftan.<\/li>\n<li>Romjula blir prega av rolege og stabile v\u00earforhold med temperaturstigning.<\/li>\n<li>Det er lite sannsynleg med sn\u00f8 i fjellomr\u00e5da i Agder.<\/li>\n<\/ul>\n<p>Oppsummeringa er laga av ei KI-teneste fr\u00e5 OpenAI. Innhaldet er kvalitetssikra av NRK sine journalistar f\u00f8r publisering.<\/p>\n<p>Det er straks julaftan og temperaturane ligg rundt null fleire stader i Agder.<\/p>\n<p><strong>Kan det bli kvit jul for nokon heldige egder? <\/strong><\/p>\n<p>\u2013 Det er litt vanskeleg \u00e5 seie akkurat kva det blir n\u00e5, men det kan bli sn\u00f8, sludd eller regn, seier Marit Berger.<\/p>\n<p>Ho peikar ut omr\u00e5da langs kysten aust i Agder kor sjansen er st\u00f8rst for kvit jul.<\/p>\n<p>Blant anna st\u00e5r det p\u00e5 Yr i n\u00e5verande augeblink at Arendal kan f\u00e5 sn\u00f8.<\/p>\n<p>\u2013 Der er ei smal stripe oppover i gamle Aust-Agder. Heilt ut p\u00e5 kysten blir det nok regn. S\u00e5 det m\u00e5 litt innanfor, men ikkje s\u00e5 veldig mykje.<\/p>\n<p>Nedb\u00f8ren ligg ute i Skagerrak og trekker berre s\u00e5 vidt inn mot land.<\/p>\n<p>\u2013 Det blir ikkje nedb\u00f8r lengre inn i landet og opp i fjell og s\u00e5nt.<\/p>\n<p>Ikkje veldig \u00abvinterleg\u00bb<\/p>\n<p>Lengst vest i Agder er det meldt plussgrader p\u00e5 julaftan.<\/p>\n<p>\u2013 Her blir det ikkje s\u00e5 veldig vinterleg, seier Berger.<\/p>\n<p>Litt innover i landet kan det bli \u00abrimete\u00bb.<\/p>\n<p>I Kristiansand blir det str\u00e5lande sol og to varmegrader.<\/p>\n<p>Temperaturstigning<\/p>\n<p>Statsmeteorologen melder om rolege og stabile v\u00earforhold i romjula.<\/p>\n<p>Temperaturen vil stige noko utover i romjula, med fleire plussgrader.<\/p>\n<p>\u2013 Ikkje noko kjempevarmt. Men eit lite skilje blir det, da.<\/p>\n<p>Publisert<\/p>\n<p>22.12.2025, kl. 18.36<\/p>\n","protected":false},"excerpt":{"rendered":"Saka oppsummert Prognosane for kvit jul i Agder varierer, med sjanse for sn\u00f8, sludd eller regn. Omr\u00e5da langs&hellip;\n","protected":false},"author":2,"featured_media":120029,"comment_status":"","ping_status":"","sticky":false,"template":"","format":"standard","meta":{"footnotes":""},"categories":[5],"tags":[20,21,24,25,15,19,22,23,17,18,13,30,28,29,14,16,26,27],"class_list":{"0":"post-120028","1":"post","2":"type-post","3":"status-publish","4":"format-standard","5":"has-post-thumbnail","7":"category-overskrifter","8":"tag-breaking-news","9":"tag-breakingnews","10":"tag-featured-news","11":"tag-featurednews","12":"tag-headlines","13":"tag-hovedoppslag","14":"tag-latest-news","15":"tag-latestnews","16":"tag-main-news","17":"tag-mainnews","18":"tag-news","19":"tag-no","20":"tag-norge","21":"tag-norway","22":"tag-nyheter","23":"tag-overskrifter","24":"tag-top-stories","25":"tag-topstories"},"share_on_mastodon":{"url":"https:\/\/pubeurope.com\/@no\/115765975625943212","error":""},"_links":{"self":[{"href":"https:\/\/www.europesays.com\/no\/wp-json\/wp\/v2\/posts\/120028","targetHints":{"allow":["GET"]}}],"collection":[{"href":"https:\/\/www.europesays.com\/no\/wp-json\/wp\/v2\/posts"}],"about":[{"href":"https:\/\/www.europesays.com\/no\/wp-json\/wp\/v2\/types\/post"}],"author":[{"embeddable":true,"href":"https:\/\/www.europesays.com\/no\/wp-json\/wp\/v2\/users\/2"}],"replies":[{"embeddable":true,"href":"https:\/\/www.europesays.com\/no\/wp-json\/wp\/v2\/comments?post=120028"}],"version-history":[{"count":0,"href":"https:\/\/www.europesays.com\/no\/wp-json\/wp\/v2\/posts\/120028\/revisions"}],"wp:featuredmedia":[{"embeddable":true,"href":"https:\/\/www.europesays.com\/no\/wp-json\/wp\/v2\/media\/120029"}],"wp:attachment":[{"href":"https:\/\/www.europesays.com\/no\/wp-json\/wp\/v2\/media?parent=120028"}],"wp:term":[{"taxonomy":"category","embeddable":true,"href":"https:\/\/www.europesays.com\/no\/wp-json\/wp\/v2\/categories?post=120028"},{"taxonomy":"post_tag","embeddable":true,"href":"https:\/\/www.europesays.com\/no\/wp-json\/wp\/v2\/tags?post=120028"}],"curies":[{"name":"wp","href":"https:\/\/api.w.org\/{rel}","templated":true}]}}