{"id":120032,"date":"2025-12-23T00:14:16","date_gmt":"2025-12-23T00:14:16","guid":{"rendered":"https:\/\/www.europesays.com\/no\/120032\/"},"modified":"2025-12-23T00:14:16","modified_gmt":"2025-12-23T00:14:16","slug":"prinsesse-tatiana-radziwill-er-dod-skapte-romanserykter-med-kong-harald","status":"publish","type":"post","link":"https:\/\/www.europesays.com\/no\/120032\/","title":{"rendered":"Prinsesse Tatiana Radziwill er d\u00f8d, skapte romanserykter med kong Harald"},"content":{"rendered":"<p class=\"kicker \" style=\"\">Prinsesse Tatiana Radziwill:\u00a0<\/p>\n<p>  Prinsesse Tatiana sovnet stille inn fredag. P\u00e5 midten av 1960-tallet ble prinsessen og v\u00e5r egen kong Harald gjenstand for romanse-spekulasjoner i pressen.<\/p>\n<p>\n    SAMLET: Den spanske kongefamilien og prinsesse Tatiana ble avbildet i 2024. Her kan man se Tatiana i rullestol med prinsesse Leonor bak henne, mens dronning Sofia er kledd i r\u00f8dt til h\u00f8yre. Foto: NTB\n  <\/p>\n<p>Den spanske kongefamilien s\u00f8rger over tapet av prinsesse Tatiana Radziwill, som d\u00f8de fredag kveld i en alder av 86 \u00e5r. Det bekrefter en talsperson til det spanske ukebladet <a href=\"https:\/\/www.semana.es\/familia-real-espanola\/muere-tatiana-radziwill-inseparable-prima-reina-sofia_2808243\" rel=\"nofollow noopener\" target=\"_blank\">Semana<\/a>.\u00a0<\/p>\n<p>Hun var en n\u00e6r venn og fortrolig av tidligere dronning Sofia av Spania (87). Graver man langt nok bakover, finnes ogs\u00e5 en norsk, kongelig kobling til prinsessen.<\/p>\n<p>        <img loading=\"lazy\" decoding=\"async\" src=\"https:\/\/www.europesays.com\/no\/wp-content\/uploads\/2025\/12\/84021476.webp\" width=\"980\" height=\"657\" title=\"BRYLLUP I ATHEN: Dav\u00e6rende kronprins Harald sammen med prinsesse Tatiana Radziwi\u0142\u0142 (t.v.) under bryllupet til kong Konstantin av Hellas og Anne-Marie av Danmark i 1964. N\u00e5 er hun d\u00f8d, 84 \u00e5r gammel. Her i en reportasje fra Se og H\u00f8r, publisert i 2020. Foto: Faksimile\/Se og H\u00f8r\" alt=\"\" class=\"\" style=\"--aspect-ratio-image: 1.49; \"\/><\/p>\n<p>\n        BRYLLUP I ATHEN: Dav\u00e6rende kronprins Harald sammen med prinsesse Tatiana Radziwi\u0142\u0142 (t.v.) under bryllupet til kong Konstantin av Hellas og Anne-Marie av Danmark i 1964. N\u00e5 er hun d\u00f8d, 84 \u00e5r gammel. Her i en reportasje fra Se og H\u00f8r, publisert i 2020. Foto: Faksimile\/Se og H\u00f8r\n    <\/p>\n<p>Pressen spekulerte\t<\/p>\n<p>Radziwill var datter av den polsk-litauiske prinsen Dominic Rainier og prinsesse Eugenie av Hellas, og var dermed kusinen til Paul av Hellas, dronning Sofias far.\u00a0<\/p>\n<p>Hun var ogs\u00e5 til stede sammen med kong Harald i eventyrbryllupet til greske kong Konstantin II og danske prinsesse Anne-Marie i Athen 18. september 1964.\u00a0<\/p>\n<p>        <img loading=\"lazy\" decoding=\"async\" src=\"https:\/\/www.europesays.com\/no\/wp-content\/uploads\/2025\/12\/84021457.webp\" width=\"686\" height=\"680\" title=\"BRYLLUP: Kong Konstantin II av Hellas og prinsesse Anne Marie av Danmark under vielsen i Athen. Norges dav\u00e6rende kronprins Harald kan sees i bakgrunnen til venstre. Foto: Historia\/REX\/Shutterstock\" alt=\"\" class=\"\" style=\"--aspect-ratio-image: 1.01; \"\/><\/p>\n<p>\n        BRYLLUP: Kong Konstantin II av Hellas og prinsesse Anne Marie av Danmark under vielsen i Athen. Norges dav\u00e6rende kronprins Harald kan sees i bakgrunnen til venstre. Foto: Historia\/REX\/Shutterstock\n    <\/p>\n<p>Den gangen var Tatiana brudepike for bruden, mens kong Harald, p\u00e5 den tida kronprins, var p\u00e5 plass som en av brudgommens kroneb\u00e6rere.\u00a0<\/p>\n<p>De to unge kongelige vanket i de samme kretsene p\u00e5 1960-tallet, og ble raskt gjenstand for spekulasjon i pressen. Ukebladet N\u00c5 skrev flere saker hvor det ble spekulert i om de to unge kongelige var kj\u00e6rester.<\/p>\n<p>Kjempet i ni \u00e5r for Sonja\t<\/p>\n<p>Noe forhold mellom de to unge kongelige ble det imidlertid ikke noe av, og begge giftet seg p\u00e5 hver sin kant p\u00e5 senere p\u00e5 60-tallet.<\/p>\n<p>Kong Harald og dronning Sonja (88) hadde v\u00e6rt kj\u00e6rester i flere \u00e5r f\u00f8r de giftet seg. Den dav\u00e6rende kronprinsen kjempet nemlig i ni lange \u00e5r for \u00e5 f\u00e5 retten til \u00e5 gifte seg med Sonja Haraldsen.\u00a0De ga hverandre sitt \u00abja\u00bb i Oslo Domkirke i 1968.\u00a0<\/p>\n<p>I 1966 giftet Tatiana seg med Jean-Henro Fruchaud (88), en fransk finansmann som hadde sterke tilknytninger til finansverden i Paris, if\u00f8lge <a href=\"https:\/\/www.thepeerage.com\/p4503.htm#i45030\" rel=\"nofollow noopener\" target=\"_blank\">The Peerage<\/a>. Paret var gift fram til hennes d\u00f8d og fikk to barn sammen, Fabiola Fruchaud (54) og Alexis Fruchaud (56).\u00a0\u00a0<\/p>\n<p>        <img loading=\"lazy\" decoding=\"async\" src=\"https:\/\/www.europesays.com\/no\/wp-content\/uploads\/2025\/12\/84021679.webp\" width=\"667\" height=\"808\" title=\"LYKKELIG SLUTT: Det nygifte paret, dav\u00e6rende kronprins Harald og kronprinsesse Sonja, fotografert i fuglev\u00e6relset p\u00e5 Slottet etter bryllupet i 1968. Foto: NTB akivfoto\" alt=\"\" class=\"\" style=\"--aspect-ratio-image: 0.83; \"\/><\/p>\n<p>\n        LYKKELIG SLUTT: Det nygifte paret, dav\u00e6rende kronprins Harald og kronprinsesse Sonja, fotografert i fuglev\u00e6relset p\u00e5 Slottet etter bryllupet i 1968. Foto: NTB akivfoto\n    <\/p>\n<p>Tett p\u00e5 dronning Sofia\t<\/p>\n<p data-lab-font_weight=\"\">Tatiana og spanske dronning Sofia var kusiner og hadde et sv\u00e6rt n\u00e6rt forhold siden barndommen, skriver spanske <a href=\"https:\/\/www.hola.com\/realeza\/casa_espanola\/20251220874064\/muere-tatiana-radziwill-amiga-intima-reina-sofia\/\" rel=\"nofollow noopener\" target=\"_blank\">Hola!<\/a><\/p>\n<p>Begge m\u00e5tte flykte fra sine hjemland under andre verdenskrig og opprettholdt et tett vennskap siden den tida i S\u00f8r-Afrika. Prinsesse Tatiana var ogs\u00e5 en av brudepikene da Sofia giftet seg med kong Juan Carlos i 1962.<\/p>\n<p>        <img loading=\"lazy\" decoding=\"async\" src=\"https:\/\/www.europesays.com\/no\/wp-content\/uploads\/2025\/12\/84021395.webp\" width=\"686\" height=\"597\" title=\"MED BARNEBARNET: Tidligere dronning Sofia og barnebarnet, kronprinsesse Leonor, avbildet tidligere i \u00e5r. Foto: SplashNews.com \/ NTB\" alt=\"\" class=\"\" style=\"--aspect-ratio-image: 1.15; \"\/><\/p>\n<p>\n        MED BARNEBARNET: Tidligere dronning Sofia og barnebarnet, kronprinsesse Leonor, avbildet tidligere i \u00e5r. Foto: SplashNews.com \/ NTB\n    <\/p>\n<p class=\"font-weight-bold m-font-weight-bold\" data-lab-font_weight=\"font-weight-bold\">&#8211; Tatiana og jeg har alltid v\u00e6rt sv\u00e6rt gode venner. F\u00f8r vi giftet oss, etterp\u00e5&#8230; Selv om hun n\u00e5 bor i Paris, ser vi hverandre sv\u00e6rt ofte, fortalte dronning Sofia i\u00a0samtaleboken \u00abDo\u00f1a Sof\u00eda: La reina habla de su vida\u00bb fra 2010.\u00a0<\/p>\n<p>En av hennes siste offentlige opptredener var i august 2024, da hun spiste middag med kongefamilien p\u00e5 en restaurant i Palma.\u00a0<\/p>\n","protected":false},"excerpt":{"rendered":"Prinsesse Tatiana Radziwill:\u00a0 Prinsesse Tatiana sovnet stille inn fredag. P\u00e5 midten av 1960-tallet ble prinsessen og v\u00e5r egen&hellip;\n","protected":false},"author":2,"featured_media":120033,"comment_status":"","ping_status":"","sticky":false,"template":"","format":"standard","meta":{"footnotes":""},"categories":[10],"tags":[20,21,576,24,25,15,2590,76,22,23,13,30,28,29,14,16,14316,26,27],"class_list":{"0":"post-120032","1":"post","2":"type-post","3":"status-publish","4":"format-standard","5":"has-post-thumbnail","7":"category-norge","8":"tag-breaking-news","9":"tag-breakingnews","10":"tag-dodsfall","11":"tag-featured-news","12":"tag-featurednews","13":"tag-headlines","14":"tag-kong-harald","15":"tag-kongelig","16":"tag-latest-news","17":"tag-latestnews","18":"tag-news","19":"tag-no","20":"tag-norge","21":"tag-norway","22":"tag-nyheter","23":"tag-overskrifter","24":"tag-prinsesse-tatiana","25":"tag-top-stories","26":"tag-topstories"},"share_on_mastodon":{"url":"https:\/\/pubeurope.com\/@no\/115765999527067049","error":""},"_links":{"self":[{"href":"https:\/\/www.europesays.com\/no\/wp-json\/wp\/v2\/posts\/120032","targetHints":{"allow":["GET"]}}],"collection":[{"href":"https:\/\/www.europesays.com\/no\/wp-json\/wp\/v2\/posts"}],"about":[{"href":"https:\/\/www.europesays.com\/no\/wp-json\/wp\/v2\/types\/post"}],"author":[{"embeddable":true,"href":"https:\/\/www.europesays.com\/no\/wp-json\/wp\/v2\/users\/2"}],"replies":[{"embeddable":true,"href":"https:\/\/www.europesays.com\/no\/wp-json\/wp\/v2\/comments?post=120032"}],"version-history":[{"count":0,"href":"https:\/\/www.europesays.com\/no\/wp-json\/wp\/v2\/posts\/120032\/revisions"}],"wp:featuredmedia":[{"embeddable":true,"href":"https:\/\/www.europesays.com\/no\/wp-json\/wp\/v2\/media\/120033"}],"wp:attachment":[{"href":"https:\/\/www.europesays.com\/no\/wp-json\/wp\/v2\/media?parent=120032"}],"wp:term":[{"taxonomy":"category","embeddable":true,"href":"https:\/\/www.europesays.com\/no\/wp-json\/wp\/v2\/categories?post=120032"},{"taxonomy":"post_tag","embeddable":true,"href":"https:\/\/www.europesays.com\/no\/wp-json\/wp\/v2\/tags?post=120032"}],"curies":[{"name":"wp","href":"https:\/\/api.w.org\/{rel}","templated":true}]}}