{"id":120037,"date":"2025-12-23T00:49:11","date_gmt":"2025-12-23T00:49:11","guid":{"rendered":"https:\/\/www.europesays.com\/no\/120037\/"},"modified":"2025-12-23T00:49:11","modified_gmt":"2025-12-23T00:49:11","slug":"trump-planlegger-a-bygge-nye-krigsskip","status":"publish","type":"post","link":"https:\/\/www.europesays.com\/no\/120037\/","title":{"rendered":"Trump planlegger \u00e5 bygge nye krigsskip"},"content":{"rendered":"\n<p class=\"_lead_o9xde_2 _lead_xtcu6_50 layout-component text-serif-m layout-normal text-serif-l layout-component layout-wide layout-padded _wide_17hqh_1 layout-padded\">Presidenten annonserer 25 nye slagskip i \u00abTrump-klassen\u00bb \u2013 ekspert kaller det \u00abekstrem narsissisme\u00bb.<\/p>\n<p> <img class=\"_image_qp4xg_65 layout-component layout-wide\" data-fullscreen- data-track-element-type=\"Article image fullscreen\" data-track-name=\"ImageFullscreen\" fetchpriority=\"high\" decoding=\"sync\" loading=\"eager\" height=\"102\" itemprop=\"image\"  src=\"https:\/\/www.europesays.com\/no\/wp-content\/uploads\/2025\/12\/a55db45ce3f1af783aef93413fa07b55.jpg\"  style=\"object-position:50% 50%;aspect-ratio:1.75;height:auto;object-fit:cover;width:100%\" width=\"102\"\/>  <\/p>\n<ul aria-hidden=\"true\" class=\"_images_ntbth_112\">\n<li><a class=\"_link_ntbth_117\" href=\"https:\/\/www.vg.no\/forfatter\/hannah-solstad-klepp\" style=\"z-index:2\" title=\"Hannah Solstad Klepp\" rel=\"nofollow noopener\" target=\"_blank\"><img alt=\"Bilde av Hannah Solstad Klepp\" class=\"_image_ntbth_93\" fetchpriority=\"low\" loading=\"lazy\" decoding=\"async\" itemprop=\"image\"  src=\"https:\/\/www.europesays.com\/no\/wp-content\/uploads\/2025\/12\/1766450949_15_f811f9c1-64f7-4c50-9133-b5735831a650\"  width=\"480\"\/><\/a><\/li>\n<li><a class=\"_link_ntbth_117\" href=\"https:\/\/www.vg.no\/forfatter\/isak-loeve-pilskog-loe\" style=\"z-index:1\" title=\"Isak L\u00f8ve Pilskog Loe\" rel=\"nofollow noopener\" target=\"_blank\"><img alt=\"Bilde av Isak L\u00f8ve Pilskog Loe\" class=\"_image_ntbth_93\" fetchpriority=\"low\" loading=\"lazy\" decoding=\"async\" itemprop=\"image\"  src=\"https:\/\/www.europesays.com\/no\/wp-content\/uploads\/2025\/12\/1766450950_481_8b0354e3-bf53-460c-9c1c-790321a0c923\"  width=\"480\"\/><\/a><\/li>\n<\/ul>\n<p> Oppdatert tirsdag 23. desember kl. 00:28     <\/p>\n<p class=\"_paragraph_o9xde_4 _paragraph_xtcu6_10 layout-component text-serif-m layout-normal text-serif-m layout-padded\"><a href=\"https:\/\/www.vg.no\/tag\/donald-trump-2?utm_source=vg-article&amp;utm_medium=auto-tagger&amp;utm_campaign=5p08yX\" class=\"_link_o9xde_39\" rel=\"nofollow noopener\" target=\"_blank\">Donald Trump<\/a> kunngjorde mandag kveld at USA skal bygge en helt ny klasse krigsskip oppkalt etter presidenten selv.<\/p>\n<p class=\"_paragraph_o9xde_4 _paragraph_xtcu6_10 layout-component text-serif-m layout-normal text-serif-m layout-padded\">De f\u00f8rste to skipene i \u00abTrump-klassen\u00bb skal bygges umiddelbart, f\u00f8r produksjonen utvides til totalt 20\u201325 skip, opplyste Trump p\u00e5 en pressekonferanse p\u00e5 eiendommen Mar-a-Lago i Florida.<\/p>\n<p class=\"_paragraph_o9xde_4 _paragraph_xtcu6_10 layout-component text-serif-m layout-normal text-serif-m layout-padded\"><strong class=\"_strong_o9xde_25\">\u2013 Hvert enkelt av disse vil v\u00e6re det st\u00f8rste slagskipet i v\u00e5rt lands historie \u2013 det st\u00f8rste slagskipet i verdens historie som noensinne er bygget, sa Trump.<\/strong><\/p>\n<p class=\"_paragraph_o9xde_4 _paragraph_xtcu6_10 layout-component text-serif-m layout-normal text-serif-m layout-padded\">Skipene skal veie mellom 30.000 og 40.000 tonn og v\u00e6re utstyrt med avanserte v\u00e5pensystemer. Presidenten hevder de nye krigsskipene vil v\u00e6re 100 ganger kraftigere enn den tidligere Iowa-klassen av slagskip.<\/p>\n<p><img alt=\"Foto: Alex Brandon \/ AP \/ NTB\" class=\"_image_qp4xg_65 layout-component layout-normal\" data-fullscreen- data-track-element-type=\"Article image fullscreen\" data-track-name=\"ImageFullscreen\" decoding=\"async\" loading=\"lazy\" height=\"3657\" itemprop=\"image\"  src=\"https:\/\/www.europesays.com\/no\/wp-content\/uploads\/2025\/12\/38f60c04-07be-498f-bbaf-6d061548f558\"  style=\"object-position:0% 0%\" width=\"6000\"\/>Foto: Alex Brandon \/ AP \/ NTBAtomv\u00e5pen og kunstig intelligens<\/p>\n<p class=\"_paragraph_o9xde_4 _paragraph_xtcu6_10 layout-component text-serif-m layout-normal text-serif-m layout-padded\">Marineminister John Phelan opplyste at Trump-klassens slagskip vil v\u00e6re utstyrt med \u00abatomv\u00e5penbaserte sj\u00f8baserte kryssermissiler\u00bb.<\/p>\n<p class=\"_paragraph_o9xde_4 _paragraph_xtcu6_10 layout-component text-serif-m layout-normal text-serif-m layout-padded\">\u2013 Dette er bare en del av presidentens gylne fl\u00e5te som vi kommer til \u00e5 bygge, sa Phelan.<\/p>\n<p><img decoding=\"async\" alt=\"Bilde av John Phelan\" class=\"_image_ygndg_42\" height=\"27\" itemprop=\"image\" loading=\"lazy\"  src=\"https:\/\/www.europesays.com\/no\/wp-content\/uploads\/2025\/12\/f56b3cb6-640e-4842-9bbc-924e4cfeb456\"  width=\"40\"\/><strong class=\"_name_ygndg_51 title-serif-xs\">John Phelan<\/strong><\/p>\n<p class=\"_paragraph_o9xde_4 text-sans-m _description_ygndg_56\">USAs marineminister<\/p>\n<p class=\"_paragraph_o9xde_4 _paragraph_xtcu6_10 layout-component text-serif-m layout-normal text-serif-m layout-padded\">I en video han la ut p\u00e5 X fredag, sa han at m\u00e5let for den nye fregattklassenfregattklassenEn kategori av krigsskip som er mindre enn destroyere, men st\u00f8rre enn korvetter, ofte brukt til beskyttelse og patruljering. er \u00e5 f\u00e5 amerikanskdesignede skip laget av amerikanere. Planen er at det f\u00f8rste skipet skal sj\u00f8settes i 2028.<\/p>\n<p class=\"_root_1xq52_1\" lang=\"en\" dir=\"auto\">I have directed a new Frigate class as part of <a href=\"https:\/\/x.com\/POTUS\" class=\"_root_eihfa_1\" target=\"_blank\" rel=\"noopener noreferrer nofollow\">@POTUS<\/a> Golden Fleet. Built on a proven American design, in American shipyards, with an American supply chain, this effort is focused on one outcome: delivering combat power to the Fleet fast.<\/p>\n<p class=\"_paragraph_o9xde_4 _paragraph_xtcu6_10 layout-component text-serif-m layout-normal text-serif-m layout-padded\">Trump signaliserte ogs\u00e5 at de nye skipene vil bli designet med kunstig intelligens-kapasiteter, og at AI vil v\u00e6re en \u00abstor faktor\u00bb n\u00e5r det gjelder disse skipene.<\/p>\n<p class=\"_paragraph_o9xde_4 _paragraph_xtcu6_10 layout-component text-serif-m layout-normal text-serif-m layout-padded\">Skipene skal f\u00e5 et mer moderne design med mulighet for fremtidige v\u00e5pensystemer som elektromagnetiske kanoner og laserbaserte v\u00e5pen, if\u00f8lge presidenten.<\/p>\n<p>\u2013 Ekstrem narsissisme<\/p>\n<p class=\"_paragraph_o9xde_4 _paragraph_xtcu6_10 layout-component text-serif-m layout-normal text-serif-m layout-padded\">USA-ekspert og Civita-r\u00e5dgiver Eirik L\u00f8kke er ikke imponert over at presidenten kaller opp skipene etter seg selv.<\/p>\n<p class=\"_paragraph_o9xde_4 _paragraph_xtcu6_10 layout-component text-serif-m layout-normal text-serif-m layout-padded\">\u2013 Det forteller mye om hvor selvopptatt den amerikanske presidenten er. Hans ekstreme narsissisme kan ogs\u00e5 bli et problem for USAs sikkerhet all den tid han blander seg inn i den estetiske utformingen p\u00e5 krigsskipene, skriver han til VG.<\/p>\n<p><img decoding=\"async\" alt=\"Bilde av Eirik L\u00f8kke\" class=\"_image_ygndg_42\" height=\"30\" itemprop=\"image\" loading=\"lazy\"  src=\"https:\/\/www.europesays.com\/no\/wp-content\/uploads\/2025\/12\/dd2aaa8e-1fde-4758-bd02-dbac597484bb\"  width=\"40\"\/><strong class=\"_name_ygndg_51 title-serif-xs\">Eirik L\u00f8kke<\/strong><\/p>\n<p class=\"_paragraph_o9xde_4 _paragraph_xtcu6_10 layout-component text-serif-m layout-normal text-serif-m layout-padded\">\u2013 Trumps selvopptatthet gj\u00f8r at USA har en president som er mer opptatt av oppmerksomhet enn av \u00e5 gj\u00f8re landet trygt.<\/p>\n<p class=\"_paragraph_o9xde_4 _paragraph_xtcu6_10 layout-component text-serif-m layout-normal text-serif-m layout-padded\"><a href=\"https:\/\/www.nytimes.com\/live\/2025\/12\/22\/us\/trump-news#ukraine-peace-talks\" class=\"_link_o9xde_39\" rel=\"nofollow noopener\" target=\"_blank\">If\u00f8lge The New York Times<\/a> har Trump tidligere kritisert utseendet til den amerikanske marinens krigsskip.<\/p>\n<p>Trump: \u00abVil ha respekt\u00bb<\/p>\n<p class=\"_paragraph_o9xde_4 _paragraph_xtcu6_10 layout-component text-serif-m layout-normal text-serif-m layout-padded\">Den nye skipsplanen er en del av presidentens \u00abGolden Fleet\u00bb-program for \u00e5 gjenoppbygge og styrke amerikansk skipsbygging. Trump viste til amerikansk skipsproduksjon under andre verdenskrig som inspirasjon og understreket at han \u00f8nsker skipene bygget raskt.<\/p>\n<p class=\"_paragraph_o9xde_4 _paragraph_xtcu6_10 layout-component text-serif-m layout-normal text-serif-m layout-padded\">\u2013 De vil bidra til \u00e5 opprettholde amerikansk milit\u00e6r overherred\u00f8mme, gjenopplive den amerikanske skipsbyggingsindustrien og inspirere frykt hos USAs fiender over hele verden. Vi vil ha respekt, sa presidenten.<\/p>\n<p><img alt=\"Foto: ANDREW CABALLERO-REYNOLDS \/ AFP \/ NTB\" class=\"_image_qp4xg_65 layout-component layout-normal\" data-fullscreen- data-track-element-type=\"Article image fullscreen\" data-track-name=\"ImageFullscreen\" decoding=\"async\" loading=\"lazy\" height=\"5240\" itemprop=\"image\"  src=\"https:\/\/www.europesays.com\/no\/wp-content\/uploads\/2025\/12\/e74a6fa8-5b34-4e25-a766-52a25cd79685\"  style=\"object-position:0% 0%\" width=\"8016\"\/>Foto: ANDREW CABALLERO-REYNOLDS \/ AFP \/ NTB<\/p>\n<p class=\"_paragraph_o9xde_4 _paragraph_xtcu6_10 layout-component text-serif-m layout-normal text-serif-m layout-padded\">Trump kunngjorde ogs\u00e5 at Philadelphia-verftet, som tidligere var nedlagt, n\u00e5 gjen\u00e5pnes i samarbeid med marinen og private selskaper. Planen er at det f\u00f8rste skipet skal sj\u00f8settes i 2028.<\/p>\n","protected":false},"excerpt":{"rendered":"Presidenten annonserer 25 nye slagskip i \u00abTrump-klassen\u00bb \u2013 ekspert kaller det \u00abekstrem narsissisme\u00bb. Oppdatert tirsdag 23. desember kl.&hellip;\n","protected":false},"author":2,"featured_media":120038,"comment_status":"","ping_status":"","sticky":false,"template":"","format":"standard","meta":{"footnotes":""},"categories":[12],"tags":[20,21,55,24,25,15,22,23,13,30,28,29,14,16,6506,26,27,50,42,43,44,45],"class_list":{"0":"post-120037","1":"post","2":"type-post","3":"status-publish","4":"format-standard","5":"has-post-thumbnail","7":"category-verden","8":"tag-breaking-news","9":"tag-breakingnews","10":"tag-donald-trump","11":"tag-featured-news","12":"tag-featurednews","13":"tag-headlines","14":"tag-latest-news","15":"tag-latestnews","16":"tag-news","17":"tag-no","18":"tag-norge","19":"tag-norway","20":"tag-nyheter","21":"tag-overskrifter","22":"tag-pete-hegseth","23":"tag-top-stories","24":"tag-topstories","25":"tag-usa","26":"tag-verden","27":"tag-world","28":"tag-world-news","29":"tag-worldnews"},"share_on_mastodon":{"url":"https:\/\/pubeurope.com\/@no\/115766137151561897","error":""},"_links":{"self":[{"href":"https:\/\/www.europesays.com\/no\/wp-json\/wp\/v2\/posts\/120037","targetHints":{"allow":["GET"]}}],"collection":[{"href":"https:\/\/www.europesays.com\/no\/wp-json\/wp\/v2\/posts"}],"about":[{"href":"https:\/\/www.europesays.com\/no\/wp-json\/wp\/v2\/types\/post"}],"author":[{"embeddable":true,"href":"https:\/\/www.europesays.com\/no\/wp-json\/wp\/v2\/users\/2"}],"replies":[{"embeddable":true,"href":"https:\/\/www.europesays.com\/no\/wp-json\/wp\/v2\/comments?post=120037"}],"version-history":[{"count":0,"href":"https:\/\/www.europesays.com\/no\/wp-json\/wp\/v2\/posts\/120037\/revisions"}],"wp:featuredmedia":[{"embeddable":true,"href":"https:\/\/www.europesays.com\/no\/wp-json\/wp\/v2\/media\/120038"}],"wp:attachment":[{"href":"https:\/\/www.europesays.com\/no\/wp-json\/wp\/v2\/media?parent=120037"}],"wp:term":[{"taxonomy":"category","embeddable":true,"href":"https:\/\/www.europesays.com\/no\/wp-json\/wp\/v2\/categories?post=120037"},{"taxonomy":"post_tag","embeddable":true,"href":"https:\/\/www.europesays.com\/no\/wp-json\/wp\/v2\/tags?post=120037"}],"curies":[{"name":"wp","href":"https:\/\/api.w.org\/{rel}","templated":true}]}}