{"id":120041,"date":"2025-12-23T00:53:21","date_gmt":"2025-12-23T00:53:21","guid":{"rendered":"https:\/\/www.europesays.com\/no\/120041\/"},"modified":"2025-12-23T00:53:21","modified_gmt":"2025-12-23T00:53:21","slug":"kultur-movies-on-war-ny-rekord-for-movies-on-war","status":"publish","type":"post","link":"https:\/\/www.europesays.com\/no\/120041\/","title":{"rendered":"Kultur, Movies on war | Ny rekord for Movies on War"},"content":{"rendered":"\n<p>For filmfestivalen Movies on War ble 2025 et sv\u00e6rt godt \u00e5r.\u00a0<\/p>\n<p>De bekrefter n\u00e5 at det var publikumsrekord for festivalen som fant sted i november.\u00a0<\/p>\n<p>\u2013 Vi opplever at Movies on War i stadig st\u00f8rre grad fungerer som en viktig m\u00f8teplass for refleksjon, kunnskap og dialog. At s\u00e5 mange finner veien hit, er b\u00e5de motiverende og forpliktende, sier festivalsjef \u00d8ystein Egge i en pressemelding.\u00a0<\/p>\n<p>   <img decoding=\"async\" width=\"4417\" height=\"2945\" fetchpriority=\"low\"  loading=\"lazy\"  src=\"https:\/\/www.europesays.com\/no\/wp-content\/uploads\/2025\/12\/MoviesOnWar2025_Prisutdeling_DamonTsiaprazis_002.jpg\" alt=\"\" class=\"brick-c-cFOWSL\" style=\"--brick-image-ratio: 4417 \/ 2945;\"\/><\/p>\n<p>      \u00c5rets viktige tema ble grunnlaget for samtalene i filmene og foredragene.<br \/>\n      Foto: PLA\n    <\/p>\n<p>  \u2013 Ogs\u00e5 utenfor byene<\/p>\n<p>I \u00e5r tok over 7000 bes\u00f8kende turen innom festivalens visninger og arrangementer.\u00a0<\/p>\n<p>\u2013 Dette viser at det finnes et stort engasjement for film og samfunnssp\u00f8rsm\u00e5l ogs\u00e5 utenfor de st\u00f8rste byene, sier Egge i pressemeldingen.<\/p>\n<p>\u00c5rets festival strakk seg over fem dager og inkluderte 39 filmer.<\/p>\n<p>Temaet i \u00e5r var &laquo;Hvordan skal vi redde demokratiet?&raquo; .\u00a0<\/p>\n<p>J\u00f8mna\/Heradsbygds musikkforening hadde ogs\u00e5 filmkonsert til filmklipp fra Elverum under krigen, hvor Elverum historielag holdt innledning.<\/p>\n<p>Kortlistet til Oscar<\/p>\n<p>Under festivalen ble ogs\u00e5 en rekke priser delt ut, blant annet fikk Lars Mytting kulturprisen:<\/p>\n<p>  <a href=\"https:\/\/www.ostlendingen.no\/80-69-142562\" class=\"related-teaser has-image default-story-teaser article--c-eRUmMG article--c-eRUmMG-jKCPdD-design-default\" rel=\"nofollow noopener\" target=\"_blank\"><\/p>\n<p>    <img decoding=\"async\" loading=\"lazy\"  src=\"https:\/\/www.europesays.com\/no\/wp-content\/uploads\/2025\/12\/5_18_1909035+_DSC3488.jpg\" alt=\"\" class=\"brick-c-cFOWSL\" style=\"\"\/><\/p>\n<p>\n            Les ogs\u00e5<\/p>\n<p>              Lars Mytting ble tatt p\u00e5 senga hjemme i Elverum: \u2013 En total overraskelse\n        <\/p>\n<p>  <\/a><\/p>\n<p>Flere av filmene som ble vist under festivalen skal ogs\u00e5 v\u00e6re kortlistet til Oscarutdelingen i 2026.<\/p>\n<p>Movies on War forteller at datoene for neste \u00e5rs festival allerede st\u00e5r klare, og at de gjentar suksessen i 2026 fra 18.-22. november.\u00a0<\/p>\n<p>  <a href=\"https:\/\/www.ostlendingen.no\/80-69-140384\" class=\"related-teaser has-image default-story-teaser article--c-eRUmMG article--c-eRUmMG-jKCPdD-design-default\" rel=\"nofollow noopener\" target=\"_blank\"><\/p>\n<p>    <img decoding=\"async\" loading=\"lazy\"  src=\"https:\/\/www.europesays.com\/no\/wp-content\/uploads\/2025\/12\/IMG20251112175943.jpg\" alt=\"\" class=\"brick-c-cFOWSL\" style=\"\"\/><\/p>\n<p>\n            Les ogs\u00e5<\/p>\n<p>              Fullt hus i Elverum: \u2013 En av de f\u00e5 i hele verden\n        <\/p>\n<p>  <\/a><\/p>\n","protected":false},"excerpt":{"rendered":"For filmfestivalen Movies on War ble 2025 et sv\u00e6rt godt \u00e5r.\u00a0 De bekrefter n\u00e5 at det var publikumsrekord&hellip;\n","protected":false},"author":2,"featured_media":120042,"comment_status":"","ping_status":"","sticky":false,"template":"","format":"standard","meta":{"footnotes":""},"categories":[58],"tags":[36,1070,71,410,14317,30,28,29,14,1510,72],"class_list":{"0":"post-120041","1":"post","2":"type-post","3":"status-publish","4":"format-standard","5":"has-post-thumbnail","7":"category-underholdning","8":"tag-art","9":"tag-elverum","10":"tag-entertainment","11":"tag-kultur","12":"tag-movies-on-war","13":"tag-no","14":"tag-norge","15":"tag-norway","16":"tag-nyheter","17":"tag-story","18":"tag-underholdning"},"share_on_mastodon":{"url":"https:\/\/pubeurope.com\/@no\/115766152859833036","error":""},"_links":{"self":[{"href":"https:\/\/www.europesays.com\/no\/wp-json\/wp\/v2\/posts\/120041","targetHints":{"allow":["GET"]}}],"collection":[{"href":"https:\/\/www.europesays.com\/no\/wp-json\/wp\/v2\/posts"}],"about":[{"href":"https:\/\/www.europesays.com\/no\/wp-json\/wp\/v2\/types\/post"}],"author":[{"embeddable":true,"href":"https:\/\/www.europesays.com\/no\/wp-json\/wp\/v2\/users\/2"}],"replies":[{"embeddable":true,"href":"https:\/\/www.europesays.com\/no\/wp-json\/wp\/v2\/comments?post=120041"}],"version-history":[{"count":0,"href":"https:\/\/www.europesays.com\/no\/wp-json\/wp\/v2\/posts\/120041\/revisions"}],"wp:featuredmedia":[{"embeddable":true,"href":"https:\/\/www.europesays.com\/no\/wp-json\/wp\/v2\/media\/120042"}],"wp:attachment":[{"href":"https:\/\/www.europesays.com\/no\/wp-json\/wp\/v2\/media?parent=120041"}],"wp:term":[{"taxonomy":"category","embeddable":true,"href":"https:\/\/www.europesays.com\/no\/wp-json\/wp\/v2\/categories?post=120041"},{"taxonomy":"post_tag","embeddable":true,"href":"https:\/\/www.europesays.com\/no\/wp-json\/wp\/v2\/tags?post=120041"}],"curies":[{"name":"wp","href":"https:\/\/api.w.org\/{rel}","templated":true}]}}