{"id":120043,"date":"2025-12-23T00:59:08","date_gmt":"2025-12-23T00:59:08","guid":{"rendered":"https:\/\/www.europesays.com\/no\/120043\/"},"modified":"2025-12-23T00:59:08","modified_gmt":"2025-12-23T00:59:08","slug":"vi-trenger-gronland-nrk-urix-utenriksnyheter-og-dokumentarer","status":"publish","type":"post","link":"https:\/\/www.europesays.com\/no\/120043\/","title":{"rendered":"\u2013 Vi trenger Gr\u00f8nland \u2013 NRK Urix \u2013 Utenriksnyheter og -dokumentarer"},"content":{"rendered":"<p>Mandag kveld holdt president en pressekonferanse i Florida sammen med forsvarsminister Pete Hegseth og utenriksminister Marco Rubio om byggingen av to nye krigsskip.<\/p>\n<p>Der kom ogs\u00e5 Gr\u00f8nland opp, dagen etter at Trump utnevnte en spesialutsending for \u00f8ya.<\/p>\n<p>\u2013 Vi trenger det for \u00e5 beskytte nasjonen. Vi trenger Gr\u00f8nland for nasjonal beskyttelse. De har en veldig liten befolkning. De sier Danmark, men Danmark har ikke brukt penger. De har ikke milit\u00e6r beskyttelse, sa Trump til pressen.<\/p>\n<p><img decoding=\"async\"   src=\"data:image\/gif;base64,R0lGODlhAQABAIAAAAAAAP\/\/\/yH5BAEAAAAALAAAAAABAAEAAAIBRAA7\" loading=\"eager\" alt=\"Trump\" title=\"Foto: TASOS KATOPODIS \/ AFP \/ NTB\"\/><\/p>\n<p class=\"\">President Donald Trump, utenriksminister Marco Rubio, forsvarsminister Pete Hegseth, marineminister John Phelan kunngjorde hadde med seg en illustrasjon av et krigsskip med teksten \u00abTrump-klassen \u2013 USS Defiant\u00bb<\/p>\n<p>Foto: TASOS KATOPODIS \/ AFP \/ NTB<\/p>\n<p>\u2013 Russiske og kinesiske skip overalt<\/p>\n<p>Han understreket at \u00f8nsket om \u00e5 overta Gr\u00f8nland ikke har noe sammenheng med at \u00f8ya har store mengder mineraler.<\/p>\n<p>\u2013 Vi trenger Gr\u00f8nland for nasjonal sikkerhet. Ikke for mineraler. Vi har mange steder som har mineraler og olje. P\u00e5 Gr\u00f8nland har du russiske og kinesiske skip overalt. Vi trenger det for nasjonens sikkerhet, sier USAs president.<\/p>\n<p>    \u2190<\/p>\n<ul data-scroll-container=\"\" role=\"list\">\n<li><img alt=\"Kartet viser avstanden mellom Gr\u00f8nland og Danmark. \"  width=\"3840\" height=\"3836\" loading=\"lazy\"\/>Areal\n<p>Gr\u00f8nland er 50 ganger st\u00f8rre enn Danmark. Og ligger omkring 2100 kilometer fra Danmark.<\/p>\n<\/li>\n<li><img alt=\"Kong Frederik X og dronning Mary ankommer Igalku, Gr\u00f8nland, 5. juli 2024. \"  width=\"3840\" height=\"3840\" loading=\"lazy\"\/>Danmark\n<p>Gr\u00f8nland er et eget land, men er i riksfellesskap med Danmark og F\u00e6r\u00f8yene under den danske kongen. <\/p>\n<\/li>\n<li><img alt=\"Representanter fra parlamentet i Gr\u00f8nland g\u00e5r til \u00e5pningen av v\u00e5rmarkeringen i Nuuk, Gr\u00f8nland. Fredag 6. april 2021. \"  width=\"3840\" height=\"3842\" loading=\"lazy\"\/>Selvstyre\n<p>Inntil 1953 var Gr\u00f8nland en koloni under Danmark, men dette opph\u00f8rte 1979. Da ble Gr\u00f8nland et eget land, men med noen begrensinger.\u00a0 <\/p>\n<\/li>\n<li><img alt=\"En stridsvogn ved Pituffik basen p\u00e5 Gr\u00f8nland, 4. oktobe 2023. \"  width=\"3840\" height=\"3840\" loading=\"lazy\"\/>Politikk\n<p>Siden 2009 har Gr\u00f8nland styrt mer og mer av interne forhold. Men Danmark styrer fortsatt forsvars-, utenriks- og valutapolitikken.<\/p>\n<\/li>\n<li><img alt=\"En dame triller en barnevogn p\u00e5 Gr\u00f8nland, 27. juni 2022. \"  width=\"3840\" height=\"3842\" loading=\"lazy\"\/>\u00d8konomisk st\u00f8tte\n<p>Danmark gir Gr\u00f8nland 5 milliarder danske kroner \u00e5rlig. Pengene er avgj\u00f8rende for den gr\u00f8nlandske velferdsstaten.<\/p>\n<\/li>\n<li><img alt=\"Gr\u00f8nlendere i Aasiaat, Gr\u00f8nland. 29. juni 2024. \"  width=\"3840\" height=\"3840\" loading=\"lazy\"\/>Spr\u00e5k\n<p>Gr\u00f8nlandsk (kalaallisut) er det offisielle spr\u00e5ket p\u00e5 Gr\u00f8nland, men dansk er mye brukt, spesielt i utdanning og administrasjon.<\/p>\n<\/li>\n<\/ul>\n<p>\u2192<\/p>\n<p>Trumps \u00f8nske om \u00e5 overta Gr\u00f8nland har blitt m\u00f8tt med kalde skuldre i Danmark og p\u00e5 Gr\u00f8nland.<\/p>\n<p>Etter at det s\u00f8ndag ble klart at Trump har utnevnt Louisianas guvern\u00f8r Jeff Landry til spesialutsending til Gr\u00f8nland, ble USAs ambassad\u00f8r til Danmark kalt inn p\u00e5 teppet i K\u00f8benhavn.<\/p>\n<p>Avvises av Gr\u00f8nland og Danmark<\/p>\n<p>Gr\u00f8nlands statsminister Jens-Frederik Nielsen har svart p\u00e5 utnevnelsen med at \u00abGr\u00f8nland tilh\u00f8rer oss\u00bb og at det m\u00e5 respekteres.<\/p>\n<p>Danmarks utenriksminister Lars L\u00f8kke Rasmussen sa mandag at uttalelsene om \u00e5 innlemme Gr\u00f8nland i USA er \u00abuakseptable\u00bb<\/p>\n<p>B\u00e5de Norge og EU kom mandag med st\u00f8tteerkl\u00e6ringer til Danmark og Gr\u00f8nland.<\/p>\n<p>\u2013 Vi st\u00f8tter danske myndigheter fullt ut i denne saken, sier utenriksminister Espen Barth Eide (Ap).<\/p>\n<p>Publisert<\/p>\n<p>23.12.2025, kl. 01.26<\/p>\n<p>Oppdatert<\/p>\n<p>23.12.2025, kl. 01.36<\/p>\n","protected":false},"excerpt":{"rendered":"Mandag kveld holdt president en pressekonferanse i Florida sammen med forsvarsminister Pete Hegseth og utenriksminister Marco Rubio om&hellip;\n","protected":false},"author":2,"featured_media":120044,"comment_status":"","ping_status":"","sticky":false,"template":"","format":"standard","meta":{"footnotes":""},"categories":[5],"tags":[20,21,24,25,15,19,22,23,17,18,13,30,28,29,14,16,26,27],"class_list":{"0":"post-120043","1":"post","2":"type-post","3":"status-publish","4":"format-standard","5":"has-post-thumbnail","7":"category-overskrifter","8":"tag-breaking-news","9":"tag-breakingnews","10":"tag-featured-news","11":"tag-featurednews","12":"tag-headlines","13":"tag-hovedoppslag","14":"tag-latest-news","15":"tag-latestnews","16":"tag-main-news","17":"tag-mainnews","18":"tag-news","19":"tag-no","20":"tag-norge","21":"tag-norway","22":"tag-nyheter","23":"tag-overskrifter","24":"tag-top-stories","25":"tag-topstories"},"share_on_mastodon":{"url":"https:\/\/pubeurope.com\/@no\/115766176222374190","error":""},"_links":{"self":[{"href":"https:\/\/www.europesays.com\/no\/wp-json\/wp\/v2\/posts\/120043","targetHints":{"allow":["GET"]}}],"collection":[{"href":"https:\/\/www.europesays.com\/no\/wp-json\/wp\/v2\/posts"}],"about":[{"href":"https:\/\/www.europesays.com\/no\/wp-json\/wp\/v2\/types\/post"}],"author":[{"embeddable":true,"href":"https:\/\/www.europesays.com\/no\/wp-json\/wp\/v2\/users\/2"}],"replies":[{"embeddable":true,"href":"https:\/\/www.europesays.com\/no\/wp-json\/wp\/v2\/comments?post=120043"}],"version-history":[{"count":0,"href":"https:\/\/www.europesays.com\/no\/wp-json\/wp\/v2\/posts\/120043\/revisions"}],"wp:featuredmedia":[{"embeddable":true,"href":"https:\/\/www.europesays.com\/no\/wp-json\/wp\/v2\/media\/120044"}],"wp:attachment":[{"href":"https:\/\/www.europesays.com\/no\/wp-json\/wp\/v2\/media?parent=120043"}],"wp:term":[{"taxonomy":"category","embeddable":true,"href":"https:\/\/www.europesays.com\/no\/wp-json\/wp\/v2\/categories?post=120043"},{"taxonomy":"post_tag","embeddable":true,"href":"https:\/\/www.europesays.com\/no\/wp-json\/wp\/v2\/tags?post=120043"}],"curies":[{"name":"wp","href":"https:\/\/api.w.org\/{rel}","templated":true}]}}