{"id":120049,"date":"2025-12-23T01:47:07","date_gmt":"2025-12-23T01:47:07","guid":{"rendered":"https:\/\/www.europesays.com\/no\/120049\/"},"modified":"2025-12-23T01:47:07","modified_gmt":"2025-12-23T01:47:07","slug":"trump-gronland-trump-vi-ma-ha-gronland","status":"publish","type":"post","link":"https:\/\/www.europesays.com\/no\/120049\/","title":{"rendered":"Trump, Gr\u00f8nland | Trump: \u2013 Vi m\u00e5 ha Gr\u00f8nland"},"content":{"rendered":"\n<p>Trumps ambisjoner om \u00e5 ta over \u00f8ya. som er en del av det danske riksfellesskapet, ble aktualisert igjen i helgen da den amerikanske presidentens spesialutsending sa at han vil gj\u00f8re Gr\u00f8nland til en del av USA.<\/p>\n<p>\u2013 Det er en \u00e6re \u00e5 tjene deg i denne ul\u00f8nnede stillingen for \u00e5 gj\u00f8re Gr\u00f8nland til en del av USA, skrev Louisiana-guvern\u00f8r Jeff Landry p\u00e5 X i en takk til Trump for at han er utnevnt til spesialutsending.<\/p>\n<p>Les ogs\u00e5:\u00a0<a class=\"simple-relation related-teaser article--c-eRUmMG article--c-eRUmMG-fZoQSp-design-nettavisen article--c-eRUmMG-gwthdJ-cv\" href=\"https:\/\/www.nettavisen.no\/slar-trump-alarm-da-er-nato-ferdig\/s\/5-95-2793775\" rel=\"nofollow noopener\" target=\"_blank\">Sl\u00e5r Trump-alarm: \u2013 Da er Nato ferdig<\/a><\/p>\n<p>B\u00e5de Danmark og Gr\u00f8nland gikk raskt ut og gjentok det som hele veien har v\u00e6rt deres standpunkt, nemlig at det er uaktuelt \u00e5 la amerikanerne overta \u00f8ya.<\/p>\n<p>\u2013 Landegrenser og statenes suverenitet er rotfestet i folkeretten. Det er fundamentale prinsipper, het det i en felles uttalelse fra Danmarks statsminister Mette Frederiksen og den gr\u00f8nlandske regjeringssjefen Jens-Frederik Nielsen.<\/p>\n<p>Les ogs\u00e5:\u00a0<a class=\"simple-relation related-teaser article--c-eRUmMG article--c-eRUmMG-fZoQSp-design-nettavisen article--c-eRUmMG-gwthdJ-cv\" href=\"https:\/\/www.nettavisen.no\/gronlands-regjeringssjef-vi-bestemmer-var-egen-fremtid\/s\/5-95-2793437\" rel=\"nofollow noopener\" target=\"_blank\">Gr\u00f8nlands regjeringssjef: \u2013 Vi bestemmer v\u00e5r egen fremtid<\/a><\/p>\n<p>B\u00e5de Norge og EU st\u00f8tter denne linjen.<\/p>\n<p>\u2013 Gr\u00f8nland er en del av Kongeriket Danmark. Vi st\u00f8tter danske myndigheter fullt ut i denne saken, sa Norges utenriksminister Espen Barth Eide (Ap) til NTB mandag formiddag.<\/p>\n<p>(\u00a9NTB)<\/p>\n","protected":false},"excerpt":{"rendered":"Trumps ambisjoner om \u00e5 ta over \u00f8ya. som er en del av det danske riksfellesskapet, ble aktualisert igjen&hellip;\n","protected":false},"author":2,"featured_media":120050,"comment_status":"","ping_status":"","sticky":false,"template":"","format":"standard","meta":{"footnotes":""},"categories":[12],"tags":[20,21,24,25,15,22,23,13,30,28,29,14,16,26,27,42,43,44,45],"class_list":{"0":"post-120049","1":"post","2":"type-post","3":"status-publish","4":"format-standard","5":"has-post-thumbnail","7":"category-verden","8":"tag-breaking-news","9":"tag-breakingnews","10":"tag-featured-news","11":"tag-featurednews","12":"tag-headlines","13":"tag-latest-news","14":"tag-latestnews","15":"tag-news","16":"tag-no","17":"tag-norge","18":"tag-norway","19":"tag-nyheter","20":"tag-overskrifter","21":"tag-top-stories","22":"tag-topstories","23":"tag-verden","24":"tag-world","25":"tag-world-news","26":"tag-worldnews"},"share_on_mastodon":{"url":"https:\/\/pubeurope.com\/@no\/115766365146161431","error":""},"_links":{"self":[{"href":"https:\/\/www.europesays.com\/no\/wp-json\/wp\/v2\/posts\/120049","targetHints":{"allow":["GET"]}}],"collection":[{"href":"https:\/\/www.europesays.com\/no\/wp-json\/wp\/v2\/posts"}],"about":[{"href":"https:\/\/www.europesays.com\/no\/wp-json\/wp\/v2\/types\/post"}],"author":[{"embeddable":true,"href":"https:\/\/www.europesays.com\/no\/wp-json\/wp\/v2\/users\/2"}],"replies":[{"embeddable":true,"href":"https:\/\/www.europesays.com\/no\/wp-json\/wp\/v2\/comments?post=120049"}],"version-history":[{"count":0,"href":"https:\/\/www.europesays.com\/no\/wp-json\/wp\/v2\/posts\/120049\/revisions"}],"wp:featuredmedia":[{"embeddable":true,"href":"https:\/\/www.europesays.com\/no\/wp-json\/wp\/v2\/media\/120050"}],"wp:attachment":[{"href":"https:\/\/www.europesays.com\/no\/wp-json\/wp\/v2\/media?parent=120049"}],"wp:term":[{"taxonomy":"category","embeddable":true,"href":"https:\/\/www.europesays.com\/no\/wp-json\/wp\/v2\/categories?post=120049"},{"taxonomy":"post_tag","embeddable":true,"href":"https:\/\/www.europesays.com\/no\/wp-json\/wp\/v2\/tags?post=120049"}],"curies":[{"name":"wp","href":"https:\/\/api.w.org\/{rel}","templated":true}]}}