{"id":120051,"date":"2025-12-23T01:48:16","date_gmt":"2025-12-23T01:48:16","guid":{"rendered":"https:\/\/www.europesays.com\/no\/120051\/"},"modified":"2025-12-23T01:48:16","modified_gmt":"2025-12-23T01:48:16","slug":"kronprinsesse-mette-marit-kronprins-haakon-kongefamiliens-skandalear-mette-marit-tyst-i-hele-2025","status":"publish","type":"post","link":"https:\/\/www.europesays.com\/no\/120051\/","title":{"rendered":"Kronprinsesse Mette-Marit, Kronprins Haakon | Kongefamiliens skandale\u00e5r: Mette-Marit tyst i hele 2025"},"content":{"rendered":"\n<p>Etter et 2024 kongefamilien kanskje helst skulle lagt bak seg, ble ogs\u00e5 2025 preget av flere utfordrende situasjoner.<\/p>\n<p>Saken som preget kongefamilien mest i fjor, har holdt f\u00f8lge med dem ogs\u00e5 gjennom 2025.<\/p>\n<p><b>Les ogs\u00e5: <a href=\"https:\/\/www.nettavisen.no\/kjendis\/prinsesse-m-rtha-louise-54-deler-julebilder-fra-utlandet-ta-vare-pa-hverandre\/s\/5-95-2792932\" rel=\"Follow nofollow noopener\" target=\"_blank\">Deler julebilder fra utlandet<\/a><\/b><\/p>\n<p>I august ble tiltalen mot Marius Borg H\u00f8iby, kronprinsesse Mette-Marits s\u00f8nn, klar. Den omfatter 32 punkter, deriblant sovevoldtekt, mishandling i n\u00e6re relasjoner og grov kroppskrenkelse. H\u00f8iby har erkjent delvis straffskyld for forholdene som gjelder \u00e9n av de forn\u00e6rmede, i tillegg til forholdene som gjelder brudd p\u00e5 vegtrafikkloven, men nekter straffskyld for resten av tiltalen.<\/p>\n<p>Rettssaken starter i februar. Til tross for den massive medieoppmerksomheten, har resten av familien v\u00e6rt ordknappe om saken mot H\u00f8iby.<\/p>\n<p>    Vil du se neste video?<\/p>\n<p>    <a href=\"https:\/\/www.nettavisen.no\/kjendis\/spekulerer-om-kongefamiliens-jul-kanskje-marius-bare-far-n-gave\/v\/5-95-2783430\" class=\"recommend-poster\" data-adp-clicklabel=\"video-recommend\" data-adp-clickvalue=\"poster\" rel=\"nofollow noopener\" target=\"_blank\"><br \/>\n      <img decoding=\"async\" width=\"200\" height=\"200\" loading=\"lazy\" src=\"https:\/\/www.europesays.com\/no\/wp-content\/uploads\/2025\/12\/kongefamilien_NTB_RgU2kLPmeTs+copy.jpg\" alt=\"\" class=\"brick-c-cFOWSL\" style=\"--brick-image-ratio: 200 \/ 200;\"\/><\/p>\n<p>Spekulerer: \u2013 Kanskje Marius bare f\u00e5r \u00e9n gave?2:37<\/p>\n<p>    <\/a><\/p>\n<p>Mette-Marit tyst i hele 2025<\/p>\n<p>Dagen etter den ble kjent, sa imidlertid kronprins Haakon:<\/p>\n<p>\u2013 N\u00e5 er det avklart hva tiltalen blir. N\u00e5 skal dette g\u00e5 videre i domstolen, som skal avgj\u00f8re hvordan dette blir til slutt.<\/p>\n<p>    Vil du se neste video?<\/p>\n<p>    <a href=\"https:\/\/www.nettavisen.no\/nyheter\/ville-donald-trump-spekulasjoner-det-er-noe-galt\/v\/5-95-2784982\" class=\"recommend-poster\" data-adp-clicklabel=\"video-recommend\" data-adp-clickvalue=\"poster\" rel=\"nofollow noopener\" target=\"_blank\"><br \/>\n      <img decoding=\"async\" width=\"200\" height=\"200\" loading=\"lazy\" src=\"https:\/\/www.europesays.com\/no\/wp-content\/uploads\/2025\/12\/Forvirret+Trump+2.jpg\" alt=\"\" class=\"brick-c-cFOWSL\" style=\"--brick-image-ratio: 200 \/ 200;\"\/><\/p>\n<p>Ville Trump-spekulasjoner: \u2013 Det er noe galt0:57<\/p>\n<p>    <\/a><\/p>\n<p>N\u00e5r han ble spurt om hvordan det hele har p\u00e5virket kronprinsfamilien, svarte han:<\/p>\n<p>\u2013 Vi fortsetter \u00e5 l\u00f8se de oppgavene som vi har, p\u00e5 best mulig m\u00e5te. Det er det vi har fokus p\u00e5. Alle de involverte i den saken her synes nok dette er utfordrende og vanskelig, sa han.<\/p>\n<p>Kronprinsessen har gjennom \u00e5ret ikke villet si noe om saken mot s\u00f8nnen.<\/p>\n<p><b>Les ogs\u00e5: <a href=\"https:\/\/www.nettavisen.no\/kjendis\/nrk-bekrefter-marius-borg-hoiby-blir-tatt-opp-i-aret-med-kongefamilien\/s\/5-95-2790808\" rel=\"Follow nofollow noopener\" target=\"_blank\">NRK bekrefter: H\u00f8iby blir tatt opp i \u00ab\u00c5ret med kongefamilien\u00bb<\/a><\/b><\/p>\n<p>Lungerehabilitering og -transplantasjon<\/p>\n<p>Kronprinsesse Mette-Marit har ogs\u00e5 hatt sitt eget \u00e5 stri med i \u00e5r: I september ble det kjent at hun skulle gjennomf\u00f8re en m\u00e5neds lungerehabilitering i oktober, og derfor ikke skulle utf\u00f8re noen offisielle oppdrag.<\/p>\n<p>Mette-Marit lider av en sjelden variant av kronisk lungefibrose. Og rett f\u00f8r jul kom en enda mer dramatisk beskjed: Kronprinsessen forberedes p\u00e5 lungetransplantasjon.<\/p>\n<p>    Vil du se neste video?<\/p>\n<p>    <a href=\"https:\/\/www.nettavisen.no\/nyheter\/ville-donald-trump-spekulasjoner-det-er-noe-galt\/v\/5-95-2784982\" class=\"recommend-poster\" data-adp-clicklabel=\"video-recommend\" data-adp-clickvalue=\"poster\" rel=\"nofollow noopener\" target=\"_blank\"><br \/>\n      <img decoding=\"async\" width=\"200\" height=\"200\" loading=\"lazy\" src=\"https:\/\/www.europesays.com\/no\/wp-content\/uploads\/2025\/12\/Forvirret+Trump+2.jpg\" alt=\"\" class=\"brick-c-cFOWSL\" style=\"--brick-image-ratio: 200 \/ 200;\"\/><\/p>\n<p>Ville Trump-spekulasjoner: \u2013 Det er noe galt0:57<\/p>\n<p>    <\/a><\/p>\n<p>\u2013 Jeg har jo hele tiden h\u00e5pet at vi skulle greie \u00e5 holde sykdommen i sjakk med medisiner, og utviklingen har egentlig g\u00e5tt ganske sakte fram til n\u00e5. Men n\u00e5 har utviklingen g\u00e5tt raskere enn b\u00e5de jeg og legene hadde h\u00e5pet p\u00e5, sier kronprinsessen til <a href=\"https:\/\/www.nrk.no\/norge\/kronprinsessen-apen-om-dramatisk-forverring-av-sykdommen_-_-har-gatt-raskere-enn-jeg-hadde-hapet-1.17699020\" rel=\"nofollow noopener\" target=\"_blank\">NRKs \u00ab\u00c5ret med kongefamilien\u00bb<\/a>.<\/p>\n<p>Hun sier hun har brukt mye av \u00e5ret p\u00e5 Jessheim eller p\u00e5 Rikshospitalet for \u00e5 ta nye tester.<\/p>\n<p>\u2013 Og s\u00e5 har vi hatt en del samtaler i h\u00f8st om lungetransplantasjon. Det er det som er nytt, at vi begynner \u00e5 n\u00e6rme oss det steget.<\/p>\n<p><b>Les ogs\u00e5: <a href=\"https:\/\/www.nettavisen.no\/kjendis\/svenske-kommentator-bekmorkt-for-den-norske-kongefamilien\/s\/5-95-2790422\" rel=\"Follow nofollow noopener\" target=\"_blank\">\u2013 Ikke til \u00e5 undres over om kong Harald slipper ut et aldri s\u00e5 lite \u00abhelvete\u00bb<\/a><\/b><\/p>\n<p>Dokumentar og sp\u00f8k<\/p>\n<p>Omtrent samtidig som nyheten om kronprinsessens rehabilitering, kom ogs\u00e5 den lenge varslede dokumentaren om prinsesse M\u00e4rtha Louise og ektemannen Durek Verrett. Den vakte sterke reaksjoner \u2013 ogs\u00e5 fra Slottet.<\/p>\n<p>Parets involvering i dokumentaren er et brudd p\u00e5 avtalen de har med kongehuset om \u00e5 ikke bruke prinsessetittelen i kommersiell virksomhet, var beskjeden. Prinsesse M\u00e4rtha Louise og Durek Verrett sa i en uttalelse at de s\u00e5 alvoret i situasjonen og viktigheten av \u00e5 ivareta integriteten i avtalen, men at ogs\u00e5 de har rett til \u00e5 fortelle sin historie.<\/p>\n<p>Igjen ble likevel ble hvorvidt M\u00e4rtha Louise i det hele tatt b\u00f8r ha prinsessetittelen et tema, selv om kong Harald understreket at det ikke var det i kongehuset.<\/p>\n<p>    Vil du se neste video?<\/p>\n<p>    <a href=\"https:\/\/www.nettavisen.no\/kjendis\/kongefamilien-i-2026-et-morkt-teppe-over-det-nye-aret\/v\/5-95-2790490\" class=\"recommend-poster\" data-adp-clicklabel=\"video-recommend\" data-adp-clickvalue=\"poster\" rel=\"nofollow noopener\" target=\"_blank\"><br \/>\n      <img decoding=\"async\" width=\"200\" height=\"200\" loading=\"lazy\" src=\"https:\/\/www.europesays.com\/no\/wp-content\/uploads\/2025\/12\/Kongefamilien_NTB_2G8agX_wppY+copy.jpg\" alt=\"\" class=\"brick-c-cFOWSL\" style=\"--brick-image-ratio: 200 \/ 200;\"\/><\/p>\n<p>Kongefamilien i 2026: \u2013 Et m\u00f8rkt teppe over det nye \u00e5ret1:06:31<\/p>\n<p>    <\/a><\/p>\n<p>Siden sp\u00f8kte kongen med dokumentaren under en tale i oktober.<\/p>\n<p>\u2013 Vi har registrert en viss oppmerksomhet rundt en film i h\u00f8st, innledet kongen om dokumentarfilmen \u00abRebel Royals: An Unlikely Love Story\u00bb, sa han.<\/p>\n<p>\u2013 Vi har vurdert en oppf\u00f8lger, og synes kanskje at \u00abKongen minutt for minutt\u00bb er den beste ideen s\u00e5 langt. Jeg kan ikke love at den blir sv\u00e6rt rebelsk, men tror likevel den kan n\u00e5 mange, siden den ogs\u00e5 kan fungere lett s\u00f8vndyssende, fortsatte han.<\/p>\n<p><b>Les ogs\u00e5: <a href=\"https:\/\/www.nettavisen.no\/kjendis\/mette-marit-skal-opereres\/s\/5-95-2789044\" rel=\"Follow nofollow noopener\" target=\"_blank\">Dramatisk forverring: Forberedes p\u00e5 lungeoperasjon<\/a><\/b><\/p>\n<p>Pacemaker<\/p>\n<p>Med det \u00f8kte fokuset p\u00e5 de \u00abyngre\u00bb, har kong Harald og dronning Sonja hatt birollene i kongefamiliens 2025.<\/p>\n<p>Helt stille har det ikke v\u00e6rt: Konge\u00e5ret startet med at dronning Sonja fikk innlagt en pacemaker som f\u00f8lge av hjerteflimmer.<\/p>\n<p>Inngrepet var vellykket, og dronningen var tilbake p\u00e5 jobb i begynnelsen av februar. Men andre p\u00e5skedag ble hun igjen innlagt p\u00e5 sykehus, denne gangen p\u00e5 grunn av tung pust. Innleggelsen var ikke langvarig og hun ble skrevet ut dagen etter \u2013 og en uke senere var hun igjen tilbake p\u00e5 jobb.<\/p>\n<p>Kongen feiret i februar for f\u00f8rste gang p\u00e5 flere \u00e5r bursdagen sin hjemme i Norge. Han ble da 88 \u00e5r, men til tross for alderen har han og dronningen hatt et tett program der de blant annet var p\u00e5 ski-VM i Trondheim.<\/p>\n<p>    Vil du se neste video?<\/p>\n<p>    <a href=\"https:\/\/www.nettavisen.no\/nyheter\/ville-donald-trump-spekulasjoner-det-er-noe-galt\/v\/5-95-2784982\" class=\"recommend-poster\" data-adp-clicklabel=\"video-recommend\" data-adp-clickvalue=\"poster\" rel=\"nofollow noopener\" target=\"_blank\"><br \/>\n      <img decoding=\"async\" width=\"200\" height=\"200\" loading=\"lazy\" src=\"https:\/\/www.europesays.com\/no\/wp-content\/uploads\/2025\/12\/Forvirret+Trump+2.jpg\" alt=\"\" class=\"brick-c-cFOWSL\" style=\"--brick-image-ratio: 200 \/ 200;\"\/><\/p>\n<p>Ville Trump-spekulasjoner: \u2013 Det er noe galt0:57<\/p>\n<p>    <\/a><\/p>\n<p>Tur til nord<\/p>\n<p>P\u00e5 starten av sommeren dro kongeparet p\u00e5 en flere dager lang tur til Svalbard, hvor de blant annet bes\u00f8kte Bj\u00f8rn\u00f8ya.<\/p>\n<p>\u2013 Dronningen og jeg er sv\u00e6rt glade for \u00e5 v\u00e6re i denne unike delen av Norge. For Svalbard er en viktig del av Norge, og dermed viktig for oss alle, sa kong Harald under turen.<\/p>\n<p>Det var aller f\u00f8rste gang noen fra dagens kongefamilie bes\u00f8kte Bj\u00f8rn\u00f8ya, som ligger omtrent midt mellom Spitsbergen og fastlandet, og har ni fastboende.<\/p>\n<p>\u2013 Dette er en del av Norge. Derfor er vi her, slo kongen fast under bes\u00f8ket.<\/p>\n<p><b>Les ogs\u00e5: <a href=\"https:\/\/www.nettavisen.no\/nyheter\/disse-mediene-skal-dekke-hoiby-rettssaken\/s\/5-95-2763229\" rel=\"Follow nofollow noopener\" target=\"_blank\">Disse mediene skal dekke H\u00f8iby-rettssaken<\/a><\/b><\/p>\n<p>De yngste i utlandet<\/p>\n<p>For de helt yngste i kongefamilien har det v\u00e6rt et \u00e5r med store endringer.<\/p>\n<p>Prinsesse Ingrid Alexandra dimitterte fra f\u00f8rstegangstjenesten i april, og i august flyttet hun til Sydney i Australia for \u00e5 studere.<\/p>\n<p>\u2013 Jeg f\u00f8ler meg fri som student, jeg f\u00f8ler absolutt at jeg kan v\u00e6re meg selv, sa prinsessen til NRK fra Australia.<\/p>\n<p>Prins Sverre Magnus har etter at han ble ferdig med videreg\u00e5ende i fjor flyttet til Trondheim, og i \u00e5r har han brukt tid p\u00e5 \u00e5 reise \u2013 i tillegg til at han har startet et eget film- og fotoproduksjonsselskap. I oktober bekreftet Slottet at han er for tiden er i Italia.<\/p>\n","protected":false},"excerpt":{"rendered":"Etter et 2024 kongefamilien kanskje helst skulle lagt bak seg, ble ogs\u00e5 2025 preget av flere utfordrende situasjoner.&hellip;\n","protected":false},"author":2,"featured_media":120052,"comment_status":"","ping_status":"","sticky":false,"template":"","format":"standard","meta":{"footnotes":""},"categories":[10],"tags":[20,21,24,25,15,22,23,13,30,28,29,14,16,26,27],"class_list":{"0":"post-120051","1":"post","2":"type-post","3":"status-publish","4":"format-standard","5":"has-post-thumbnail","7":"category-norge","8":"tag-breaking-news","9":"tag-breakingnews","10":"tag-featured-news","11":"tag-featurednews","12":"tag-headlines","13":"tag-latest-news","14":"tag-latestnews","15":"tag-news","16":"tag-no","17":"tag-norge","18":"tag-norway","19":"tag-nyheter","20":"tag-overskrifter","21":"tag-top-stories","22":"tag-topstories"},"share_on_mastodon":{"url":"https:\/\/pubeurope.com\/@no\/115766369203680636","error":""},"_links":{"self":[{"href":"https:\/\/www.europesays.com\/no\/wp-json\/wp\/v2\/posts\/120051","targetHints":{"allow":["GET"]}}],"collection":[{"href":"https:\/\/www.europesays.com\/no\/wp-json\/wp\/v2\/posts"}],"about":[{"href":"https:\/\/www.europesays.com\/no\/wp-json\/wp\/v2\/types\/post"}],"author":[{"embeddable":true,"href":"https:\/\/www.europesays.com\/no\/wp-json\/wp\/v2\/users\/2"}],"replies":[{"embeddable":true,"href":"https:\/\/www.europesays.com\/no\/wp-json\/wp\/v2\/comments?post=120051"}],"version-history":[{"count":0,"href":"https:\/\/www.europesays.com\/no\/wp-json\/wp\/v2\/posts\/120051\/revisions"}],"wp:featuredmedia":[{"embeddable":true,"href":"https:\/\/www.europesays.com\/no\/wp-json\/wp\/v2\/media\/120052"}],"wp:attachment":[{"href":"https:\/\/www.europesays.com\/no\/wp-json\/wp\/v2\/media?parent=120051"}],"wp:term":[{"taxonomy":"category","embeddable":true,"href":"https:\/\/www.europesays.com\/no\/wp-json\/wp\/v2\/categories?post=120051"},{"taxonomy":"post_tag","embeddable":true,"href":"https:\/\/www.europesays.com\/no\/wp-json\/wp\/v2\/tags?post=120051"}],"curies":[{"name":"wp","href":"https:\/\/api.w.org\/{rel}","templated":true}]}}