{"id":120053,"date":"2025-12-23T01:55:14","date_gmt":"2025-12-23T01:55:14","guid":{"rendered":"https:\/\/www.europesays.com\/no\/120053\/"},"modified":"2025-12-23T01:55:14","modified_gmt":"2025-12-23T01:55:14","slug":"brann-pa-sofienberg","status":"publish","type":"post","link":"https:\/\/www.europesays.com\/no\/120053\/","title":{"rendered":"Brann p\u00e5 Sofienberg"},"content":{"rendered":"\n<p>Mandag kveld klokken 20.43 melder operasjonsleder i politiet, Eirik Sannes, at det har brutt ut brann i en byg\u00e5rd.<\/p>\n<p>\u2013 Brannalarmen er utl\u00f8st og der er meldt om \u00e5pne flammer. Situasjonen er uavklart.<\/p>\n<p>   <img decoding=\"async\" width=\"8192\" height=\"5464\" fetchpriority=\"low\"  loading=\"lazy\"  src=\"https:\/\/www.europesays.com\/no\/wp-content\/uploads\/2025\/12\/1fbc6392-931b-4853-870e-55f5affff69e\" alt=\"\" class=\"brick-c-cFOWSL\" style=\"--brick-image-ratio: 8192 \/ 5464;\"\/><\/p>\n<p>      Byg\u00e5rden det brant i, er fra 1890-tallet.<br \/>\n      Foto: Christian Fredrik Borg \/ Avisa Oslo\n    <\/p>\n<p>Vaktkommand\u00f8r i 110-sentralen, Ola Klaklegg, forteller kort tid etter at de har ankommet stedet.<\/p>\n<p>\u2013 Vi pr\u00f8ver \u00e5 komme oss opp i leiligheten hvor brannalarmen har g\u00e5tt, men vi har ikke f\u00e5tt bekreftet brann.<\/p>\n<p>Arve R\u00f8tterud, innsatsleder i politiet, forteller at en del ressurser fra helsevesen, brannvesen og politi rykket ut til byg\u00e5rden. <\/p>\n<p>   <img decoding=\"async\" width=\"8192\" height=\"5464\" fetchpriority=\"low\"  loading=\"lazy\"  src=\"https:\/\/www.europesays.com\/no\/wp-content\/uploads\/2025\/12\/51e1d90c-f4cb-4be2-9621-4870e7719fe1\" alt=\"\" class=\"brick-c-cFOWSL\" style=\"--brick-image-ratio: 8192 \/ 5464;\"\/><\/p>\n<p>      Innsatsleder Arve R\u00f8tterud.<br \/>\n      Foto: Christian Fredrik Borg \/ Avisa Oslo\n    <\/p>\n<p>Noen skal nemlig ha sett flammer i vinduene.<\/p>\n<p><b>\u2013 Det viste seg \u00e5 bare v\u00e6re en juledekorasjon. Det var litt varme i den som gjorde at den slo ut.<\/b><\/p>\n<p>Politiet skal deretter ha begynt med evakuering av beboere, noe de raskt kunne avslutte.<\/p>\n<p>\u2013 Vi har ikke hatt noen oppdrag som dette tidligere i kveld, men det er tiden for at man m\u00e5 regne med at vi f\u00e5r mer med slikt \u00e5 gj\u00f8re. Vi f\u00e5r h\u00e5pe folk har g\u00e5tt over til elektriske juledekorasjoner med batteri, fastsl\u00e5r han.<\/p>\n<p>En liten time etter hendelsen ble meldt forteller operasjonsleder Sannes at brannvesenet har fullf\u00f8rt utlufting av bygget.<\/p>\n<p>\u2013 Vi har gjort v\u00e5re unders\u00f8kelser og oppretter en sak.<\/p>\n","protected":false},"excerpt":{"rendered":"Mandag kveld klokken 20.43 melder operasjonsleder i politiet, Eirik Sannes, at det har brutt ut brann i en&hellip;\n","protected":false},"author":2,"featured_media":120054,"comment_status":"","ping_status":"","sticky":false,"template":"","format":"standard","meta":{"footnotes":""},"categories":[10],"tags":[36,20,21,24,25,15,22,23,13,30,28,29,14,16,1510,26,27],"class_list":{"0":"post-120053","1":"post","2":"type-post","3":"status-publish","4":"format-standard","5":"has-post-thumbnail","7":"category-norge","8":"tag-art","9":"tag-breaking-news","10":"tag-breakingnews","11":"tag-featured-news","12":"tag-featurednews","13":"tag-headlines","14":"tag-latest-news","15":"tag-latestnews","16":"tag-news","17":"tag-no","18":"tag-norge","19":"tag-norway","20":"tag-nyheter","21":"tag-overskrifter","22":"tag-story","23":"tag-top-stories","24":"tag-topstories"},"share_on_mastodon":{"url":"https:\/\/pubeurope.com\/@no\/115766396541814995","error":""},"_links":{"self":[{"href":"https:\/\/www.europesays.com\/no\/wp-json\/wp\/v2\/posts\/120053","targetHints":{"allow":["GET"]}}],"collection":[{"href":"https:\/\/www.europesays.com\/no\/wp-json\/wp\/v2\/posts"}],"about":[{"href":"https:\/\/www.europesays.com\/no\/wp-json\/wp\/v2\/types\/post"}],"author":[{"embeddable":true,"href":"https:\/\/www.europesays.com\/no\/wp-json\/wp\/v2\/users\/2"}],"replies":[{"embeddable":true,"href":"https:\/\/www.europesays.com\/no\/wp-json\/wp\/v2\/comments?post=120053"}],"version-history":[{"count":0,"href":"https:\/\/www.europesays.com\/no\/wp-json\/wp\/v2\/posts\/120053\/revisions"}],"wp:featuredmedia":[{"embeddable":true,"href":"https:\/\/www.europesays.com\/no\/wp-json\/wp\/v2\/media\/120054"}],"wp:attachment":[{"href":"https:\/\/www.europesays.com\/no\/wp-json\/wp\/v2\/media?parent=120053"}],"wp:term":[{"taxonomy":"category","embeddable":true,"href":"https:\/\/www.europesays.com\/no\/wp-json\/wp\/v2\/categories?post=120053"},{"taxonomy":"post_tag","embeddable":true,"href":"https:\/\/www.europesays.com\/no\/wp-json\/wp\/v2\/tags?post=120053"}],"curies":[{"name":"wp","href":"https:\/\/api.w.org\/{rel}","templated":true}]}}