{"id":120055,"date":"2025-12-23T02:22:17","date_gmt":"2025-12-23T02:22:17","guid":{"rendered":"https:\/\/www.europesays.com\/no\/120055\/"},"modified":"2025-12-23T02:22:17","modified_gmt":"2025-12-23T02:22:17","slug":"tidspunktet-virker-ikke-tilfeldig","status":"publish","type":"post","link":"https:\/\/www.europesays.com\/no\/120055\/","title":{"rendered":"\u2013 Tidspunktet virker ikke tilfeldig"},"content":{"rendered":"\n<p class=\"_lead_o9xde_2 _lead_xtcu6_50 layout-component text-serif-m layout-normal text-serif-l layout-component layout-wide layout-padded _wide_17hqh_1 layout-padded\">Fanil Sarvarov er den tredje russiske generalen som d\u00f8r i en bilbombe p\u00e5 ett \u00e5r.<\/p>\n<p><img alt=\" Foto: Russisk forsvarsdepartement \/ Russlands etterforskningskomit\u00e9 \/ Reuters \/ NTB\" class=\"_image_qp4xg_65 layout-component layout-wide\" data-fullscreen- data-track-element-type=\"Article image fullscreen\" data-track-name=\"ImageFullscreen\" fetchpriority=\"high\" decoding=\"sync\" loading=\"eager\" height=\"1668\" itemprop=\"image\"  src=\"https:\/\/www.europesays.com\/no\/wp-content\/uploads\/2025\/12\/6c1f73dc-5c8f-47de-bee2-3c7ccb5ca9d5\"  style=\"object-position:0% 0%\" width=\"2500\"\/> Foto: Russisk forsvarsdepartement \/ Russlands etterforskningskomit\u00e9 \/ Reuters \/ NTB<\/p>\n<ul aria-hidden=\"true\" class=\"_images_ntbth_112\">\n<li><a class=\"_link_ntbth_117\" href=\"https:\/\/www.vg.no\/forfatter\/isak-loeve-pilskog-loe\" style=\"z-index:1\" title=\"Isak L\u00f8ve Pilskog Loe\" rel=\"nofollow noopener\" target=\"_blank\"><img alt=\"Bilde av Isak L\u00f8ve Pilskog Loe\" class=\"_image_ntbth_93\" fetchpriority=\"low\" loading=\"lazy\" decoding=\"async\" itemprop=\"image\"  src=\"https:\/\/www.europesays.com\/no\/wp-content\/uploads\/2025\/12\/1766456533_56_8b0354e3-bf53-460c-9c1c-790321a0c923\"  width=\"480\"\/><\/a><\/li>\n<\/ul>\n<p> Oppdatert tirsdag 23. desember kl. 02:51    <\/p>\n<ul class=\"_list_o9xde_3 _list_64s2r_85 _unordered_o9xde_106 text-sans-m\">\n<li class=\"_item_o9xde_30\">Generalmajor Fanil Sarvarov er den tredje russiske generalen som d\u00f8r i en bilbombe p\u00e5 ett \u00e5r.<\/li>\n<li class=\"_item_o9xde_30\">Bomben eksploderte under bilen hans i Moskva mandag morgen.<\/li>\n<li class=\"_item_o9xde_30\">Russiske etterforskere mistenker ukrainske spesialstyrker for \u00e5 st\u00e5 bak drapet.<\/li>\n<li class=\"_item_o9xde_30\">Drapet skjedde samtidig med amerikanske fredsforhandlinger om krigen i Ukraina.<\/li>\n<\/ul>\n<p>Vis mer <\/p>\n<p class=\"_paragraph_o9xde_4 _paragraph_xtcu6_10 layout-component text-serif-m layout-normal text-serif-m layout-padded\">Den russiske generalen ble drept i Moskva mandag morgen da en <a href=\"https:\/\/www.vg.no\/nyheter\/i\/8pmqdQ\/russisk-general-drept-i-bileksplosjon-i-moskva\" data-track-element-type=\"Link\" data-track-id=\"link:8pmqdQ\" class=\"_link_o9xde_39\" rel=\"nofollow noopener\" target=\"_blank\">bombe eksploderte under bilen hans<\/a>, opplyser Russlands etterforskningskomit\u00e9 (ICRF).<\/p>\n<p class=\"_paragraph_o9xde_4 _paragraph_xtcu6_10 layout-component text-serif-m layout-normal text-serif-m layout-padded\">Generalmajor Fanil Sarvarov (56) ledet avdelingen for operativ forberedelse i den russiske generalstaben og d\u00f8de av skadene han fikk i eksplosjonen.<\/p>\n<p class=\"_paragraph_o9xde_4 _paragraph_xtcu6_10 layout-component text-serif-m layout-normal text-serif-m layout-padded\">Bomben var plassert under bunnen av bilen hans i Jasenevaja-gaten i Moskva, skriver ICRF.<\/p>\n<p class=\"_paragraph_o9xde_4 _paragraph_xtcu6_10 layout-component text-serif-m layout-normal text-serif-m layout-padded\">Sarvarov er den tredje russiske generalen som d\u00f8r i bilbombe p\u00e5 ett \u00e5r.<\/p>\n<p>Kritisk tidspunkt<\/p>\n<p class=\"_paragraph_o9xde_4 _paragraph_xtcu6_10 layout-component text-serif-m layout-normal text-serif-m layout-padded\">\u2013 Tidspunktet virker ikke tilfeldig, skriver Sky News\u2019 Moskva-korrespondent Ivor Bennett.<\/p>\n<p class=\"_paragraph_o9xde_4 _paragraph_xtcu6_10 layout-component text-serif-m layout-normal text-serif-m layout-padded\">Han peker p\u00e5 at drapet p\u00e5 Sarvarov skjedde samtidig med amerikanske fredsforhandlinger, der Trump-administrasjonen presser p\u00e5 for en avtale som kan f\u00f8r til en slutt p\u00e5 <a href=\"https:\/\/www.vg.no\/tag\/invasjonen-av-ukraina?utm_source=vg-article&amp;utm_medium=auto-tagger&amp;utm_campaign=2pGvdv\" class=\"_link_o9xde_39\" rel=\"nofollow noopener\" target=\"_blank\">krigen i Ukraina<\/a>.<\/p>\n<p class=\"_paragraph_o9xde_4 _paragraph_xtcu6_10 layout-component text-serif-m layout-normal text-serif-m layout-padded\">I helgen fortsatte samtalene om amerikanernes fredsforslag, med m\u00f8ter mellom amerikanske, ukrainske og europeiske tjenestepersoner i Florida.<\/p>\n<p class=\"_paragraph_o9xde_4 _paragraph_xtcu6_10 layout-component text-serif-m layout-normal text-serif-m layout-padded\">Samtidig m\u00f8tte den amerikanske delegasjonen, ledet av forretningsmannen Steve Witkoff, Russlands Kirill Dmitrijev, sjef for landets statlige investeringsfond.<\/p>\n<p class=\"_root_1xq52_1\" lang=\"en\" dir=\"auto\">Thank you, Miami. <\/p>\n<p>Next time: Moscow. \ud83d\udd4a\ufe0f <\/p>\n<p class=\"_paragraph_o9xde_4 _paragraph_xtcu6_10 layout-component text-serif-m layout-normal text-serif-m layout-padded\">\u2013 Tidligere har Ukraina brukt slike angrep til \u00e5 sette Moskva i forlegenhet og til \u00e5 gj\u00f8re krigen mer n\u00e6rv\u00e6rende for den russiske befolkningen, skriver <a href=\"https:\/\/news.sky.com\/story\/timing-of-russian-generals-assassination-appears-significant-13486701\" class=\"_link_o9xde_39\" rel=\"nofollow noopener\" target=\"_blank\">Sky News<\/a>\u2019 Bennett.<\/p>\n<p class=\"_paragraph_o9xde_4 _paragraph_xtcu6_10 layout-component text-serif-m layout-normal text-serif-m layout-padded\">\u2013 Denne gangen kan det v\u00e6re Kyivs m\u00e5te \u00e5 svekke Moskvas narrativ i forhandlingene p\u00e5.<\/p>\n<p>Peker p\u00e5 Ukraina<\/p>\n<p class=\"_paragraph_o9xde_4 _paragraph_xtcu6_10 layout-component text-serif-m layout-normal text-serif-m layout-padded\">Russiske etterforskere sier de unders\u00f8ker flere teorier om drapet.<\/p>\n<p class=\"_paragraph_o9xde_4 _paragraph_xtcu6_10 layout-component text-serif-m layout-normal text-serif-m layout-padded\">\u2013 Ett av sporene er at forbrytelsen kan v\u00e6re organisert av ukrainske spesialstyrker, sier Svetlana Petrenko, talsperson for etterforskningskomiteen.<\/p>\n<p class=\"_paragraph_o9xde_4 _paragraph_xtcu6_10 layout-component text-serif-m layout-normal text-serif-m layout-padded\">Den ukrainske etterretningstjenesten har forel\u00f8pig ikke kommentert hendelsen.<\/p>\n<p class=\"_paragraph_o9xde_4 _paragraph_xtcu6_10 layout-component text-serif-m layout-normal text-serif-m layout-padded\">Bilder fra stedet viser en hvit bil med store skader. Store deler av bilkarosseriet mangler, f\u00f8rersetet er blodig, og vrakrester ligger str\u00f8dd p\u00e5 bakken.<\/p>\n<ul class=\"_gallery_1qa3s_23\" tabindex=\"0\">\n<li class=\"_item_1qa3s_37\" data-index=\"0\"><img decoding=\"async\" class=\"_image_foru8_23 _articleGallery_foru8_39\" data-fullscreen- width=\"2000\" height=\"1125\" itemprop=\"image\" loading=\"lazy\"  src=\"https:\/\/www.europesays.com\/no\/wp-content\/uploads\/2025\/12\/4e9b24d5-c299-4412-9603-620582be775f\"  style=\"object-position:50% 50%;aspect-ratio:var(--gallery-aspect-ratio, 16 \/ 9)\"\/>Foto: HANDOUT \/ AFP \/ NTB<\/li>\n<li class=\"_item_1qa3s_37\" data-index=\"1\"><img decoding=\"async\" class=\"_image_foru8_23 _articleGallery_foru8_39\" data-fullscreen- width=\"5000\" height=\"3333\" itemprop=\"image\" loading=\"lazy\"  src=\"https:\/\/www.europesays.com\/no\/wp-content\/uploads\/2025\/12\/06fdd712-2775-4f8b-bcf7-ac55076d8377\"  style=\"object-position:50% 50%;aspect-ratio:var(--gallery-aspect-ratio, 16 \/ 9)\"\/>Foto: AP \/ NTB<\/li>\n<li class=\"_item_1qa3s_37\" data-index=\"2\"><img decoding=\"async\" class=\"_image_foru8_23 _articleGallery_foru8_39\" data-fullscreen- width=\"4331\" height=\"2957\" itemprop=\"image\" loading=\"lazy\"  src=\"https:\/\/www.europesays.com\/no\/wp-content\/uploads\/2025\/12\/de41c59a-e206-42f3-98e3-be2c6f611835\"  style=\"object-position:50% 50%;aspect-ratio:var(--gallery-aspect-ratio, 16 \/ 9)\"\/>Foto: MAXIM SHIPENKOV \/ EPA \/ NTB<\/li>\n<\/ul>\n<p>Foto: HANDOUT \/ AFP \/ NTB<\/p>\n<p class=\"_paragraph_o9xde_4 _paragraph_xtcu6_10 layout-component text-serif-m layout-normal text-serif-m layout-padded\">Sarvarov hadde deltatt i krigen i Ukraina, men etterforskningskomiteen ga ikke flere detaljer.<\/p>\n<p class=\"_paragraph_o9xde_4 _paragraph_xtcu6_10 layout-component text-serif-m layout-normal text-serif-m layout-padded\">If\u00f8lge det statlige nyhetsbyr\u00e5et <a href=\"https:\/\/tass.ru\/proisshestviya\/25984235\" class=\"_link_o9xde_39\" rel=\"nofollow noopener\" target=\"_blank\">Tass<\/a> hadde generalens milit\u00e6re karriere inkludert oppdrag i Syria i 2015\u20132016 og kamper mot oppr\u00f8rere i Tsjetsjenia p\u00e5 1990-tallet.<\/p>\n<p>Tredje general p\u00e5 ett \u00e5r<\/p>\n<p class=\"_paragraph_o9xde_4 _paragraph_xtcu6_10 layout-component text-serif-m layout-normal text-serif-m layout-padded\">I desember i fjor ble general Igor Kirillov drept da en bombe festet til en elektrisk scooter eksploderte idet han forlot en boligblokk i Moskva. <\/p>\n<p class=\"_paragraph_o9xde_4 _paragraph_xtcu6_10 layout-component text-serif-m layout-normal text-serif-m layout-padded\">Ukrainas sikkerhetstjeneste SBU antas \u00e5 st\u00e5 bak angrepet. Flere medier, blant dem <a href=\"https:\/\/www.ft.com\/content\/ccb1851d-7fa6-4374-be15-841cd72d70a0\" class=\"_link_o9xde_39\" rel=\"nofollow noopener\" target=\"_blank\">Financial Times<\/a>, har sitert kilder i SBU som hevder dette, men sikkerhetstjenesten har ikke bekreftet opplysningene offentlig.<\/p>\n<p class=\"_paragraph_o9xde_4 _paragraph_xtcu6_10 layout-component text-serif-m layout-normal text-serif-m layout-padded\">I april d\u00f8de general Yaroslav Moskalik da en bil han gikk forbi eksploderte i en forstad til Moskva.<\/p>\n<p class=\"_paragraph_o9xde_4 _paragraph_xtcu6_10 layout-component text-serif-m layout-normal text-serif-m layout-padded\">Russiske etterforskere sa senere at han hadde v\u00e6rt under overv\u00e5kning f\u00f8r angrepet, og de anklaget ukrainske hemmelige tjenester for \u00e5 st\u00e5 bak.<\/p>\n","protected":false},"excerpt":{"rendered":"Fanil Sarvarov er den tredje russiske generalen som d\u00f8r i en bilbombe p\u00e5 ett \u00e5r. Foto: Russisk forsvarsdepartement&hellip;\n","protected":false},"author":2,"featured_media":120056,"comment_status":"","ping_status":"","sticky":false,"template":"","format":"standard","meta":{"footnotes":""},"categories":[12],"tags":[20,21,24,25,15,179,22,23,1763,13,30,28,29,14,16,188,26,27,42,43,44,45],"class_list":{"0":"post-120055","1":"post","2":"type-post","3":"status-publish","4":"format-standard","5":"has-post-thumbnail","7":"category-verden","8":"tag-breaking-news","9":"tag-breakingnews","10":"tag-featured-news","11":"tag-featurednews","12":"tag-headlines","13":"tag-krigen-i-ukraina","14":"tag-latest-news","15":"tag-latestnews","16":"tag-moskva","17":"tag-news","18":"tag-no","19":"tag-norge","20":"tag-norway","21":"tag-nyheter","22":"tag-overskrifter","23":"tag-russland","24":"tag-top-stories","25":"tag-topstories","26":"tag-verden","27":"tag-world","28":"tag-world-news","29":"tag-worldnews"},"share_on_mastodon":{"url":"https:\/\/pubeurope.com\/@no\/115766502917667634","error":""},"_links":{"self":[{"href":"https:\/\/www.europesays.com\/no\/wp-json\/wp\/v2\/posts\/120055","targetHints":{"allow":["GET"]}}],"collection":[{"href":"https:\/\/www.europesays.com\/no\/wp-json\/wp\/v2\/posts"}],"about":[{"href":"https:\/\/www.europesays.com\/no\/wp-json\/wp\/v2\/types\/post"}],"author":[{"embeddable":true,"href":"https:\/\/www.europesays.com\/no\/wp-json\/wp\/v2\/users\/2"}],"replies":[{"embeddable":true,"href":"https:\/\/www.europesays.com\/no\/wp-json\/wp\/v2\/comments?post=120055"}],"version-history":[{"count":0,"href":"https:\/\/www.europesays.com\/no\/wp-json\/wp\/v2\/posts\/120055\/revisions"}],"wp:featuredmedia":[{"embeddable":true,"href":"https:\/\/www.europesays.com\/no\/wp-json\/wp\/v2\/media\/120056"}],"wp:attachment":[{"href":"https:\/\/www.europesays.com\/no\/wp-json\/wp\/v2\/media?parent=120055"}],"wp:term":[{"taxonomy":"category","embeddable":true,"href":"https:\/\/www.europesays.com\/no\/wp-json\/wp\/v2\/categories?post=120055"},{"taxonomy":"post_tag","embeddable":true,"href":"https:\/\/www.europesays.com\/no\/wp-json\/wp\/v2\/tags?post=120055"}],"curies":[{"name":"wp","href":"https:\/\/api.w.org\/{rel}","templated":true}]}}