{"id":120057,"date":"2025-12-23T02:32:19","date_gmt":"2025-12-23T02:32:19","guid":{"rendered":"https:\/\/www.europesays.com\/no\/120057\/"},"modified":"2025-12-23T02:32:19","modified_gmt":"2025-12-23T02:32:19","slug":"gamle-fly-med-vedlikeholdsbehov-gir-dyrere-kortbanenett-rapport-vurderer-beboerrabatt-og-nedleggelser-av-smaflyplasser-mn24-no","status":"publish","type":"post","link":"https:\/\/www.europesays.com\/no\/120057\/","title":{"rendered":"Gamle fly med vedlikeholdsbehov gir dyrere kortbanenett. Rapport vurderer beboerrabatt og nedleggelser av sm\u00e5flyplasser &#8211; mn24.no"},"content":{"rendered":"<ol>\n<li><a href=\"https:\/\/news.google.com\/rss\/articles\/CBMi-AFBVV95cUxPRFJWamJ3aENyZmxxUXhNbnZ2aUJDZ3QzWHJzdGxjOUY2ajZiNGlhNEdidFNnd1lKMXBvd1JrdTJqWEZtanFON0VyNHNubzlkLUpVR25oSE5oaFZ1RktlS1ZWN1drVmh1U1FDNjJZdWVPM0hWQjNNQWlyNnBFNUhmcFBpR2NPRGZ3RnRJYkFHOERBTURReENMVHp6Q2c4Y2VCSTFycGVQUHRTQTM1T2ZkTm9Pc0VEbURZME52bDRESWZnUmNaUE1rOFRXbHl4dlRhR0V0dlRGRjNjS2N0bk5qVXVuVHY3VlV3cnJZYlBYYVJOT1kxVjVwcA?oc=5\" target=\"_blank\" rel=\"nofollow noopener\">Gamle fly med vedlikeholdsbehov gir dyrere kortbanenett. Rapport vurderer beboerrabatt og nedleggelser av sm\u00e5flyplasser<\/a>&nbsp;&nbsp;mn24.no<\/li>\n<li><a href=\"https:\/\/news.google.com\/rss\/articles\/CBMiuAFBVV95cUxNZ3FPd2g1Q01NX2ttbFFrMlVIRFc4QjJNR3ZZMzlqdW1FLXdMQjF4RVc4azlQQkhSZFhaa3hkdTRQNHQ1YTBSMktva0d3LXBNQl9QTlQtcUdyZmhEa1RnUFFQSFNnQk9UUGpYSmpFc1NMMUkzRWMyZUhGMlhIRFg0UU5JdVJfSk1qb1ZMa24wMXdwS3FjdVZ0RzNFWUgtSG5MNW5tVmxRSnNYSE11S0hwOV9ZQWprNlZD?oc=5\" target=\"_blank\" rel=\"nofollow noopener\">N\u00e6ringslivet krever bedre flytilbud i nord: \u2013 Ogs\u00e5 et sp\u00f8rsm\u00e5l om beredskap<\/a>&nbsp;&nbsp;NRK<\/li>\n<li><a href=\"https:\/\/news.google.com\/rss\/articles\/CBMikgFBVV95cUxQcGhJTUkxM3I3ODBDcDhWYi1raXp0VlI1VFZCdXVXd1ZHeXEwT2I1YUhZTWthd0pVUk1rZm9rNVFHbHgta2ExQjhveTFpeVU3dGJndHB4bWxkUnpmRW5zTzZ5RFk5V3h0T2dndXpMUmlZRWFnc05OQmdwZWVnS09qUTZTZjdqVEowWi1xZjB5UHlQZw?oc=5\" target=\"_blank\" rel=\"nofollow noopener\">(+) Vil ha flere fly fremfor billigere billetter<\/a>&nbsp;&nbsp;folkebladet.no<\/li>\n<li><a href=\"https:\/\/news.google.com\/rss\/articles\/CBMi5gFBVV95cUxOU0pjQV82cVdOTEpIOXR6SEU4blE4cTZCdVdidmlDbUVMU01xTzdlS1VoZExtc19IYWNpR2NRNTlvZWwzTXdhcXRZd29wN3lEUkJ0ZkRDZnZDQzdxWXlYZGg2T1JoQmIwa2ZBcjhhVHo2UDZzZ0xJQklFNks0THBnRy1MQmhrd1FkemFrenlncUFSb3BUX0E5UHdFS203QUZzM0VuWk5SNHhveEZ0WGt5Z3dtMnk0MkxZakJvYno5ZjdXVGNNeE9RbldMTkoyVWoxNUlTOERxYUZOdzRZa2pzeE94MnAwZw?oc=5\" target=\"_blank\" rel=\"nofollow noopener\">NHO krever bedring av flytilbudet i Nord-Norge: \u2013 Ingen prisordning vil fungere dersom det ikke finnes ledige seter<\/a>&nbsp;&nbsp;Rana Blad<\/li>\n<li><a href=\"https:\/\/news.google.com\/rss\/articles\/CBMijwFBVV95cUxNTjl4M0tqZUpxUmVnbWxLak5NVXdHUFktLVItWlZGZ3pIZ2tzc01GTGVaQmVLUUF3WXFKVklTdllXRVc4cGdoNzlVQ0hvTDNyOGZYRGVQWFV0Wkg2TVhaRk1RWWxncjBCcVhxUzNCR2UyMGd2VmFodzgyZjNBbDRhZVlZUnZ5ODZMYU1ETG9RWQ?oc=5\" target=\"_blank\" rel=\"nofollow noopener\">Vads\u00f8, \u00d8st-Finnmarkr\u00e5det | Sl\u00e5r alarm: \u2013 Flytilbudet undergraver bosettingen<\/a>&nbsp;&nbsp;iFinnmark<\/li>\n<\/ol>\n","protected":false},"excerpt":{"rendered":"Gamle fly med vedlikeholdsbehov gir dyrere kortbanenett. Rapport vurderer beboerrabatt og nedleggelser av sm\u00e5flyplasser&nbsp;&nbsp;mn24.no N\u00e6ringslivet krever bedre flytilbud&hellip;\n","protected":false},"author":2,"featured_media":6968,"comment_status":"","ping_status":"","sticky":false,"template":"","format":"standard","meta":{"footnotes":""},"categories":[5],"tags":[20,21,24,25,15,19,22,23,17,18,13,30,28,29,14,16,26,27],"class_list":{"0":"post-120057","1":"post","2":"type-post","3":"status-publish","4":"format-standard","5":"has-post-thumbnail","7":"category-overskrifter","8":"tag-breaking-news","9":"tag-breakingnews","10":"tag-featured-news","11":"tag-featurednews","12":"tag-headlines","13":"tag-hovedoppslag","14":"tag-latest-news","15":"tag-latestnews","16":"tag-main-news","17":"tag-mainnews","18":"tag-news","19":"tag-no","20":"tag-norge","21":"tag-norway","22":"tag-nyheter","23":"tag-overskrifter","24":"tag-top-stories","25":"tag-topstories"},"share_on_mastodon":{"url":"https:\/\/pubeurope.com\/@no\/115766542130020576","error":""},"_links":{"self":[{"href":"https:\/\/www.europesays.com\/no\/wp-json\/wp\/v2\/posts\/120057","targetHints":{"allow":["GET"]}}],"collection":[{"href":"https:\/\/www.europesays.com\/no\/wp-json\/wp\/v2\/posts"}],"about":[{"href":"https:\/\/www.europesays.com\/no\/wp-json\/wp\/v2\/types\/post"}],"author":[{"embeddable":true,"href":"https:\/\/www.europesays.com\/no\/wp-json\/wp\/v2\/users\/2"}],"replies":[{"embeddable":true,"href":"https:\/\/www.europesays.com\/no\/wp-json\/wp\/v2\/comments?post=120057"}],"version-history":[{"count":0,"href":"https:\/\/www.europesays.com\/no\/wp-json\/wp\/v2\/posts\/120057\/revisions"}],"wp:featuredmedia":[{"embeddable":true,"href":"https:\/\/www.europesays.com\/no\/wp-json\/wp\/v2\/media\/6968"}],"wp:attachment":[{"href":"https:\/\/www.europesays.com\/no\/wp-json\/wp\/v2\/media?parent=120057"}],"wp:term":[{"taxonomy":"category","embeddable":true,"href":"https:\/\/www.europesays.com\/no\/wp-json\/wp\/v2\/categories?post=120057"},{"taxonomy":"post_tag","embeddable":true,"href":"https:\/\/www.europesays.com\/no\/wp-json\/wp\/v2\/tags?post=120057"}],"curies":[{"name":"wp","href":"https:\/\/api.w.org\/{rel}","templated":true}]}}