{"id":120059,"date":"2025-12-23T02:40:41","date_gmt":"2025-12-23T02:40:41","guid":{"rendered":"https:\/\/www.europesays.com\/no\/120059\/"},"modified":"2025-12-23T02:40:41","modified_gmt":"2025-12-23T02:40:41","slug":"manchester-united-jakter-antoine-semenyo-en-sjelden-overgangsmulighet","status":"publish","type":"post","link":"https:\/\/www.europesays.com\/no\/120059\/","title":{"rendered":"Manchester United jakter Antoine Semenyo: En sjelden overgangsmulighet"},"content":{"rendered":"<p>        Robin Jones &#8211; AFC Bournemouth\n    <\/p>\n<p class=\"kicker font-weight-bold m-font-weight-bold tertiary color_mobile_tertiary\" style=\"\">&#8211; St\u00e5r mellom United og City:<\/p>\n<p>At Manchester United jakter Antoine Semenyo er n\u00e5 opplest og vedtatt. Bournemouth-stjernen er tilgjengelig for 65 millioner pund i januar og United-ledelsen skal se p\u00e5 dette som en sjelden mulighet som ikke kommer igjen.<\/p>\n<p>Tidligere har det blitt meldt at flere klubber f\u00f8lger n\u00f8ye med &#8211; men n\u00e5 skal det v\u00e6re to stykker som kniver om ghaneserens signatur:<\/p>\n<p>Manchester United og Manchester City.\u00a0<\/p>\n<p>Det melder treffsikre David Ornstein, som i et intervju med <a href=\"https:\/\/x.com\/NBCSportsSoccer\/status\/2002779284474126361\" target=\"_blank\" rel=\"nofollow\">NBC <\/a>kommer med en oppdatering p\u00e5 Semenyo-saken.\u00a0<\/p>\n<p class=\"font-weight-bold m-font-weight-bold\" data-lab-font_weight=\"font-weight-bold\">&#8211; Semenyo har takket h\u00f8flig nei til Tottenham som ville ha ham og var klare til \u00e5 tilby ham en betydelig l\u00f8nn. Han ser p\u00e5 andre alternativer, f\u00f8rst og fremst United og City, sier Ornstein.\u00a0<\/p>\n<p class=\"font-weight-bold m-font-weight-bold\" data-lab-font_weight=\"font-weight-bold\">Tirsdag ettermiddag meldes det fra <a href=\"https:\/\/www.skysports.com\/football\/news\/11095\/13486641\/antoine-semenyo-transfer-news-liverpool-man-utd-man-city-has-alexander-isaks-injury-changed-bournemouth-wingers-situation\" target=\"_blank\" rel=\"nofollow noopener\">Sky Sports<\/a> at avgj\u00f8relsen kan tas allerede i dag!<\/p>\n<p>                <img decoding=\"async\" src=\"https:\/\/www.europesays.com\/no\/wp-content\/uploads\/2025\/12\/1410403.webp\" width=\"480\" height=\"274\" title=\"Antoine Semenyo tok seg tid til \u00e5 ta bilder med United-fans da han var p\u00e5 Old Trafford forrige uke.\" alt=\"\" loading=\"lazy\" style=\"\"\/><\/p>\n<p>\n            Antoine Semenyo tok seg tid til \u00e5 ta bilder med United-fans da han var p\u00e5 Old Trafford forrige uke.<br \/>\n            Robin Jones &#8211; AFC Bournemouth\n        <\/p>\n<p class=\"font-weight-bold m-font-weight-bold\" data-lab-font_weight=\"font-weight-bold\">De to Manchester-klubbene er begge\u00a0\u00abekstremt store tilhengere\u00bb av Semenyo, melder The Athletic-journalisten.\u00a0<\/p>\n<p class=\"font-weight-bold m-font-weight-bold\" data-lab-font_weight=\"font-weight-bold\">For bare noen dager siden hevdet Fabrizio Romano at Tottenham ikke kom til \u00e5 g\u00e5 videre med sin Semenyo-interesse, men det kan n\u00e5 tyde p\u00e5 at de ikke gj\u00f8r det fordi Semenyo har takket nei.\u00a0<\/p>\n<p>25-\u00e5ringen, som av mange har blitt beskrevet som en ideell vingback i Amorims system &#8211; og som ogs\u00e5 kan operere i mer fremskutte roller &#8211; scoret sitt \u00e5ttende Premier League-m\u00e5l for sesongen i helgens 1-1-kamp mot Burnley.<\/p>\n<p>Ghaneseren, som ikke skal til Afrikamesterskapet ettersom nasjonen hans ikke kvalifiserte seg, har n\u00e5 scoret i to kamper p\u00e5 rad. Forrige uke scoret han ogs\u00e5 mot United.\u00a0<\/p>\n<p class=\"font-weight-bold m-font-weight-bold\" data-lab-font_weight=\"font-weight-bold\">Utkj\u00f8psklausulen hans skal v\u00e6re aktiv til rundt 10. januar slik at Bournemouth har tid til \u00e5 finne en erstatter i l\u00f8pet av kalender\u00e5rets f\u00f8rste m\u00e5ned.<\/p>\n<p>        <a itemprop=\"url\" class=\"\" href=\"https:\/\/www.united.no\/nyheter\/fremdrift-i-samtalene\/1410314\" data-k5a-url=\"https:\/\/www.united.no\/a\/1410314\" rel=\"nofollow noopener\" target=\"_blank\"><\/p>\n<p>\nFABRIZIO ROMANO:\n<\/p>\n<p>            &#8211; Fremdrift i samtalene<\/p>\n<p>        <\/a><\/p>\n","protected":false},"excerpt":{"rendered":"Robin Jones &#8211; AFC Bournemouth &#8211; St\u00e5r mellom United og City: At Manchester United jakter Antoine Semenyo er&hellip;\n","protected":false},"author":2,"featured_media":120060,"comment_status":"","ping_status":"","sticky":false,"template":"","format":"standard","meta":{"footnotes":""},"categories":[59],"tags":[30,28,29,83,82],"class_list":{"0":"post-120059","1":"post","2":"type-post","3":"status-publish","4":"format-standard","5":"has-post-thumbnail","7":"category-sport","8":"tag-no","9":"tag-norge","10":"tag-norway","11":"tag-sport","12":"tag-sports"},"share_on_mastodon":{"url":"https:\/\/pubeurope.com\/@no\/115766573562125517","error":""},"_links":{"self":[{"href":"https:\/\/www.europesays.com\/no\/wp-json\/wp\/v2\/posts\/120059","targetHints":{"allow":["GET"]}}],"collection":[{"href":"https:\/\/www.europesays.com\/no\/wp-json\/wp\/v2\/posts"}],"about":[{"href":"https:\/\/www.europesays.com\/no\/wp-json\/wp\/v2\/types\/post"}],"author":[{"embeddable":true,"href":"https:\/\/www.europesays.com\/no\/wp-json\/wp\/v2\/users\/2"}],"replies":[{"embeddable":true,"href":"https:\/\/www.europesays.com\/no\/wp-json\/wp\/v2\/comments?post=120059"}],"version-history":[{"count":0,"href":"https:\/\/www.europesays.com\/no\/wp-json\/wp\/v2\/posts\/120059\/revisions"}],"wp:featuredmedia":[{"embeddable":true,"href":"https:\/\/www.europesays.com\/no\/wp-json\/wp\/v2\/media\/120060"}],"wp:attachment":[{"href":"https:\/\/www.europesays.com\/no\/wp-json\/wp\/v2\/media?parent=120059"}],"wp:term":[{"taxonomy":"category","embeddable":true,"href":"https:\/\/www.europesays.com\/no\/wp-json\/wp\/v2\/categories?post=120059"},{"taxonomy":"post_tag","embeddable":true,"href":"https:\/\/www.europesays.com\/no\/wp-json\/wp\/v2\/tags?post=120059"}],"curies":[{"name":"wp","href":"https:\/\/api.w.org\/{rel}","templated":true}]}}