{"id":120065,"date":"2025-12-23T03:26:11","date_gmt":"2025-12-23T03:26:11","guid":{"rendered":"https:\/\/www.europesays.com\/no\/120065\/"},"modified":"2025-12-23T03:26:11","modified_gmt":"2025-12-23T03:26:11","slug":"punktene-i-fredsplanen-mellom-israel-og-hamas-er-brutt","status":"publish","type":"post","link":"https:\/\/www.europesays.com\/no\/120065\/","title":{"rendered":"\u2013 Punktene i fredsplanen mellom Israel og Hamas er brutt"},"content":{"rendered":"\n<p class=\"_paragraph_o9xde_4 _paragraph_xtcu6_10 layout-component text-serif-m layout-normal text-serif-m layout-padded\">Mens USA og president Donald Trump tilsynelatende har vendt blikket mot Ukraina, skal Israel ha drept 394 palestinere etter partenes godkjennelse av fredsplanen 9. oktober 2025.<\/p>\n<p class=\"_paragraph_o9xde_4 _paragraph_xtcu6_10 layout-component text-serif-m layout-normal text-serif-m layout-padded\">Det totale antallet har if\u00f8lge palestinske helsemyndigheter oversteget 70.000 drepte. Sivile lever med begrenset tilgang til n\u00f8dhjelp, og <a href=\"https:\/\/www.vg.no\/tag\/hamas?utm_source=vg-article&amp;utm_medium=auto-tagger&amp;utm_campaign=lng6eM\" class=\"_link_o9xde_39\" rel=\"nofollow noopener\" target=\"_blank\">Hamas<\/a> styrer fortsatt p\u00e5 Gazastripen. <\/p>\n<p class=\"_paragraph_o9xde_4 _paragraph_xtcu6_10 layout-component text-serif-m layout-normal text-serif-m layout-padded\"> \u2013 Samtlige punkter i planen er n\u00e5 brutt, og det f\u00e5r ingen konsekvenser, sier historieprofessor og forsker ved UiO og PRIO, Hilde Henriksen Waage, til VG.<\/p>\n<p><img decoding=\"async\" alt=\"Bilde av Hilde Henriksen Waage \" class=\"_image_ygndg_42\" height=\"60\" itemprop=\"image\" loading=\"lazy\"  src=\"https:\/\/www.europesays.com\/no\/wp-content\/uploads\/2025\/12\/44085c1c-94de-4b99-a5e8-eff8d8093aad\"  width=\"40\"\/><strong class=\"_name_ygndg_51 title-serif-xs\">Hilde Henriksen Waage <\/strong><\/p>\n<p class=\"_paragraph_o9xde_4 text-sans-m _description_ygndg_56\">Professor i historie ved Universitetet i Oslo (UiO) og seniorforsker ved Institutt for fredsforskning (PRIO).<\/p>\n<p> \u2013 Ingen har forpliktet seg til fred<\/p>\n<p class=\"_paragraph_o9xde_4 _paragraph_xtcu6_10 layout-component text-serif-m layout-normal text-serif-m layout-padded\">Hun hevder at det ikke er kontroll p\u00e5 Gazastripen og at palestinerne holder pusten i p\u00e5vente av hva som vil skje videre.<\/p>\n<p class=\"_paragraph_o9xde_4 _paragraph_xtcu6_10 layout-component text-serif-m layout-normal text-serif-m layout-padded\">\u2013 Alt er uklart. Det er for mange kokker og for mye s\u00f8l. Uten en konkret fredsavtale mellom Hamas og Israel har ingen av partene forpliktet seg til noe. <\/p>\n<p class=\"_paragraph_o9xde_4 _paragraph_xtcu6_10 layout-component text-serif-m layout-normal text-serif-m layout-padded\">Planen innebar at krigen skulle stanses umiddelbart ved godkjennelse, Hamas skulle miste sin styringsrolle og en internasjonal stabiliseringsstyrkeinternasjonal stabiliseringsstyrkeEn gruppe milit\u00e6re eller sivile enheter fra flere land som sendes til et konfliktomr\u00e5de for \u00e5 bidra til \u00e5 opprettholde fred og stabilitet. skulle bist\u00e5 politistyrker p\u00e5 Gaza. <\/p>\n<p class=\"_paragraph_o9xde_4 _paragraph_xtcu6_10 layout-component text-serif-m layout-normal text-serif-m layout-padded\">Selv om bombingen fra Israel er stanset, brytes fredsplanens punkter fra begge hold.<\/p>\n<p> Melding til Netanyahu<\/p>\n<p class=\"_paragraph_o9xde_4 _paragraph_xtcu6_10 layout-component text-serif-m layout-normal text-serif-m layout-padded\">L\u00f8rdag ble Hamas-lederen Raed Saed drept i et israelsk angrep p\u00e5 Gazastripen.<\/p>\n<p class=\"_paragraph_o9xde_4 _paragraph_xtcu6_10 layout-component text-serif-m layout-normal text-serif-m layout-padded\">Han skal ha v\u00e6rt en av hjernene bak angrepet 7. oktober 2023. <\/p>\n<p class=\"_paragraph_o9xde_4 _paragraph_xtcu6_10 layout-component text-serif-m layout-normal text-serif-m layout-padded\">If\u00f8lge en uttalelse fra Netanyahu var angrepet en respons p\u00e5 et Hamas-angrep der to israelske soldater ble lettere s\u00e5ret i en eksplosjon. <\/p>\n<p class=\"_paragraph_o9xde_4 _paragraph_xtcu6_10 layout-component text-serif-m layout-normal text-serif-m layout-padded\">Etter den siste hendelsen mener begge parter at motparten st\u00e5r bak brudd p\u00e5 v\u00e5penhvilen.<\/p>\n<p class=\"_paragraph_o9xde_4 _paragraph_xtcu6_10 layout-component text-serif-m layout-normal text-serif-m layout-padded\">I en privat melding til Netanyahu, sendt fra Det hvite hus i helgen, fastsl\u00e5r de if\u00f8lge <a href=\"https:\/\/www.axios.com\/2025\/12\/15\/israel-violate-ceasefire-gaza-strike-trump\" class=\"_link_o9xde_39\" rel=\"nofollow noopener\" target=\"_blank\">Axios<\/a> at l\u00f8rdagens drap var et brudd p\u00e5 v\u00e5penhvilen. <\/p>\n<p class=\"_paragraph_o9xde_4 _paragraph_xtcu6_10 layout-component text-serif-m layout-normal text-serif-m layout-padded\">Mandag uttalte Trump at USA \u00abunders\u00f8ker\u00bb om Israel br\u00f8t v\u00e5penhvilen. <\/p>\n<p> To br\u00f8dre ble drept<\/p>\n<p class=\"_paragraph_o9xde_4 _paragraph_xtcu6_10 layout-component text-serif-m layout-normal text-serif-m layout-padded\">Tidligere i desember skal ogs\u00e5 to br\u00f8dre ha blitt drept i et israelsk droneangrep. <\/p>\n<p class=\"_paragraph_o9xde_4 _paragraph_xtcu6_10 layout-component text-serif-m layout-normal text-serif-m layout-padded\">Israelske styrker hevder at Juma Abu Assi p\u00e5 \u00e5tte \u00e5r og Fadi Abu Assi p\u00e5 11 krysset den \u00abgule linjengule linjenEn midlertidig grense Israel har trukket inne i Gaza for \u00e5 markere hvor langt palestinske sivile kan bevege seg uten \u00e5 bli oppfattet som en trussel. Linjen er ikke klart definert. \u00bb og at de utgjorde en trussel.<\/p>\n<p class=\"_paragraph_o9xde_4 _paragraph_xtcu6_10 layout-component text-serif-m layout-normal text-serif-m layout-padded\">If\u00f8lge <a href=\"https:\/\/news.sky.com\/story\/two-brothers-killed-in-israeli-drone-strike-on-gaza-13477104\" class=\"_link_o9xde_39\" rel=\"nofollow noopener\" target=\"_blank\">Sky News<\/a> samlet de ved for faren sin, som satt i rullestol. <\/p>\n<p class=\"_paragraph_o9xde_4 _paragraph_xtcu6_10 layout-component text-serif-m layout-normal text-serif-m layout-padded\"> \u2013 N\u00e5r planen kom p\u00e5 plass, vendte vi blikket bort, men dette er bare en pustepause. Det eksisterer ingen fredsavtale, p\u00e5st\u00e5r hun og viser til hendelsen med br\u00f8drene.<\/p>\n<p> Venter p\u00e5 USA<\/p>\n<p class=\"_paragraph_o9xde_4 _paragraph_xtcu6_10 layout-component text-serif-m layout-normal text-serif-m layout-padded\">Professor i Midt\u00f8sten-studier ved UiO, Dag Inge Tuestad, mener Israel og Palestina befinner seg i en mellomfase, i p\u00e5vente av Donald Trumps neste beskjed.<\/p>\n<p class=\"_paragraph_o9xde_4 _paragraph_xtcu6_10 layout-component text-serif-m layout-normal text-serif-m layout-padded\">Hans inntrykk er at USA fortsatt jobber i kulissene, men at arbeidet er begrenset n\u00e5 som Ukraina og Russland st\u00e5r i fokus. <\/p>\n<p><img decoding=\"async\" alt=\"Bilde av Dag Henrik Tuastad\" class=\"_image_ygndg_42\" height=\"53\" itemprop=\"image\" loading=\"lazy\"  src=\"https:\/\/www.europesays.com\/no\/wp-content\/uploads\/2025\/12\/9bbb3750-a86f-438c-a78d-acbc3660138c\"  width=\"40\"\/><strong class=\"_name_ygndg_51 title-serif-xs\">Dag Henrik Tuastad<\/strong><\/p>\n<p class=\"_paragraph_o9xde_4 text-sans-m _description_ygndg_56\">Professor i Midt\u00f8sten-studier ved Universitetet i Oslo.<\/p>\n<p class=\"_paragraph_o9xde_4 _paragraph_xtcu6_10 layout-component text-serif-m layout-normal text-serif-m layout-padded\">\u2013 Vi venter p\u00e5 at USA skal legge press. Gjennombruddet vil v\u00e6re n\u00e5r de internasjonale troppene er p\u00e5 plass, forteller han til VG.<\/p>\n<p class=\"_paragraph_o9xde_4 _paragraph_xtcu6_10 layout-component text-serif-m layout-normal text-serif-m layout-padded\">Torsdag meldte Axios at Donald Trump planlegger \u00e5 utnevne en amerikansk general til leder for den internasjonale styrken. <\/p>\n<p class=\"_paragraph_o9xde_4 _paragraph_xtcu6_10 layout-component text-serif-m layout-normal text-serif-m layout-padded\">Opplysningene er ikke bekreftet fra annet hold.<\/p>\n<p class=\"_paragraph_o9xde_4 _paragraph_xtcu6_10 layout-component text-serif-m layout-normal text-serif-m layout-padded\">Det er forel\u00f8pig ingen endelig avtale om hvilke land som skal sende styrker til Gaza. <\/p>\n<p> Hamas-krigere st\u00e5r fast p\u00e5 israelsk side<\/p>\n<p class=\"_paragraph_o9xde_4 _paragraph_xtcu6_10 layout-component text-serif-m layout-normal text-serif-m layout-padded\">Til tross for USAs 20 punkter, mener Tuestad at det fortsatt er mye igjen som m\u00e5 utbedres f\u00f8r Israel og Palestina har en handlekraftig plan. <\/p>\n<p class=\"_paragraph_o9xde_4 _paragraph_xtcu6_10 layout-component text-serif-m layout-normal text-serif-m layout-padded\">Han omtaler den n\u00e5v\u00e6rende situasjonen som en skj\u00f8r v\u00e5penhvile, og trekker frem ulike knutepunkter som begrenser fremgangen mot fred.<\/p>\n<p class=\"_paragraph_o9xde_4 _paragraph_xtcu6_10 layout-component text-serif-m layout-normal text-serif-m layout-padded\">\u2013 Flere Hamas-krigere st\u00e5r fast i tunneler utenfor den gule linjen, p\u00e5 israelsk omr\u00e5de. Hamas \u00f8nsker \u00e5 gi dem amnestiamnestiEn offisiell ben\u00e5dning eller fritak fra straff for personer som har beg\u00e5tt lovbrudd, ofte brukt i politiske sammenhenger., men det vil ikke Israel. N\u00e5r de dukker opp fra tunnelene for \u00e5 skaffe mat, blir de skutt, p\u00e5st\u00e5r Tuestad. <\/p>\n<p> Frykter USA<\/p>\n<p class=\"_paragraph_o9xde_4 _paragraph_xtcu6_10 layout-component text-serif-m layout-normal text-serif-m layout-padded\">Likevel har Tuestad troen p\u00e5 at det vil l\u00f8sne seg n\u00e5r Trump tar til ordet. <\/p>\n<p class=\"_paragraph_o9xde_4 _paragraph_xtcu6_10 layout-component text-serif-m layout-normal text-serif-m layout-padded\">\u2013 Det er en forventning om at det vil komme en erkl\u00e6ring f\u00f8r fase to. <\/p>\n<p class=\"_paragraph_o9xde_4 _paragraph_xtcu6_10 layout-component text-serif-m layout-normal text-serif-m layout-padded\">Midt\u00f8sten-eksperten mener Israel frykter USA, og at de godtok fredsplanen under press. <\/p>\n<p class=\"_paragraph_o9xde_4 _paragraph_xtcu6_10 layout-component text-serif-m layout-normal text-serif-m layout-padded\">\u2013 Idet USA sier at det er nok, da vil ting endre seg, hevder han.<\/p>\n","protected":false},"excerpt":{"rendered":"Mens USA og president Donald Trump tilsynelatende har vendt blikket mot Ukraina, skal Israel ha drept 394 palestinere&hellip;\n","protected":false},"author":2,"featured_media":120066,"comment_status":"","ping_status":"","sticky":false,"template":"","format":"standard","meta":{"footnotes":""},"categories":[12],"tags":[20,21,55,24,25,566,15,52,22,23,13,30,28,29,14,16,26,27,50,42,43,44,45],"class_list":{"0":"post-120065","1":"post","2":"type-post","3":"status-publish","4":"format-standard","5":"has-post-thumbnail","7":"category-verden","8":"tag-breaking-news","9":"tag-breakingnews","10":"tag-donald-trump","11":"tag-featured-news","12":"tag-featurednews","13":"tag-hamas","14":"tag-headlines","15":"tag-israel","16":"tag-latest-news","17":"tag-latestnews","18":"tag-news","19":"tag-no","20":"tag-norge","21":"tag-norway","22":"tag-nyheter","23":"tag-overskrifter","24":"tag-top-stories","25":"tag-topstories","26":"tag-usa","27":"tag-verden","28":"tag-world","29":"tag-world-news","30":"tag-worldnews"},"share_on_mastodon":{"url":"https:\/\/pubeurope.com\/@no\/115766754436216293","error":""},"_links":{"self":[{"href":"https:\/\/www.europesays.com\/no\/wp-json\/wp\/v2\/posts\/120065","targetHints":{"allow":["GET"]}}],"collection":[{"href":"https:\/\/www.europesays.com\/no\/wp-json\/wp\/v2\/posts"}],"about":[{"href":"https:\/\/www.europesays.com\/no\/wp-json\/wp\/v2\/types\/post"}],"author":[{"embeddable":true,"href":"https:\/\/www.europesays.com\/no\/wp-json\/wp\/v2\/users\/2"}],"replies":[{"embeddable":true,"href":"https:\/\/www.europesays.com\/no\/wp-json\/wp\/v2\/comments?post=120065"}],"version-history":[{"count":0,"href":"https:\/\/www.europesays.com\/no\/wp-json\/wp\/v2\/posts\/120065\/revisions"}],"wp:featuredmedia":[{"embeddable":true,"href":"https:\/\/www.europesays.com\/no\/wp-json\/wp\/v2\/media\/120066"}],"wp:attachment":[{"href":"https:\/\/www.europesays.com\/no\/wp-json\/wp\/v2\/media?parent=120065"}],"wp:term":[{"taxonomy":"category","embeddable":true,"href":"https:\/\/www.europesays.com\/no\/wp-json\/wp\/v2\/categories?post=120065"},{"taxonomy":"post_tag","embeddable":true,"href":"https:\/\/www.europesays.com\/no\/wp-json\/wp\/v2\/tags?post=120065"}],"curies":[{"name":"wp","href":"https:\/\/api.w.org\/{rel}","templated":true}]}}