{"id":120073,"date":"2025-12-23T04:09:21","date_gmt":"2025-12-23T04:09:21","guid":{"rendered":"https:\/\/www.europesays.com\/no\/120073\/"},"modified":"2025-12-23T04:09:21","modified_gmt":"2025-12-23T04:09:21","slug":"sola-snur-men-vi-ma-vente-i-en-maned-for-vi-ser-den-her-i-tromso-itromso-no","status":"publish","type":"post","link":"https:\/\/www.europesays.com\/no\/120073\/","title":{"rendered":"Sola snur \u2013 men vi m\u00e5 vente i en m\u00e5ned f\u00f8r vi ser den her i Troms\u00f8 &#8211; itromso.no"},"content":{"rendered":"<ol>\n<li><a href=\"https:\/\/news.google.com\/rss\/articles\/CBMirAFBVV95cUxQRnJzcm5VYTE4UTltNEVmTnU3d1h1Y29WRXZtdTl5dkRsVmVKa2Z4MjBGNXdXbmJxc3ZwRW1PVVRyS1pJZHNIYnYyNEpSM1kteDFQeG1VZDkzS3VTaFlqOFZIVnFQdjBNMG14X0pMbzg2TFZRbk9uWGpNNHJERDhsOG5xRDAxVDVfWXB4bDRoc1Y1aFdTWkRTWTRROFlOYUlOSVp3VEJlU1pBTGNn?oc=5\" target=\"_blank\" rel=\"nofollow noopener\">Sola snur \u2013 men vi m\u00e5 vente i en m\u00e5ned f\u00f8r vi ser den her i Troms\u00f8<\/a>&nbsp;&nbsp;itromso.no<\/li>\n<li><a href=\"https:\/\/news.google.com\/rss\/articles\/CBMikwFBVV95cUxNZUNDeXZjREp0MkM4R2xpU3pRdGF1dlloZXZDd24yNjBCMmJmcDVHZTI3STl3VFBxaURDdGc5blI0b1ZqRElhQmduMG15Yms5RHlDeHRMVDY0R2tVT2F1Xzc2NnRraUQxSS1QZzFhUTNVR3N0c2RaVXNnU3JmUTkwdG00NS14Z1VpcklPUnEyRjVrcDQ?oc=5\" target=\"_blank\" rel=\"nofollow noopener\">Solen snur i dag: Hva betyr det for deg?<\/a>&nbsp;&nbsp;Aftenposten<\/li>\n<li><a href=\"https:\/\/news.google.com\/rss\/articles\/CBMiaEFVX3lxTE9kVzJ3aHZRVkdzQ1hDZExOV3hLNWthODFvTmYyR3REYTNXaTlOcXdVZHhkTzNwWUFGRldoTnZKdnJ3QjhhZGtORmV2Q29nMzk4N3dQWGhTZGZUeUluM2JOVXR3QWRBQlJi?oc=5\" target=\"_blank\" rel=\"nofollow noopener\">&#8211; Vil ta en stund<\/a>&nbsp;&nbsp;dagbladet.no<\/li>\n<li><a href=\"https:\/\/news.google.com\/rss\/articles\/CBMiiwFBVV95cUxNTE4wNlQzSEIwMUF5M1pMQnVRVjNUSG50aTF2amhwejJDekh5WFdIazRlQW9DOUVzRVZRVW1zZVo1UUU4RTRSX2NqN2pCbU1JY2dwTWpDd0NuQ0k3NHBQMU5QNkY1MFYxYXJTaU9pcGxfeUpvd0p5NnZ5RWg5bjVyWmJBbXgxWlZnaWlJ?oc=5\" target=\"_blank\" rel=\"nofollow noopener\">I dag er \u00e5rets m\u00f8rkeste dag &#8211; n\u00e5 \u00absnur\u00bb sola! \u2013 Siste nytt<\/a>&nbsp;&nbsp;NRK<\/li>\n<li><a href=\"https:\/\/news.google.com\/rss\/articles\/CBMiggFBVV95cUxPNW45ZUlnM3NKU19RVWRwVm5BV1kzZ1NRczZncWxIOEZhYk9oTE9TUkFlVE9aME55NUVhYTl1WU5NanVvRFRMTU43Q2FYOE1QZzFWUmEzQzJwODFFQ3JsVWgxai1BUldmVkNCakpoUV9nVEVNYUdIUHIyM3UyY0lJUXNR?oc=5\" target=\"_blank\" rel=\"nofollow noopener\">Julen kommer som den alltid gj\u00f8r, og likevel springer mange rundt som hodel\u00f8se h\u00f8ns<\/a>&nbsp;&nbsp;tronderbladet.no<\/li>\n<\/ol>\n","protected":false},"excerpt":{"rendered":"Sola snur \u2013 men vi m\u00e5 vente i en m\u00e5ned f\u00f8r vi ser den her i Troms\u00f8&nbsp;&nbsp;itromso.no Solen&hellip;\n","protected":false},"author":2,"featured_media":120074,"comment_status":"","ping_status":"","sticky":false,"template":"","format":"standard","meta":{"footnotes":""},"categories":[10],"tags":[20,21,24,25,15,22,23,13855,13,30,28,29,14,16,501,26,27],"class_list":{"0":"post-120073","1":"post","2":"type-post","3":"status-publish","4":"format-standard","5":"has-post-thumbnail","7":"category-norge","8":"tag-breaking-news","9":"tag-breakingnews","10":"tag-featured-news","11":"tag-featurednews","12":"tag-headlines","13":"tag-latest-news","14":"tag-latestnews","15":"tag-morketid","16":"tag-news","17":"tag-no","18":"tag-norge","19":"tag-norway","20":"tag-nyheter","21":"tag-overskrifter","22":"tag-sola","23":"tag-top-stories","24":"tag-topstories"},"share_on_mastodon":{"url":"https:\/\/pubeurope.com\/@no\/115766923289465393","error":""},"_links":{"self":[{"href":"https:\/\/www.europesays.com\/no\/wp-json\/wp\/v2\/posts\/120073","targetHints":{"allow":["GET"]}}],"collection":[{"href":"https:\/\/www.europesays.com\/no\/wp-json\/wp\/v2\/posts"}],"about":[{"href":"https:\/\/www.europesays.com\/no\/wp-json\/wp\/v2\/types\/post"}],"author":[{"embeddable":true,"href":"https:\/\/www.europesays.com\/no\/wp-json\/wp\/v2\/users\/2"}],"replies":[{"embeddable":true,"href":"https:\/\/www.europesays.com\/no\/wp-json\/wp\/v2\/comments?post=120073"}],"version-history":[{"count":0,"href":"https:\/\/www.europesays.com\/no\/wp-json\/wp\/v2\/posts\/120073\/revisions"}],"wp:featuredmedia":[{"embeddable":true,"href":"https:\/\/www.europesays.com\/no\/wp-json\/wp\/v2\/media\/120074"}],"wp:attachment":[{"href":"https:\/\/www.europesays.com\/no\/wp-json\/wp\/v2\/media?parent=120073"}],"wp:term":[{"taxonomy":"category","embeddable":true,"href":"https:\/\/www.europesays.com\/no\/wp-json\/wp\/v2\/categories?post=120073"},{"taxonomy":"post_tag","embeddable":true,"href":"https:\/\/www.europesays.com\/no\/wp-json\/wp\/v2\/tags?post=120073"}],"curies":[{"name":"wp","href":"https:\/\/api.w.org\/{rel}","templated":true}]}}