{"id":120079,"date":"2025-12-23T05:07:08","date_gmt":"2025-12-23T05:07:08","guid":{"rendered":"https:\/\/www.europesays.com\/no\/120079\/"},"modified":"2025-12-23T05:07:08","modified_gmt":"2025-12-23T05:07:08","slug":"jeg-ble-ganske-sint-nrk-sport-sportsnyheter-resultater-og-sendeplan","status":"publish","type":"post","link":"https:\/\/www.europesays.com\/no\/120079\/","title":{"rendered":"\u2013 Jeg ble ganske sint \u2013 NRK Sport \u2013 Sportsnyheter, resultater og sendeplan"},"content":{"rendered":"<p>\u00abSymbolet p\u00e5 v\u00e5re paralympiske leker\u00bb, er ordene Milano-Cortina-toppen Andrea Varnier selv bruker.<\/p>\n<p>Han snakker om Arena di Verona, det over 2000 \u00e5r gamle amfiteateret som er omkranset av Adige-elven.<\/p>\n<p><img decoding=\"async\"   src=\"data:image\/gif;base64,R0lGODlhAQABAIAAAAAAAP\/\/\/yH5BAEAAAAALAAAAAABAAEAAAIBRAA7\" loading=\"eager\" alt=\"Jan Petter Saltvedt \" title=\"Foto: Martin Leigland\"\/><\/p>\n<p class=\"\">IRONI SOM BITER: Jan Petter Saltvedt p\u00e5peker at det ikke akkurat er mangel p\u00e5 ledig arenakapasitet i kulturnasjonen Italia.<\/p>\n<p>Foto: Martin Leigland<\/p>\n<p><strong>I anledning at vinter-OL er tilbake p\u00e5 italiensk jord 20 \u00e5r etter Torino-OL, er arenaen pusset opp for over 235 millioner kroner.<\/strong><\/p>\n<p>12 dager etter at OL avsluttes her, skal \u00e5pningsseremonien til Paralympics foreg\u00e5 p\u00e5 samme sted.<\/p>\n<p>Ut\u00f8verne befinner seg langt unna: Milano (168 kilometer unna), Predazzo (161) og Cortina, der flesteparten av den norske troppen bor, ligger hele 235 kilometer unna.<\/p>\n<p>Det reagerer flere sterkt p\u00e5:<\/p>\n<p>\u2013 N\u00e5r ble Arena di Verona symbolet p\u00e5 Paralympics? Det er bare fordi de forteller det. Det h\u00f8res mest ut som om de har funnet en m\u00e5te \u00e5 f\u00e5 penger p\u00e5 for \u00e5 f\u00e5 turister dit i bakkant, sier NRKs sportskommentator, Jan Petter Saltvedt.<\/p>\n<p>For enkelte st\u00e5r det grandiose comebacket allerede til stryk:<\/p>\n<p><strong>\u2013 Det italienerne gj\u00f8r er ikke riktig. De solgte en dr\u00f8m. Det skulle bli spektakul\u00e6rt, men det er ikke det lenger, har den franske langrennsl\u00f8peren Karl Tabouret uttalt til <a href=\"https:\/\/www.nordicmag.info\/en\/the-anger-of-karl-tabouret-who-wont-be-able-to-take-part-in-the-opening-ceremony-of-the-milan-cortina-2026-paralympic-games-it-was-supposed-to-be-grandiose-but-its-not-anymore-1011\/\" ec-id=\"https:\/\/www.nordicmag.info\/en\/the-anger-of-karl-tabouret-who-wont-be-able-to-take-part-in-the-opening-ceremony-of-the-milan-cortina-2026-paralympic-games-it-was-supposed-to-be-grandiose-but-its-not-anymore-1011\/\" ec-name=\"nordicmag.info\" rel=\"nofollow noopener\" target=\"_blank\">nordicmag.info<\/a>.<\/strong><\/p>\n<p><img decoding=\"async\"   src=\"data:image\/gif;base64,R0lGODlhAQABAIAAAAAAAP\/\/\/yH5BAEAAAAALAAAAAABAAEAAAIBRAA7\" loading=\"eager\" alt=\"Ski-VM 2025 Karl Tabouret\" title=\"Foto: Gorm Kallestad \/ NTB\"\/><\/p>\n<p class=\"\">SKUFFET: Karl Tabouret tok gull p\u00e5 klassisk sprint under VM i Trondheim. Han ser ikke bare positivt p\u00e5 \u00e5 reise til Milano-Cortina til vinteren.<\/p>\n<p>Foto: Gorm Kallestad \/ NTB<\/p>\n<p>\u2013 Ikke veldig optimalt<\/p>\n<p>Ogs\u00e5 for den norske troppen er det en liten hodepine hvordan den logistiske floken best l\u00f8ses.<\/p>\n<p><strong>\u2013 Det er et dilemma og en utfordring vi st\u00e5r i, sier Hanne Staff til NRK.<\/strong><\/p>\n<p>Hun har ansvaret for de sportslige forberedelsene til den norske troppen foran b\u00e5de OL og Paralympics.<\/p>\n<p>I dialogen med arrang\u00f8ren har Olympiatoppen f\u00e5tt beskjed om reisen mellom byen blir langt mer tidkrevende enn de to til tre timene et s\u00f8k via Google Maps indikerer.<\/p>\n<p><img decoding=\"async\"   src=\"data:image\/gif;base64,R0lGODlhAQABAIAAAAAAAP\/\/\/yH5BAEAAAAALAAAAAABAAEAAAIBRAA7\" loading=\"eager\" alt=\"Kjartan Haugen Paralympics Beijing\" title=\"Foto: Reuters\"\/><\/p>\n<p class=\"\">FEIRET: Kjartan Haugen var med p\u00e5 \u00e5 ta bronsemedalje under stafetten sammen med Vilde Nilsen, Thomas Oxaal og ledsager Ole-Martin Lid for fire \u00e5r siden.<\/p>\n<p>Foto: Reuters<\/p>\n<p><strong>Det settes opp busser for \u00e5 frakte ut\u00f8verne til Verona. Skal v\u00e6re til og fra dit, er man n\u00f8dt til \u00e5 investere et sted mellom 10 og 12 timer:<\/strong><\/p>\n<p>\u2013 Vi har f\u00e5tt beskjed om at v\u00e5re ut\u00f8vere m\u00e5 reise rundt 14-15-tiden for \u00e5 ankomme \u00e5pningsseremonien i tide. De vil heller ikke v\u00e6re tilbake f\u00f8r etter klokka 01:00 p\u00e5 natta. Det er ikke veldig optimalt om du skal v\u00e6re best forberedt for idrettsut\u00f8velse og prestere p\u00e5 det h\u00f8yeste niv\u00e5et, sier Staff.<\/p>\n<p>\u2013 Noe man aldri vil glemme<\/p>\n<p>I Beijing for snart fire \u00e5r siden fikk Kjartan Haugen og Sissel L\u00f8chen \u00e6ren av \u00e5 b\u00e6re det norske flagget og lede troppen ut p\u00e5 Hangzhou Stadium.<\/p>\n<p>\u2013 Det var en stor \u00e6re for meg, en stor overraskelse \u00e5 bli valgt ut og gj\u00f8re det. S\u00e5 det satte jeg veldig stor pris p\u00e5, og la ganske mye innsats i \u00e5 v\u00e6re med p\u00e5 det ogs\u00e5, sier Haugen til NRK.<\/p>\n<p>Han p\u00e5peker at det ikke var alle ut\u00f8verne som var del av seremonien den gang, heller.<\/p>\n<p>\u2013 Men for min del av det aldri noe sp\u00f8rsm\u00e5l \u00e5 st\u00e5 over det. Det betydde ganske mye for meg, sier han.<\/p>\n<p><img decoding=\"async\"   src=\"data:image\/gif;base64,R0lGODlhAQABAIAAAAAAAP\/\/\/yH5BAEAAAAALAAAAAABAAEAAAIBRAA7\" loading=\"eager\" alt=\"Norge Paralympics\" title=\"Foto: AP\"\/><\/p>\n<p class=\"\">GODE MINNER: Det var Kjartan Haugen og Sissel L\u00f8chen som fikk lede ut den norske troppen i Beijing for fire \u00e5r siden.<\/p>\n<p>Foto: AP<\/p>\n<p>I mars blir den norske delegasjonen markant mindre.<\/p>\n<p>\u2013 <strong>Det f\u00f8rste jeg tenkte p\u00e5 da Magnus (Gr\u00f8terud, treneren) sa det til meg var jo: Det suger at jeg ikke f\u00e5r v\u00e6rt med p\u00e5 det. Det er noe man aldri kommer til \u00e5 glemme. S\u00e5 det var en trist beskjed \u00e5 f\u00e5 da, sier Niklas B\u00f8yesen Lohne Hansen til NRK.<\/strong><\/p>\n<p>Slo i veggen<\/p>\n<p>Sn\u00f8brettkj\u00f8reren fra Drammen synes det er dumt at \u00e5pningen skjer kvelden f\u00f8r f\u00f8rste konkurransedag.<\/p>\n<p><strong>\u2013 Jeg slo i veggen hjemme da jeg fikk vite det. S\u00e5 jeg ble ganske sint, forteller 18-\u00e5ringen.<\/strong><\/p>\n<p>Hansen er debutant i Paralympics og skal delta i b\u00e5de cross og slal\u00e5m. Han er klar p\u00e5 at \u00e5pningsseremonien var noe han i utgangspunktet hadde gledet seg til.<\/p>\n<p>N\u00e5r kvalifiseringen til \u00f8velsene starter alt 11:00 ble valget ganske enkelt.<\/p>\n<p>\u2013 Jeg vil heller yte best i konkurransene, sier han.<\/p>\n<p><img decoding=\"async\"   src=\"data:image\/gif;base64,R0lGODlhAQABAIAAAAAAAP\/\/\/yH5BAEAAAAALAAAAAABAAEAAAIBRAA7\" loading=\"eager\" alt=\"Trener p\u00e5 SN\u00d8 \/ L\u00f8renskog\" title=\"Foto: P\u00e5l Martin Rossing \/ NRK\"\/><\/p>\n<p class=\"\">BLID OG POSITIV: Det er sjelden Niklas B\u00f8yesen Lohne Hansen henger med nebbet. Men han innr\u00f8mmer at han i samtaler med trener Magnus Gr\u00f8terud (til venstre) synes det var kjipt \u00e5 velge bort \u00e5pningsfesten.<\/p>\n<p>Foto: P\u00e5l Martin Rossing \/ NRK<\/p>\n<p><strong>Situasjonen er tilsvarende for alpint, skiskyting og curling. Det betyr at kun langrennsut\u00f8verne (f\u00f8rste \u00f8velse g\u00e5r i Val di Fiemme tirsdag 10. mars) i prinsippet er aktuelle for seremonien.<\/strong><\/p>\n<p>Forel\u00f8pig er det kun Vilde Nilsen som har f\u00e5tt klarsignal av Olympiatoppen:<\/p>\n<p>\u2013 Hvis du er f\u00f8rstereisende p\u00e5 et Paralympics, s\u00e5 tror jeg nok du gjerne vil v\u00e6re med p\u00e5 den \u00e5pningsseremonien, sier Kjartan Haugen.<\/p>\n<p>\u2013 Hva tenker du om at han 18 \u00e5r gamle Niklas er en av de som m\u00e5 droppe det?<\/p>\n<p>\u2013 Jeg synes det er veldig synd. Jeg mener det er en viktig del av mesterskapet. N\u00e5 skal vi bo i tre forskjellige deltakerlandsbyer, s\u00e5 den samlinga av troppen \u2013 det f\u00e5r vi egentlig bare under \u00e5pningsseremonien, sier han.<\/p>\n<p>Arrang\u00f8ren: \u2013 Sterkt og tydelig budskap<\/p>\n<p>NRK har via flere henvendelser fors\u00f8kt \u00e5 f\u00e5 arrang\u00f8rene i tale. IPC (Den internasjonale paralympiske komit\u00e9) henviser videre til OL-arrang\u00f8ren i Milano-Cortina om \u00e5 svare ut rundt den aktuelle problemstillingen.<\/p>\n<p>Da vi ba om en kommentar p\u00e5 at OL-sjef Andrea Varnier uttaler at Verona Arena er et symbol p\u00e5 paralympics, mottok vi f\u00f8lgende, usignerte uttalelse i retur:<\/p>\n<p><strong>\u00abArenaen er v\u00e5rt symbol p\u00e5 de paralympiske leker, fordi den legemliggj\u00f8r bevegelsens kjerneverdier. Som et sted med over to tusen \u00e5rs historie, sender den et sterkt og tydelig budskap: Hvis et s\u00e5 gammelt sted kan gj\u00f8res mer tilgjengelig, kan ethvert sted bli mer inkluderende. Dette valget representerer en viktig arv etter de olympiske vinterlekene i Milano Cortina 2026, og viser evnen til \u00e5 se mot fremtiden gjennom sport, tilgjengelighet og inkludering.\u00bb<\/strong><\/p>\n<p>Oppgraderingene har blant annet g\u00e5tt ut p\u00e5 \u00e5 installere heis, forbedre gangveien mot stadion og \u00e5 pusse opp sanit\u00e6ranlegget.<\/p>\n<p>Forbedringene er blant annet gjort med tanke p\u00e5 de som vil ankomme i rullestol eller med andre hjelpemidler.<\/p>\n<p><img decoding=\"async\"   src=\"data:image\/gif;base64,R0lGODlhAQABAIAAAAAAAP\/\/\/yH5BAEAAAAALAAAAAABAAEAAAIBRAA7\" loading=\"eager\" alt=\"Arena di Verona\" title=\"Foto: AP\"\/><\/p>\n<p class=\"\">PUSSET OPP: Arena di Verona skal huse avslutningen av OL og starten for Paralympics. Det \u00e6rverdige amfiteateret er plassert 23 mil unna den norske hovedbasen, noe som skaper komplikasjoner.<\/p>\n<p>Foto: AP<\/p>\n<p>Jan Petter Saltvedt er alt annet enn imponert:<\/p>\n<p><strong>\u2013 Ironien i at nye fasiliteter tilrettelagt for akkurat dem som n\u00e5 ikke f\u00e5r kommet dit, er jo bitende, sier Saltvedt.<\/strong><\/p>\n<p>\u2013 \u00c5pningsseremonien i et Paralympics er for mange av ut\u00f8verne den st\u00f8rste opplevelsen i i idrettskarrieren. Her blir Niklas og veldig mange ut\u00f8vere fratatt den muligheten p\u00e5 noe som virker som helt un\u00f8dvendig vis. Det er ikke som om kulturnasjonen Italia ikke kunne funnet alternative arenaer som kunne fungert som ramme for dette arrangementet, legger han til.<\/p>\n<p>Olympiatoppen: \u2013 Vil diskutere med ut\u00f8verne<\/p>\n<p>Arrang\u00f8ren har ogs\u00e5 innsett at det rent praktisk byr p\u00e5 utfordringer for deltakerne \u00e5 prioritere seansen.<\/p>\n<p>De har derfor forespurt hver nasjon om \u00e5 stille med to representanter hver. I tillegg skal det filmes innslag fra deltakerlandsbyene i dagene f\u00f8r mesterskapet starter.<\/p>\n<p><strong>Som en direkte konsekvens av logistikken har den franske troppen alt klargjort at de ikke kommer til \u00e5 stille. De \u00f8nsker heller at to frivillige funksjon\u00e6rer vil b\u00e6re de franske fargene inn p\u00e5 Arena di Verona.<\/strong><\/p>\n<p>Hanne Staff i Olympiatoppen beskriver dialogen med arrang\u00f8ren som \u00e5pen rundt det faktum av at det blir en tidkrevende prosess for ut\u00f8verne \u00e5 delta.<\/p>\n<p>Hun presiserer at det sportslige veier tyngst for Norge i den videre planleggingen:<\/p>\n<p><strong>\u2013 Hvis du bruker mye tid p\u00e5 reise og kommer hjem seint p\u00e5 natta, vil det \u00f8ke risikoen for \u00e5 bli syk og eventuelt \u00f8delegge nattes\u00f8vnen, sier Staff til NRK.<\/strong><\/p>\n<p><img decoding=\"async\"   src=\"data:image\/gif;base64,R0lGODlhAQABAIAAAAAAAP\/\/\/yH5BAEAAAAALAAAAAABAAEAAAIBRAA7\" loading=\"eager\" alt=\"Hanne Staff, leder prestasjon og utvikling i Olympiatoppen\" title=\"Foto: Cornelius Poppe \/ NTB\"\/><\/p>\n<p class=\"\">PRESTASJON OG UTVIKLING: Er hva Hanne Staff er mest opptatt i sin rolle foran b\u00e5de OL og Paralympics. Det blir derfor vanskelig \u00e5 prioritere \u00e5pningsseremoni foran f\u00f8rste dag under lekene, neste vinter.<\/p>\n<p>Foto: Cornelius Poppe \/ NTB<\/p>\n<p>\u2013 Hva sier dere til ut\u00f8vere som eventuelt har et sterkt \u00f8nske om \u00e5 delta?<\/p>\n<p>\u2013 Vi kommer til \u00e5 lytte til dem, og s\u00e5 vil vi sammen med trenerne deres i s\u00e6rforbundet diskutere risikoen knyttet til det, svarer hun.<\/p>\n<p>\u2013 Ser du et paradoks i at tilgangen til arenaen er forbedret for personer med spesielle utfordringer, og at man samtidig ikke planlegger slik at Paralympics-deltakerne kan delta?<\/p>\n<p>\u2013 Jeg h\u00e5per dette er i b\u00e6rekraft-\u00f8yemed, med tanke p\u00e5 de som kommer senere og som de \u00f8nsker \u00e5 vise dem fram til. Det hadde selvf\u00f8lgelig v\u00e6rt fint \u00e5 ha med ut\u00f8verne der, men jeg vil tro at denne arenaen blir mye brukt etter lekene ogs\u00e5. Da er det flott at den er tilrettelagt for alle, sier Staff.<\/p>\n<p>Publisert<\/p>\n<p>23.12.2025, kl. 05.22<\/p>\n<p>Oppdatert<\/p>\n<p>23.12.2025, kl. 06.06<\/p>\n","protected":false},"excerpt":{"rendered":"\u00abSymbolet p\u00e5 v\u00e5re paralympiske leker\u00bb, er ordene Milano-Cortina-toppen Andrea Varnier selv bruker. Han snakker om Arena di Verona,&hellip;\n","protected":false},"author":2,"featured_media":120080,"comment_status":"","ping_status":"","sticky":false,"template":"","format":"standard","meta":{"footnotes":""},"categories":[59],"tags":[30,28,29,83,82],"class_list":{"0":"post-120079","1":"post","2":"type-post","3":"status-publish","4":"format-standard","5":"has-post-thumbnail","7":"category-sport","8":"tag-no","9":"tag-norge","10":"tag-norway","11":"tag-sport","12":"tag-sports"},"share_on_mastodon":{"url":"https:\/\/pubeurope.com\/@no\/115767151348132731","error":""},"_links":{"self":[{"href":"https:\/\/www.europesays.com\/no\/wp-json\/wp\/v2\/posts\/120079","targetHints":{"allow":["GET"]}}],"collection":[{"href":"https:\/\/www.europesays.com\/no\/wp-json\/wp\/v2\/posts"}],"about":[{"href":"https:\/\/www.europesays.com\/no\/wp-json\/wp\/v2\/types\/post"}],"author":[{"embeddable":true,"href":"https:\/\/www.europesays.com\/no\/wp-json\/wp\/v2\/users\/2"}],"replies":[{"embeddable":true,"href":"https:\/\/www.europesays.com\/no\/wp-json\/wp\/v2\/comments?post=120079"}],"version-history":[{"count":0,"href":"https:\/\/www.europesays.com\/no\/wp-json\/wp\/v2\/posts\/120079\/revisions"}],"wp:featuredmedia":[{"embeddable":true,"href":"https:\/\/www.europesays.com\/no\/wp-json\/wp\/v2\/media\/120080"}],"wp:attachment":[{"href":"https:\/\/www.europesays.com\/no\/wp-json\/wp\/v2\/media?parent=120079"}],"wp:term":[{"taxonomy":"category","embeddable":true,"href":"https:\/\/www.europesays.com\/no\/wp-json\/wp\/v2\/categories?post=120079"},{"taxonomy":"post_tag","embeddable":true,"href":"https:\/\/www.europesays.com\/no\/wp-json\/wp\/v2\/tags?post=120079"}],"curies":[{"name":"wp","href":"https:\/\/api.w.org\/{rel}","templated":true}]}}