{"id":120083,"date":"2025-12-23T05:14:11","date_gmt":"2025-12-23T05:14:11","guid":{"rendered":"https:\/\/www.europesays.com\/no\/120083\/"},"modified":"2025-12-23T05:14:11","modified_gmt":"2025-12-23T05:14:11","slug":"alexander-isak-liverpool-fc-mareritt-for-liverpool-isak-bekreftet-ute-i-lang-tid","status":"publish","type":"post","link":"https:\/\/www.europesays.com\/no\/120083\/","title":{"rendered":"Alexander Isak, Liverpool FC | Mareritt for Liverpool: Isak bekreftet ute i lang tid"},"content":{"rendered":"\n<p>Spekulasjonene har svirret de siste d\u00f8gnene etter at svenske Alexander Isak scoret, men ble liggende igjen p\u00e5 gresset mot Tottenham.<\/p>\n<p>The Athletic har tidligere meldt at det skal v\u00e6re snakk om et beinbrudd, og n\u00e5 kommer Liverpool med sin egen pressemelding.<\/p>\n<p><b>Les ogs\u00e5:<\/b> <a href=\"https:\/\/www.nettavisen.no\/sport\/i-harnisk-etter-skrekkbildene-av-alexander-isak-ma-straffes\/s\/5-95-2793475\" rel=\"Follow nofollow noopener\" target=\"_blank\">I harnisk etter skrekkbildene av Isak: \u2013 M\u00e5 straffes<\/a><\/p>\n<p>Spissen har gjennomf\u00f8rt en operasjon etter et brudd i leggbeinet.<\/p>\n<p>Kryptisk om frav\u00e6r<\/p>\n<p>Liverpool skriver at det ikke er satt noen tid for n\u00e5r spilleren er tilbake.<\/p>\n<p>Men The Times-journalist, Paul Joyce, melder at klubben tror at Isak vil v\u00e6re tilbake p\u00e5 banen denne sesongen.<\/p>\n<p>Krise for Sverige<\/p>\n<p>Det er naturligvis en stor nedtur for Liverpool, i deres jakt p\u00e5 en topp fire-plassering denne sesongen.<\/p>\n<p>Men ogs\u00e5 Sverige kan vise seg \u00e5 m\u00e5tte klare seg uten sin st\u00f8rste stjerne, i det som blir potensielt to utrolige viktige kamper i mars.<\/p>\n<p><b>Les ogs\u00e5: <\/b><a href=\"https:\/\/www.nettavisen.no\/sport\/svensk-keeper-til-lillestrom\/s\/5-95-2793264\" rel=\"Follow nofollow noopener\" target=\"_blank\">Svensk keeper til Lillestr\u00f8m<\/a><\/p>\n<p>Svenskene m\u00f8ter Ukraina i Valencia i VM-playoff 26. mars. Vinneren skal spille hjemmekamp mot Polen eller Albania for en billett til sommeren VM-<\/p>\n","protected":false},"excerpt":{"rendered":"Spekulasjonene har svirret de siste d\u00f8gnene etter at svenske Alexander Isak scoret, men ble liggende igjen p\u00e5 gresset&hellip;\n","protected":false},"author":2,"featured_media":120084,"comment_status":"","ping_status":"","sticky":false,"template":"","format":"standard","meta":{"footnotes":""},"categories":[59],"tags":[30,28,29,83,82],"class_list":{"0":"post-120083","1":"post","2":"type-post","3":"status-publish","4":"format-standard","5":"has-post-thumbnail","7":"category-sport","8":"tag-no","9":"tag-norge","10":"tag-norway","11":"tag-sport","12":"tag-sports"},"share_on_mastodon":{"url":"https:\/\/pubeurope.com\/@no\/115767178807248975","error":""},"_links":{"self":[{"href":"https:\/\/www.europesays.com\/no\/wp-json\/wp\/v2\/posts\/120083","targetHints":{"allow":["GET"]}}],"collection":[{"href":"https:\/\/www.europesays.com\/no\/wp-json\/wp\/v2\/posts"}],"about":[{"href":"https:\/\/www.europesays.com\/no\/wp-json\/wp\/v2\/types\/post"}],"author":[{"embeddable":true,"href":"https:\/\/www.europesays.com\/no\/wp-json\/wp\/v2\/users\/2"}],"replies":[{"embeddable":true,"href":"https:\/\/www.europesays.com\/no\/wp-json\/wp\/v2\/comments?post=120083"}],"version-history":[{"count":0,"href":"https:\/\/www.europesays.com\/no\/wp-json\/wp\/v2\/posts\/120083\/revisions"}],"wp:featuredmedia":[{"embeddable":true,"href":"https:\/\/www.europesays.com\/no\/wp-json\/wp\/v2\/media\/120084"}],"wp:attachment":[{"href":"https:\/\/www.europesays.com\/no\/wp-json\/wp\/v2\/media?parent=120083"}],"wp:term":[{"taxonomy":"category","embeddable":true,"href":"https:\/\/www.europesays.com\/no\/wp-json\/wp\/v2\/categories?post=120083"},{"taxonomy":"post_tag","embeddable":true,"href":"https:\/\/www.europesays.com\/no\/wp-json\/wp\/v2\/tags?post=120083"}],"curies":[{"name":"wp","href":"https:\/\/api.w.org\/{rel}","templated":true}]}}