{"id":120088,"date":"2025-12-23T05:21:13","date_gmt":"2025-12-23T05:21:13","guid":{"rendered":"https:\/\/www.europesays.com\/no\/120088\/"},"modified":"2025-12-23T05:21:13","modified_gmt":"2025-12-23T05:21:13","slug":"napoli-vinner-supercoppa-italiana-med-tidligere-united-spiller","status":"publish","type":"post","link":"https:\/\/www.europesays.com\/no\/120088\/","title":{"rendered":"Napoli vinner Supercoppa Italiana med tidligere United-spiller"},"content":{"rendered":"<p>Mandag var det duket for finale i Supercoppa italiana. Napoli sto klare for \u00e5 m\u00f8te Bologna, etter at Rasmus H\u00f8jlund var med \u00e5 sikre seier i semifinalen mot AC Milan torsdag kveld. Dansken var igjen med fra start og fikk spille hele kampen. Bare fire m\u00e5neder etter returen til Italia kan han l\u00f8fte sitt f\u00f8rste trofe med Napoli.\u00a0<\/p>\n<p>David Neres sikret ledelse til de lysebl\u00e5 etter 38 minutter. I det 57. minuttet fant han nettet igjen. Kampen p\u00e5 Al -Awwal Park endte 2-0.<\/p>\n<p>                <img decoding=\"async\" src=\"https:\/\/www.europesays.com\/no\/wp-content\/uploads\/2025\/12\/1410530.webp\" width=\"480\" height=\"274\" title=\"Jubelscener i Saudi-Arabia.\" alt=\"Napoli feirer scoring i Supercoppa italiana\" loading=\"lazy\" style=\"\"\/><\/p>\n<p>\n            Jubelscener i Saudi-Arabia.<br \/>\n            NurPhoto\n        <\/p>\n<p>Den tidligere United-spilleren Scott McTominay var selvsagt ogs\u00e5 med. Scotten har f\u00e5tt en ny v\u00e5r i Italia og kan juble for enda en stor bragd. Romelu Lukaku var ogs\u00e5 med i troppen.\u00a0<\/p>\n<p>Napoli tapte finalen i 2023 mot Inter, men fikk endelig l\u00f8fte trofeet etter en velfortjent seier. N\u00e5 g\u00e5r H\u00f8jlund og Napoli inn i juleferie, f\u00f8r de er tilbake i Serie A p\u00e5 s\u00f8ndag. De ligger p\u00e5 en forel\u00f8pig tredjeplass, men kun ett poeng bak Milan og to poeng bak Inter. Dette betyr at vi kan ha sett dansken i United-drakt for siste gang.\u00a0Dersom Napoli blir blant topp fire i Serie A og kvalifiserer seg til Champions League vil de nemlig betale 44 millioner euro for H\u00f8jlund p\u00e5 permanent avtale.<\/p>\n<p>                <img decoding=\"async\" src=\"https:\/\/www.europesays.com\/no\/wp-content\/uploads\/2025\/12\/1410532.webp\" width=\"480\" height=\"274\" title=\"Scott McTominay i finalen av den italienske supercupen.\" alt=\"Scott McTominay i Supercoppa italiana\" loading=\"lazy\" style=\"\"\/><\/p>\n<p>\n            Scott McTominay i finalen av den italienske supercupen.<br \/>\n            NurPhoto\n        <\/p>\n","protected":false},"excerpt":{"rendered":"Mandag var det duket for finale i Supercoppa italiana. Napoli sto klare for \u00e5 m\u00f8te Bologna, etter at&hellip;\n","protected":false},"author":2,"featured_media":120089,"comment_status":"","ping_status":"","sticky":false,"template":"","format":"standard","meta":{"footnotes":""},"categories":[59],"tags":[30,28,29,83,82],"class_list":{"0":"post-120088","1":"post","2":"type-post","3":"status-publish","4":"format-standard","5":"has-post-thumbnail","7":"category-sport","8":"tag-no","9":"tag-norge","10":"tag-norway","11":"tag-sport","12":"tag-sports"},"share_on_mastodon":{"url":"https:\/\/pubeurope.com\/@no\/115767206768684240","error":""},"_links":{"self":[{"href":"https:\/\/www.europesays.com\/no\/wp-json\/wp\/v2\/posts\/120088","targetHints":{"allow":["GET"]}}],"collection":[{"href":"https:\/\/www.europesays.com\/no\/wp-json\/wp\/v2\/posts"}],"about":[{"href":"https:\/\/www.europesays.com\/no\/wp-json\/wp\/v2\/types\/post"}],"author":[{"embeddable":true,"href":"https:\/\/www.europesays.com\/no\/wp-json\/wp\/v2\/users\/2"}],"replies":[{"embeddable":true,"href":"https:\/\/www.europesays.com\/no\/wp-json\/wp\/v2\/comments?post=120088"}],"version-history":[{"count":0,"href":"https:\/\/www.europesays.com\/no\/wp-json\/wp\/v2\/posts\/120088\/revisions"}],"wp:featuredmedia":[{"embeddable":true,"href":"https:\/\/www.europesays.com\/no\/wp-json\/wp\/v2\/media\/120089"}],"wp:attachment":[{"href":"https:\/\/www.europesays.com\/no\/wp-json\/wp\/v2\/media?parent=120088"}],"wp:term":[{"taxonomy":"category","embeddable":true,"href":"https:\/\/www.europesays.com\/no\/wp-json\/wp\/v2\/categories?post=120088"},{"taxonomy":"post_tag","embeddable":true,"href":"https:\/\/www.europesays.com\/no\/wp-json\/wp\/v2\/tags?post=120088"}],"curies":[{"name":"wp","href":"https:\/\/api.w.org\/{rel}","templated":true}]}}