{"id":120093,"date":"2025-12-23T05:29:39","date_gmt":"2025-12-23T05:29:39","guid":{"rendered":"https:\/\/www.europesays.com\/no\/120093\/"},"modified":"2025-12-23T05:29:39","modified_gmt":"2025-12-23T05:29:39","slug":"sport-sykkel-avlyste-sykkelfest-far-nm-i-stedet","status":"publish","type":"post","link":"https:\/\/www.europesays.com\/no\/120093\/","title":{"rendered":"Sport, Sykkel | Avlyste sykkelfest \u2013 f\u00e5r NM i stedet"},"content":{"rendered":"\n<p>NM i landeveissykling legges til Stavanger-regionen 25.\u201328. juni, melder Fjord Cycling AS i en pressemelding.<\/p>\n<p><b>Stavanger Sykleklubb og Fjords Cycling AS, selskapet bak Tour of Norway, har m\u00e5l om \u00e5 skape tidenes NM i Rogaland. <\/b><\/p>\n<p>\u2013 Vi er sv\u00e6rt stolte og glade<\/p>\n<p>\u2013 Da vi tok avgj\u00f8relsen om at Tour of Norway 2026 m\u00e5tte avlyses for to uker siden, valgte vi \u00e5 snu oss raskt rundt og se etter nye muligheter. Da det samtidig manglet en arrang\u00f8r for NM neste \u00e5r, var det helt naturlig for oss \u00e5 ta initiativ og unders\u00f8ke om vi kunne p\u00e5ta oss oppgaven, sier Roy Hegreberg, daglig leder i Fjord Cycling AS i pressemeldingen.<\/p>\n<p><b>\u2013 Vi er sv\u00e6rt stolte og glade for at dette lot seg realisere. Vi \u00f8nsker \u00e5 skape et arrangement som b\u00e5de sportslig og publikums\u00admessig setter en ny standard<\/b>, sier han.<\/p>\n<p>Her er planene for NM<\/p>\n<p>I pressemeldingen opplyses det om f\u00f8lgende:<\/p>\n<ul>\n<li>Gjennom fire dager skal det konkurreres i tempo, gateritt og fellesstart for alle klasser.<\/li>\n<li>Mesterskapet \u00e5pnes torsdag 25. juni med tempo\u00f8velsen, der Norges beste temposyklister skal kjempe om de prestisjetunge NM-tr\u00f8yene.<\/li>\n<li>Fredag 26. juni st\u00e5r farts- og actionfylte gateritt p\u00e5 programmet, f\u00f8r junior kvinner og menn skal gj\u00f8re opp om medaljene i fellesstart l\u00f8rdag 27. juni.<\/li>\n<li>NM avsluttes s\u00f8ndag 28. juni med fellesstart for elite, der Norges beste kvinnelige og mannlige ryttere m\u00f8tes til kamp om norgesmestertittelen. I samme ritt skal det ogs\u00e5 k\u00e5res en norgesmester i U23-klassene.<\/li>\n<\/ul>\n<p>Sandnes og Fjord Cycling var arrang\u00f8r forrige gang NM p\u00e5 landevei ble arrangert p\u00e5 Vestlandet.<\/p>\n<p><b>\u2013 N\u00e5 ser vi igjen frem til \u00e5 \u00f8nske hele Sykkel-Norge velkommen til Stavanger-regionen og en folkefest for b\u00e5de ut\u00f8vere, publikum og frivillige. Vi \u00f8nsker hjertelig velkommen til sykkelfest 25.\u201328. juni 2026<\/b>, uttaler Hegreberg.<\/p>\n<p>Arrang\u00f8ren varsler at mer informasjon om traseer og NM vil komme p\u00e5 ny\u00e5ret.<\/p>\n<p>  <a href=\"https:\/\/www.rastavanger.no\/5-165-188317\" class=\"related-teaser has-image default-story-teaser article--c-eRUmMG article--c-eRUmMG-jKCPdD-design-default\" rel=\"nofollow noopener\" target=\"_blank\"><\/p>\n<p>    <img decoding=\"async\" loading=\"lazy\"  src=\"https:\/\/www.europesays.com\/no\/wp-content\/uploads\/2025\/12\/NTB_uZdInSXdc9A.jpg\" alt=\"\" class=\"brick-c-cFOWSL\" style=\"\"\/><\/p>\n<p>\n            Les ogs\u00e5<\/p>\n<p>              Sykkelrittet Tour of Norway avlyses \u2013 kritiserer regjeringen\n        <\/p>\n<p>  <\/a><\/p>\n<p>  <a href=\"https:\/\/www.rastavanger.no\/5-165-97533\" class=\"related-teaser has-image default-story-teaser article--c-eRUmMG article--c-eRUmMG-jKCPdD-design-default\" rel=\"nofollow noopener\" target=\"_blank\"><\/p>\n<p>    <img decoding=\"async\" loading=\"lazy\"  src=\"https:\/\/www.europesays.com\/no\/wp-content\/uploads\/2025\/12\/NTB_Gwr9F6JmWbk.jpg\" alt=\"\" class=\"brick-c-cFOWSL\" style=\"\"\/><\/p>\n<p>\n            Les ogs\u00e5<\/p>\n<p>              Doperne \u00f8dela mulighetene hans: \u2013 Halve startfeltet var apotekere og doktorer\n        <\/p>\n<p>  <\/a><\/p>\n<p>  <a href=\"https:\/\/www.rastavanger.no\/5-165-171026\" class=\"related-teaser has-image default-story-teaser article--c-eRUmMG article--c-eRUmMG-jKCPdD-design-default\" rel=\"nofollow noopener\" target=\"_blank\"><\/p>\n<p>    <img decoding=\"async\" loading=\"lazy\"  src=\"https:\/\/www.europesays.com\/no\/wp-content\/uploads\/2025\/12\/1766467779_544_IMG_9649.JPG\" alt=\"\" class=\"brick-c-cFOWSL\" style=\"\"\/><\/p>\n<p>\n            Les ogs\u00e5<\/p>\n<p>              Den kommende fembarnsfaren om framtidsplanene: \u2013 Jeg kan godt ha noen \u00e5r fri\n        <\/p>\n<p>  <\/a><\/p>\n","protected":false},"excerpt":{"rendered":"NM i landeveissykling legges til Stavanger-regionen 25.\u201328. juni, melder Fjord Cycling AS i en pressemelding. Stavanger Sykleklubb og&hellip;\n","protected":false},"author":2,"featured_media":120094,"comment_status":"","ping_status":"","sticky":false,"template":"","format":"standard","meta":{"footnotes":""},"categories":[59],"tags":[36,2976,30,28,29,83,82,1306,1510,346],"class_list":{"0":"post-120093","1":"post","2":"type-post","3":"status-publish","4":"format-standard","5":"has-post-thumbnail","7":"category-sport","8":"tag-art","9":"tag-nm","10":"tag-no","11":"tag-norge","12":"tag-norway","13":"tag-sport","14":"tag-sports","15":"tag-stavanger","16":"tag-story","17":"tag-sykkel"},"share_on_mastodon":{"url":"https:\/\/pubeurope.com\/@no\/115767238328069091","error":""},"_links":{"self":[{"href":"https:\/\/www.europesays.com\/no\/wp-json\/wp\/v2\/posts\/120093","targetHints":{"allow":["GET"]}}],"collection":[{"href":"https:\/\/www.europesays.com\/no\/wp-json\/wp\/v2\/posts"}],"about":[{"href":"https:\/\/www.europesays.com\/no\/wp-json\/wp\/v2\/types\/post"}],"author":[{"embeddable":true,"href":"https:\/\/www.europesays.com\/no\/wp-json\/wp\/v2\/users\/2"}],"replies":[{"embeddable":true,"href":"https:\/\/www.europesays.com\/no\/wp-json\/wp\/v2\/comments?post=120093"}],"version-history":[{"count":0,"href":"https:\/\/www.europesays.com\/no\/wp-json\/wp\/v2\/posts\/120093\/revisions"}],"wp:featuredmedia":[{"embeddable":true,"href":"https:\/\/www.europesays.com\/no\/wp-json\/wp\/v2\/media\/120094"}],"wp:attachment":[{"href":"https:\/\/www.europesays.com\/no\/wp-json\/wp\/v2\/media?parent=120093"}],"wp:term":[{"taxonomy":"category","embeddable":true,"href":"https:\/\/www.europesays.com\/no\/wp-json\/wp\/v2\/categories?post=120093"},{"taxonomy":"post_tag","embeddable":true,"href":"https:\/\/www.europesays.com\/no\/wp-json\/wp\/v2\/tags?post=120093"}],"curies":[{"name":"wp","href":"https:\/\/api.w.org\/{rel}","templated":true}]}}