{"id":120095,"date":"2025-12-23T05:32:19","date_gmt":"2025-12-23T05:32:19","guid":{"rendered":"https:\/\/www.europesays.com\/no\/120095\/"},"modified":"2025-12-23T05:32:19","modified_gmt":"2025-12-23T05:32:19","slug":"kongsberg-kongsberg-gruppen-ronny-lie-slutter-i-kongsberg-gruppen","status":"publish","type":"post","link":"https:\/\/www.europesays.com\/no\/120095\/","title":{"rendered":"Kongsberg, Kongsberg Gruppen | Ronny Lie slutter i Kongsberg Gruppen"},"content":{"rendered":"\n<p>Lie opplyser at han har valgt \u00e5 slutte i stillingen etter snart 16 \u00e5r, og at dette ikke har v\u00e6rt en lett beslutning \u00e5 ta. <\/p>\n<p>\u2013 Jeg har hatt mitt hode og hjerte i selskapet i snart to ti\u00e5r. Man blir nesten som familie \u00e5 regne etter \u00e5 ha jobbet sammen s\u00e5 tett med flinke kollegaer over mange \u00e5r med h\u00e5ndtering av mange spennende og krevende oppgaver, skriver Lie.<\/p>\n<p>Han spesifiserer at det ikke er noen dramatikk rundt valget.<\/p>\n<p>\u2013 I forbindelse med at vi nylig annonserte at selskapet skal splittes i to med b\u00f8rsnotering av den maritime virksomheten, f\u00f8ler jeg timingen n\u00e5 er riktig \u00e5 tre ut av selskapet og s\u00f8ke nye muligheter.<\/p>\n<p>Lie har jobbet i Kongsberg Gruppen som kommunikasjonsdirekt\u00f8r siden 2010. F\u00f8r han startet i jobben var han direkt\u00f8r for kommunikasjon og investor relations i Kongsberg Automotive, og forskningsdirekt\u00f8r i Telemarksforskning Notodden.<\/p>\n<p>N\u00e5v\u00e6rende kommunikasjonsdirekt\u00f8r i Kongsberg Defence &amp; Aerospace (KDA), Ivar Simensen, trer inn i rollen Ronny Lie n\u00e5 forlater fra og med 1. januar 2026. <\/p>\n","protected":false},"excerpt":{"rendered":"Lie opplyser at han har valgt \u00e5 slutte i stillingen etter snart 16 \u00e5r, og at dette ikke&hellip;\n","protected":false},"author":2,"featured_media":120096,"comment_status":"","ping_status":"","sticky":false,"template":"","format":"standard","meta":{"footnotes":""},"categories":[56],"tags":[36,60,61,12108,5279,304,62,30,28,29,447,14319,1510],"class_list":{"0":"post-120095","1":"post","2":"type-post","3":"status-publish","4":"format-standard","5":"has-post-thumbnail","7":"category-naeringsliv","8":"tag-art","9":"tag-business","10":"tag-economy","11":"tag-kog-kongsberg-gruppen","12":"tag-kongsberg","13":"tag-kongsberg-gruppen","14":"tag-naeringsliv","15":"tag-no","16":"tag-norge","17":"tag-norway","18":"tag-nyhet","19":"tag-ronny-lie","20":"tag-story"},"share_on_mastodon":{"url":"https:\/\/pubeurope.com\/@no\/115767249685151859","error":""},"_links":{"self":[{"href":"https:\/\/www.europesays.com\/no\/wp-json\/wp\/v2\/posts\/120095","targetHints":{"allow":["GET"]}}],"collection":[{"href":"https:\/\/www.europesays.com\/no\/wp-json\/wp\/v2\/posts"}],"about":[{"href":"https:\/\/www.europesays.com\/no\/wp-json\/wp\/v2\/types\/post"}],"author":[{"embeddable":true,"href":"https:\/\/www.europesays.com\/no\/wp-json\/wp\/v2\/users\/2"}],"replies":[{"embeddable":true,"href":"https:\/\/www.europesays.com\/no\/wp-json\/wp\/v2\/comments?post=120095"}],"version-history":[{"count":0,"href":"https:\/\/www.europesays.com\/no\/wp-json\/wp\/v2\/posts\/120095\/revisions"}],"wp:featuredmedia":[{"embeddable":true,"href":"https:\/\/www.europesays.com\/no\/wp-json\/wp\/v2\/media\/120096"}],"wp:attachment":[{"href":"https:\/\/www.europesays.com\/no\/wp-json\/wp\/v2\/media?parent=120095"}],"wp:term":[{"taxonomy":"category","embeddable":true,"href":"https:\/\/www.europesays.com\/no\/wp-json\/wp\/v2\/categories?post=120095"},{"taxonomy":"post_tag","embeddable":true,"href":"https:\/\/www.europesays.com\/no\/wp-json\/wp\/v2\/tags?post=120095"}],"curies":[{"name":"wp","href":"https:\/\/api.w.org\/{rel}","templated":true}]}}