{"id":120106,"date":"2025-12-23T05:56:35","date_gmt":"2025-12-23T05:56:35","guid":{"rendered":"https:\/\/www.europesays.com\/no\/120106\/"},"modified":"2025-12-23T05:56:35","modified_gmt":"2025-12-23T05:56:35","slug":"gullprisen-skyter-i-vaeret-har-fatt-en-ny-rolle-inyheter-no","status":"publish","type":"post","link":"https:\/\/www.europesays.com\/no\/120106\/","title":{"rendered":"Gullprisen skyter i v\u00e6ret: \u2013 Har f\u00e5tt en ny rolle &#8211; inyheter.no"},"content":{"rendered":"<ol>\n<li><a href=\"https:\/\/news.google.com\/rss\/articles\/CBMihgFBVV95cUxPT1lfalBMWTlLZ0Fyei1IZjY0YnpidjhaejdWM19uS0NyWmQ0ZFIxcEJTNWtWTXdmY0IxRllRNjFyQVZZcUFGNEd3bmRXTExJOGZGZ0EybHZiVVJIaFhNVi11OFZLRFotQ0tUMEVYSEdZVFh3OXlfOVhFaEVKMFh0bGEtbUszdw?oc=5\" target=\"_blank\" rel=\"nofollow noopener\">Gullprisen skyter i v\u00e6ret: \u2013 Har f\u00e5tt en ny rolle<\/a>&nbsp;&nbsp;inyheter.no<\/li>\n<li><a href=\"https:\/\/news.google.com\/rss\/articles\/CBMif0FVX3lxTE9jeVloaW1waWxHbVFHeVZ6LWpFUWo2QkhwWl93WjZLQkFPLVo1OERxSm8yMEFHRlFxanlURTJPTjdJcVU2ZGFIbEpTb1FvSXZvZF9YdDJ4OHg4dzlGVEV2bU03WUx5aUIzWUhWeGpCZ3hYMFRMa1lVc1lSTzFwMFE?oc=5\" target=\"_blank\" rel=\"nofollow noopener\">Gullprisen setter ny rekord<\/a>&nbsp;&nbsp;E24<\/li>\n<li><a href=\"https:\/\/news.google.com\/rss\/articles\/CBMiwgFBVV95cUxNem9zM2NhWmw4VW5wamRrcVVzMXktNUFTRUpGaE9hNXlEV0ZIOUF4RHpLb1NzSHpMMVE2TEpBaE40RFFSWDZOUWVfMlVyZDhpQ0lwaXZBOEk0NGh1elQ3MXVHQ1FaZzRDRE5ieUliWnA3TklZelZ3aDVOVzZlQk55SFBaczQ2U2F5bmFSUTlSUElsOTlvRm5tWVFmcjZ5ZkZsV1NtS2VhOTlJOUY5eHFHZDVwRXJhdmlaSHRLNlJvMFBEdw?oc=5\" target=\"_blank\" rel=\"nofollow noopener\">Ellevill avkastning \u2013 sp\u00e5r tredobling: \u2013 Har gitt en turboeffekt<\/a>&nbsp;&nbsp;Nettavisen<\/li>\n<li><a href=\"https:\/\/news.google.com\/rss\/articles\/CBMiggFBVV95cUxNcTlsajh3Tkh0TmNtaFcwbk5ScEpWYUFZTnp4REhDQXhVZnc4RF9IUnJyRXgyZGVpTmF0a0ptNjhzcHJxaEd0YnFFeTNYZ3pWRy1YQ1IyUXhvTlBUa3ctenpPbW5nUm9JbWtSc1pzRW5HbTBjTllRSWJUbVlJNzdyVFhB?oc=5\" target=\"_blank\" rel=\"nofollow noopener\">Ny prisrekord for gull<\/a>&nbsp;&nbsp;Finansavisen<\/li>\n<li><a href=\"https:\/\/news.google.com\/rss\/articles\/CBMi_AFBVV95cUxNcW5pYnVjQmotSjBIaXlSSHB0NWxHUVVqbUZTSTkxOU1URzNpeVBqcW5iMlNOTVNWazdKN05wOWJ3NXZVYm9SUVU5dkViSjRDbUhDRXVCVmZ3OUZpS0JNQVNkSWh4RFU1ZjhSMjhFQTAybENXdk1IcTFXRWZtQUVKTkZMS041Y1dDVUhTTXBkdG00RTBsdWhlSFlaQ1h0SGo1N19BR0JtS0FJVEl5UldpcF9QWDRkb2ZpOEN3d3dFakVYcFFxVi14OV94bU1tdHd0TmhLSGxuWTUya2RLTnNxX1VEazZfbExhdFR3ZWRGLVRTWVVXdDR2REVnRFA?oc=5\" target=\"_blank\" rel=\"nofollow noopener\">R\u00e5vareinnpakning: Bullion-rallyet fortsetter med rekordh\u00f8ye niv\u00e5er ettersom oljen stiger 2 % p\u00e5 grunn av bekymringer for tilbudet<\/a>&nbsp;&nbsp;Invezz<\/li>\n<\/ol>\n","protected":false},"excerpt":{"rendered":"Gullprisen skyter i v\u00e6ret: \u2013 Har f\u00e5tt en ny rolle&nbsp;&nbsp;inyheter.no Gullprisen setter ny rekord&nbsp;&nbsp;E24 Ellevill avkastning \u2013 sp\u00e5r&hellip;\n","protected":false},"author":2,"featured_media":120107,"comment_status":"","ping_status":"","sticky":false,"template":"","format":"standard","meta":{"footnotes":""},"categories":[56],"tags":[1658,60,61,4025,14320,62,30,28,29,572],"class_list":{"0":"post-120106","1":"post","2":"type-post","3":"status-publish","4":"format-standard","5":"has-post-thumbnail","7":"category-naeringsliv","8":"tag-bitcoin","9":"tag-business","10":"tag-economy","11":"tag-gull","12":"tag-gullpriser","13":"tag-naeringsliv","14":"tag-no","15":"tag-norge","16":"tag-norway","17":"tag-okonomi"},"share_on_mastodon":{"url":"https:\/\/pubeurope.com\/@no\/115767344071897649","error":""},"_links":{"self":[{"href":"https:\/\/www.europesays.com\/no\/wp-json\/wp\/v2\/posts\/120106","targetHints":{"allow":["GET"]}}],"collection":[{"href":"https:\/\/www.europesays.com\/no\/wp-json\/wp\/v2\/posts"}],"about":[{"href":"https:\/\/www.europesays.com\/no\/wp-json\/wp\/v2\/types\/post"}],"author":[{"embeddable":true,"href":"https:\/\/www.europesays.com\/no\/wp-json\/wp\/v2\/users\/2"}],"replies":[{"embeddable":true,"href":"https:\/\/www.europesays.com\/no\/wp-json\/wp\/v2\/comments?post=120106"}],"version-history":[{"count":0,"href":"https:\/\/www.europesays.com\/no\/wp-json\/wp\/v2\/posts\/120106\/revisions"}],"wp:featuredmedia":[{"embeddable":true,"href":"https:\/\/www.europesays.com\/no\/wp-json\/wp\/v2\/media\/120107"}],"wp:attachment":[{"href":"https:\/\/www.europesays.com\/no\/wp-json\/wp\/v2\/media?parent=120106"}],"wp:term":[{"taxonomy":"category","embeddable":true,"href":"https:\/\/www.europesays.com\/no\/wp-json\/wp\/v2\/categories?post=120106"},{"taxonomy":"post_tag","embeddable":true,"href":"https:\/\/www.europesays.com\/no\/wp-json\/wp\/v2\/tags?post=120106"}],"curies":[{"name":"wp","href":"https:\/\/api.w.org\/{rel}","templated":true}]}}