{"id":120110,"date":"2025-12-23T06:17:12","date_gmt":"2025-12-23T06:17:12","guid":{"rendered":"https:\/\/www.europesays.com\/no\/120110\/"},"modified":"2025-12-23T06:17:12","modified_gmt":"2025-12-23T06:17:12","slug":"far-aldri-feiret-dagen-med-henne","status":"publish","type":"post","link":"https:\/\/www.europesays.com\/no\/120110\/","title":{"rendered":"\u2013 F\u00e5r aldri feiret dagen med henne"},"content":{"rendered":"\n<p class=\"_lead_o9xde_2 _lead_xtcu6_50 layout-component text-serif-m layout-normal text-serif-l layout-component layout-wide layout-padded _wide_17hqh_1 layout-padded\">Atle Lie McGrath gleder seg til noen dagers pause etter mandagens herlige slal\u00e5mtriumf i Alta Badia.<\/p>\n<p><img alt=\"Atle Lie McGrath og kj\u00e6resten Maud Brandtz\u00e6g.  Foto: Privat\" class=\"_image_qp4xg_65 layout-component layout-wide\" data-fullscreen- data-track-element-type=\"Article image fullscreen\" data-track-name=\"ImageFullscreen\" fetchpriority=\"high\" decoding=\"sync\" loading=\"eager\" height=\"1600\" itemprop=\"image\"  src=\"https:\/\/www.europesays.com\/no\/wp-content\/uploads\/2025\/12\/aeb492f3-74b6-4c42-9f40-c4512a98ba99\"  style=\"object-position:0% 0%\" width=\"1066\"\/>Atle Lie McGrath og kj\u00e6resten Maud Brandtz\u00e6g.  Foto: Privat<\/p>\n<ul aria-hidden=\"true\" class=\"_images_ntbth_112\">\n<li><a class=\"_link_ntbth_117\" href=\"https:\/\/www.vg.no\/forfatter\/andreas-almli\" style=\"z-index:1\" title=\"Andreas Almli\" rel=\"nofollow noopener\" target=\"_blank\"><img alt=\"Bilde av Andreas Almli\" class=\"_image_ntbth_93\" fetchpriority=\"low\" loading=\"lazy\" decoding=\"async\" itemprop=\"image\"  src=\"https:\/\/www.europesays.com\/no\/wp-content\/uploads\/2025\/12\/1766470631_555_375927d7-c3ac-45fd-a424-5db85cd85b8f\"  width=\"480\"\/><\/a><\/li>\n<\/ul>\n<p> Oppdatert tirsdag 23. desember kl. 06:56     <\/p>\n<p class=\"_paragraph_o9xde_4 _paragraph_xtcu6_10 layout-component text-serif-m layout-normal text-serif-m layout-padded\">\u2013 Juleferien er hellig for oss alpinister. Det er den eneste ordentlige pausen vi f\u00e5r. Uansett hvilken start jeg f\u00e5r p\u00e5 sesongen, s\u00e5 er det godt \u00e5 komme hjem og v\u00e6re med familien, sier McGrath til VG,  p\u00e5 vei til samboeren, Maud Brandtz\u00e6g, som fylte 27 \u00e5r samme dag som han sikret sin fjerde verdenscupseier i Italia.<\/p>\n<p class=\"_paragraph_o9xde_4 _paragraph_xtcu6_10 layout-component text-serif-m layout-normal text-serif-m layout-padded\">\u2013 Jeg f\u00e5r aldri feiret dagen med henne, siden vi er i sesong. Vi pleier \u00e5 st\u00e5 opp tidlig for \u00e5 snakke sammen, ogs\u00e5 pleier vi \u00e5 snakke sammen p\u00e5 telefonen mellom omgangene. Det gir et perspektiv p\u00e5 ting, for det viktigste er at hun har bursdag og f\u00e5r en fin dag, sier han.<\/p>\n<p class=\"_paragraph_o9xde_4 _paragraph_xtcu6_10 layout-component text-serif-m layout-normal text-serif-m layout-padded\">Han vant foran franske Cl\u00e9ment No\u00ebl og sveitsiske Lo\u00efc Meillard. McGrath var nummer to etter f\u00f8rste omgang og orket ikke \u00e5 se p\u00e5 da lederen No\u00ebl var sistemann ut. <\/p>\n<p class=\"_paragraph_o9xde_4 _paragraph_xtcu6_10 layout-component text-serif-m layout-normal text-serif-m layout-padded\">\u2013 Det var altfor nervepirrende. Da jeg h\u00f8rte publikum sukke da han kom i m\u00e5l, skj\u00f8nte jeg at jeg hadde tatt seieren. Det er noe av det diggeste jeg har f\u00f8lt p\u00e5 lenge, sa McGrath til Viaplay.<\/p>\n<p><img alt=\"McGrath feiret kj\u00e6restens bursdag p\u00e5 toppen av pallen i  Alta Badia.  Foto: Sergio Bisi\/IPA Sport \/ ipa-agency.net \/ Pa Photos \/ NTB\" class=\"_image_qp4xg_65 layout-component layout-normal\" data-fullscreen- data-track-element-type=\"Article image fullscreen\" data-track-name=\"ImageFullscreen\" decoding=\"async\" loading=\"lazy\" height=\"2461\" itemprop=\"image\"  src=\"https:\/\/www.europesays.com\/no\/wp-content\/uploads\/2025\/12\/d81073ed-bc40-4cb9-8a3c-fbce31552c9d\"  style=\"object-position:0% 0%\" width=\"4096\"\/>McGrath feiret kj\u00e6restens bursdag p\u00e5 toppen av pallen i  Alta Badia.  Foto: Sergio Bisi\/IPA Sport \/ ipa-agency.net \/ Pa Photos \/ NTB<\/p>\n<p class=\"_paragraph_o9xde_4 _paragraph_xtcu6_10 layout-component text-serif-m layout-normal text-serif-m layout-padded\">\u2013 Hvordan st\u00e5r det til med julegavene s\u00e5 tett inn mot jul?<\/p>\n<p class=\"_paragraph_o9xde_4 _paragraph_xtcu6_10 layout-component text-serif-m layout-normal text-serif-m layout-padded\">\u2013 I \u00e5r hadde jeg alle gavene klar i november. Maud og jeg satte opp juletreet 1. november, slik at jeg kunne f\u00e5 litt julef\u00f8lelse f\u00f8r jeg dro. Gavene l\u00e5 under treet allerede da.<\/p>\n<p class=\"_paragraph_o9xde_4 _paragraph_xtcu6_10 layout-component text-serif-m layout-normal text-serif-m layout-padded\">\u2013 Skal dere feire jul sammen?<\/p>\n<p class=\"_paragraph_o9xde_4 _paragraph_xtcu6_10 layout-component text-serif-m layout-normal text-serif-m layout-padded\">\u2013 Nei, jeg skal feire jul med familien. N\u00e5 er det \u00e5 komme seg opp p\u00e5 fjellet, feire en klassisk norsk jul med tradisjon, kultur og mat som man savner p\u00e5 reise. Heldigvis gir fett fart i alpint, s\u00e5 man kan tillate seg \u00e5 kose seg, sier han.<\/p>\n<p class=\"_paragraph_o9xde_4 _paragraph_xtcu6_10 layout-component text-serif-m layout-normal text-serif-m layout-padded\">I begynnelsen av februar starter OL i Italia. McGrath venter noen uker med \u00e5 flytte blikket dit.<\/p>\n<p class=\"_paragraph_o9xde_4 _paragraph_xtcu6_10 layout-component text-serif-m layout-normal text-serif-m layout-padded\">\u2013 Jeg har delt opp sesongen, der verdenscupen st\u00e5r i fokus n\u00e5, f\u00f8r jeg g\u00e5r inn i OL-boblen n\u00e5r den tid kommer. <\/p>\n<p class=\"_paragraph_o9xde_4 _paragraph_xtcu6_10 layout-component text-serif-m layout-normal text-serif-m layout-padded\">Men f\u00f8rst skal han alts\u00e5 ha noen fridager.<\/p>\n<p class=\"_paragraph_o9xde_4 _paragraph_xtcu6_10 layout-component text-serif-m layout-normal text-serif-m layout-padded\">\u2013 Jeg er vant til at det g\u00e5r i hundre, s\u00e5 jeg kommer nok til \u00e5 nyte det enda mer n\u00e5r jeg v\u00e5kner hjemme.<\/p>\n","protected":false},"excerpt":{"rendered":"Atle Lie McGrath gleder seg til noen dagers pause etter mandagens herlige slal\u00e5mtriumf i Alta Badia. Atle Lie&hellip;\n","protected":false},"author":2,"featured_media":120111,"comment_status":"","ping_status":"","sticky":false,"template":"","format":"standard","meta":{"footnotes":""},"categories":[59],"tags":[249,5961,5593,30,28,29,83,82],"class_list":{"0":"post-120110","1":"post","2":"type-post","3":"status-publish","4":"format-standard","5":"has-post-thumbnail","7":"category-sport","8":"tag-alpint","9":"tag-atle-lie-mcgrath","10":"tag-jul","11":"tag-no","12":"tag-norge","13":"tag-norway","14":"tag-sport","15":"tag-sports"},"share_on_mastodon":{"url":"https:\/\/pubeurope.com\/@no\/115767426919484025","error":""},"_links":{"self":[{"href":"https:\/\/www.europesays.com\/no\/wp-json\/wp\/v2\/posts\/120110","targetHints":{"allow":["GET"]}}],"collection":[{"href":"https:\/\/www.europesays.com\/no\/wp-json\/wp\/v2\/posts"}],"about":[{"href":"https:\/\/www.europesays.com\/no\/wp-json\/wp\/v2\/types\/post"}],"author":[{"embeddable":true,"href":"https:\/\/www.europesays.com\/no\/wp-json\/wp\/v2\/users\/2"}],"replies":[{"embeddable":true,"href":"https:\/\/www.europesays.com\/no\/wp-json\/wp\/v2\/comments?post=120110"}],"version-history":[{"count":0,"href":"https:\/\/www.europesays.com\/no\/wp-json\/wp\/v2\/posts\/120110\/revisions"}],"wp:featuredmedia":[{"embeddable":true,"href":"https:\/\/www.europesays.com\/no\/wp-json\/wp\/v2\/media\/120111"}],"wp:attachment":[{"href":"https:\/\/www.europesays.com\/no\/wp-json\/wp\/v2\/media?parent=120110"}],"wp:term":[{"taxonomy":"category","embeddable":true,"href":"https:\/\/www.europesays.com\/no\/wp-json\/wp\/v2\/categories?post=120110"},{"taxonomy":"post_tag","embeddable":true,"href":"https:\/\/www.europesays.com\/no\/wp-json\/wp\/v2\/tags?post=120110"}],"curies":[{"name":"wp","href":"https:\/\/api.w.org\/{rel}","templated":true}]}}