{"id":120114,"date":"2025-12-23T06:24:16","date_gmt":"2025-12-23T06:24:16","guid":{"rendered":"https:\/\/www.europesays.com\/no\/120114\/"},"modified":"2025-12-23T06:24:16","modified_gmt":"2025-12-23T06:24:16","slug":"jake-paul-jutta-leerdam-knallhardt-ut-mot-jake-paul-jeg-skammer-meg","status":"publish","type":"post","link":"https:\/\/www.europesays.com\/no\/120114\/","title":{"rendered":"Jake paul, Jutta Leerdam | Knallhardt ut mot Jake Paul: \u2013 Jeg skammer meg"},"content":{"rendered":"\n<p>L\u00f8rdag ble influenser og bokser Jake Paul flere hakk for liten i sin duell med tidligere tungvektsmester Anthony Joshua.<\/p>\n<p>I kj\u00f8lvannet av den mye omtalte kampen har reaksjonene haglet fra boksemilj\u00f8et.<\/p>\n<p>\u2013 En s\u00f8rgelig dag for boksingen. En slik kamp lokker et helt nytt publikum til sporten, men s\u00e5 f\u00e5r de servert denne dritten. Mange tror kanskje dette er proffboksing, men det stemmer ikke, raser tidligere verdensmester Carl Frock p\u00e5 sin YouTube-kanal.<\/p>\n<p>\u2013 Det handler bare om penger. Jeg skammer meg p\u00e5 begges vegne, men Joshua fikk i det minste jobben gjort. Dette var en vits av en kamp og Jake Paul er en stor klovn, freser Froch videre i sin omtale av kampen.<\/p>\n<p>N\u00e5del\u00f8s dom: \u2013 Han blir aldri respektert<\/p>\n<p>Paulie Malignaggi, ogs\u00e5 tidligere verdensmester, er heller ikke n\u00e5dig i sin dom mot det som foregikk i ringen.<\/p>\n<p>\u2013 Jake Paul l\u00f8p for livet og var ikke interessert i \u00e5 bokse. Han fors\u00f8kte aldri \u00e5 vinne. Det var en overlevelsestaktikk, mener han.<\/p>\n<p>\u2013 Jo lengre det p\u00e5gikk, jo mer ble det en farse, sier Malignaggi.<\/p>\n<p><b>Les ogs\u00e5: <a href=\"https:\/\/www.nettavisen.no\/sport\/keane-ber-spillerne-ta-oppgjor-med-united-stjerne\/s\/5-95-2792716\" rel=\"Follow nofollow noopener\" target=\"_blank\">Roy Keane peker ut United-stjerne: \u2013 Han gj\u00f8r ikke nok<\/a><\/b><\/p>\n<p>Sistnevnte er mest rystet over at Paul ikke engang fors\u00f8kte \u00e5 gi Joshua kamp.<\/p>\n<p>\u2013 Hadde han kjempet hardt i tre minutter og s\u00e5 blitt knocket, hadde han f\u00e5tt mer respekt. Dette var hans store sjanse, men n\u00e5 kommer han aldri til \u00e5 bli respektert i bokseverdenen etter dette, mener han.<\/p>\n<p>   <img decoding=\"async\" width=\"2843\" height=\"1895\" fetchpriority=\"low\"  loading=\"lazy\"  src=\"https:\/\/www.europesays.com\/no\/wp-content\/uploads\/2025\/12\/NTB_RjdebwjpqjY.jpg\" alt=\"Anthony Joshua holds on to Jake Paul during their heavyweight boxing match, Friday, Dec. 19, 2025, in Miami, Fla. (AP Photo\/Lynne Sladky)\" class=\"brick-c-cFOWSL\" style=\"--brick-image-ratio: 2843 \/ 1895;\"\/><\/p>\n<p>      TAPTE: Jake Paul i duell med Anthony Joshua.<br \/>\n      Foto: Lynne Sladky (AP)\n    <\/p>\n<p>Til tross for mange negative reaksjoner, har det ogs\u00e5 kommet mer positiv omtale av begivenheten.<\/p>\n<p>\u2013 Uansett resultat s\u00e5 gikk Jake Paul i ringen og gjorde sitt beste mot en som har tatt medalje i OL og er tidligere tungvektsmester. Det er mer enn de aller fleste hadde klart. Vi m\u00e5 gi ham respekt n\u00e5, skriver briten Chris Eubanks Jr. p\u00e5 X.<\/p>\n<p>Andr\u00e9 Ward, som i sin tid gikk ubeseiret i 32 kamper som proffbokser, lot seg ogs\u00e5 underholde av kampen.<\/p>\n<p><b>Les ogs\u00e5: <a href=\"https:\/\/www.nettavisen.no\/sport\/nrk-profil-skaper-overskrifter-i-sverige-sjokkerer-norge\/s\/5-95-2793311\" rel=\"Follow nofollow noopener\" target=\"_blank\">NRK-profil lager overskrifter i Sverige: \u2013 Sjokkerer Norge <\/a><\/b><\/p>\n<p>\u2013 Jake Paul var bra nok til \u00e5 gj\u00f8re dette interessant en liten stund. Men da han ble truffet, fikk han panikk, mener Ward.<\/p>\n<p>Delte pengebilde: Leerdam kommenterte<\/p>\n<p>Selv om Jake Paul fikk bra med juling av Joshua, og m\u00e5tte gjennom en operasjon i kjeven etter kampen, har han ikke latt anledningen g\u00e5 fra seg til \u00e5 h\u00f8ste likes og kommentarer i kj\u00f8lvannet av kampen.<\/p>\n<p>S\u00f8ndag la han ut et bilde p\u00e5 Instagram av seg selv p\u00e5 et fly, sammen med en haug av penger str\u00f8dd rundt i kabinen, v\u00e5pen og handleposer.<\/p>\n<p>\u2013 Den amerikanske dr\u00f8mmen. Du kan starte din i dag. Du m\u00e5 tro p\u00e5 det, skriver Paul.<\/p>\n<p>Influenserens h\u00f8yprofilerte kj\u00e6reste, sk\u00f8ytel\u00f8peren Jutta Leerdam, er blant dem som har kommentert p\u00e5 det sm\u00e5tt pomp\u00f8se innlegget.<\/p>\n<p>\u2013 Jeg er stolt, er den korte meldingen fra den nederlandske stjernen.<\/p>\n<p>Paul selv har for \u00f8vrig avvist at han legger boksingen p\u00e5 hyllen til tross for tapet mot Joshua.<\/p>\n<p>\u2013 Jeg m\u00e5 f\u00e5 fikset kjeven min, s\u00e5 skal jeg tilbake i ringen for \u00e5 kjempe mot motstandere i min egen vektklasse. M\u00e5let mitt er verdensmestertittelen i tungvekt, ble Paul sitert p\u00e5 av Talksport.<\/p>\n","protected":false},"excerpt":{"rendered":"L\u00f8rdag ble influenser og bokser Jake Paul flere hakk for liten i sin duell med tidligere tungvektsmester Anthony&hellip;\n","protected":false},"author":2,"featured_media":120115,"comment_status":"","ping_status":"","sticky":false,"template":"","format":"standard","meta":{"footnotes":""},"categories":[59],"tags":[30,28,29,83,82],"class_list":{"0":"post-120114","1":"post","2":"type-post","3":"status-publish","4":"format-standard","5":"has-post-thumbnail","7":"category-sport","8":"tag-no","9":"tag-norge","10":"tag-norway","11":"tag-sport","12":"tag-sports"},"share_on_mastodon":{"url":"https:\/\/pubeurope.com\/@no\/115767454334295878","error":""},"_links":{"self":[{"href":"https:\/\/www.europesays.com\/no\/wp-json\/wp\/v2\/posts\/120114","targetHints":{"allow":["GET"]}}],"collection":[{"href":"https:\/\/www.europesays.com\/no\/wp-json\/wp\/v2\/posts"}],"about":[{"href":"https:\/\/www.europesays.com\/no\/wp-json\/wp\/v2\/types\/post"}],"author":[{"embeddable":true,"href":"https:\/\/www.europesays.com\/no\/wp-json\/wp\/v2\/users\/2"}],"replies":[{"embeddable":true,"href":"https:\/\/www.europesays.com\/no\/wp-json\/wp\/v2\/comments?post=120114"}],"version-history":[{"count":0,"href":"https:\/\/www.europesays.com\/no\/wp-json\/wp\/v2\/posts\/120114\/revisions"}],"wp:featuredmedia":[{"embeddable":true,"href":"https:\/\/www.europesays.com\/no\/wp-json\/wp\/v2\/media\/120115"}],"wp:attachment":[{"href":"https:\/\/www.europesays.com\/no\/wp-json\/wp\/v2\/media?parent=120114"}],"wp:term":[{"taxonomy":"category","embeddable":true,"href":"https:\/\/www.europesays.com\/no\/wp-json\/wp\/v2\/categories?post=120114"},{"taxonomy":"post_tag","embeddable":true,"href":"https:\/\/www.europesays.com\/no\/wp-json\/wp\/v2\/tags?post=120114"}],"curies":[{"name":"wp","href":"https:\/\/api.w.org\/{rel}","templated":true}]}}