{"id":120116,"date":"2025-12-23T06:28:08","date_gmt":"2025-12-23T06:28:08","guid":{"rendered":"https:\/\/www.europesays.com\/no\/120116\/"},"modified":"2025-12-23T06:28:08","modified_gmt":"2025-12-23T06:28:08","slug":"usa-stanser-godkjenning-av-utenlandske-droner","status":"publish","type":"post","link":"https:\/\/www.europesays.com\/no\/120116\/","title":{"rendered":"USA stanser godkjenning av utenlandske droner"},"content":{"rendered":"\n<p class=\"_lead_o9xde_2 _lead_xtcu6_50 layout-component text-serif-m layout-normal text-serif-l layout-component layout-wide layout-padded _wide_17hqh_1 layout-padded\">USAs kommunikasjonstilsyn FCC viser til rikets sikkerhet og sier de ikke lenger vil godkjenne import og salg av nye utenlandske droner.<\/p>\n<p><img alt=\"USAs kommunikasjonstilsyn FCC sier de ikke lenger vil godkjenne nye dronemodeller fra utenlandske produsenter, inkludert verdens st\u00f8rste droneleverand\u00f8r, kinesiske DJI.  Foto: Rodrigo Freitas \/ NTB\" class=\"_image_qp4xg_65 layout-component layout-wide\" data-fullscreen- data-track-element-type=\"Article image fullscreen\" data-track-name=\"ImageFullscreen\" fetchpriority=\"high\" decoding=\"sync\" loading=\"eager\" height=\"5156\" itemprop=\"image\"  src=\"https:\/\/www.europesays.com\/no\/wp-content\/uploads\/2025\/12\/b2945870-e949-42e9-a554-a3d98ccac382\"  style=\"object-position:0% 0%\" width=\"7734\"\/>USAs kommunikasjonstilsyn FCC sier de ikke lenger vil godkjenne nye dronemodeller fra utenlandske produsenter, inkludert verdens st\u00f8rste droneleverand\u00f8r, kinesiske DJI.  Foto: Rodrigo Freitas \/ NTB<\/p>\n<ul aria-hidden=\"true\" class=\"_images_ntbth_112\">\n<li><a class=\"_link_ntbth_117\" href=\"https:\/\/www.vg.no\/forfatter\/ntb\" style=\"z-index:1\" title=\"NTB\" rel=\"nofollow noopener\" target=\"_blank\"><img alt=\"Bilde av NTB\" class=\"_image_ntbth_93\" fetchpriority=\"low\" loading=\"lazy\" decoding=\"async\" itemprop=\"image\"  src=\"https:\/\/www.europesays.com\/no\/wp-content\/uploads\/2025\/12\/1766471288_807_c33980b0-5d07-4027-84a1-813f90a7c8d6\"  width=\"480\"\/><\/a><\/li>\n<\/ul>\n<p> Oppdatert tirsdag 23. desember kl. 05:05     <\/p>\n<p class=\"_paragraph_o9xde_4 _paragraph_xtcu6_10 layout-component text-serif-m layout-normal text-serif-m layout-padded\">Kinesiske DJI og Autel blir sammen med andre utenlandske droneprodusenter satt opp p\u00e5 tilsynets liste over selskaper som ikke vil f\u00e5 godkjent nye modeller og deler. Uten slik godkjenning kan ikke dronene selges i <a href=\"https:\/\/www.vg.no\/tag\/usa?utm_source=vg-article&amp;utm_medium=auto-tagger&amp;utm_campaign=6qjPX3\" class=\"_link_o9xde_39\" rel=\"nofollow noopener\" target=\"_blank\">USA<\/a>.<\/p>\n<p class=\"_paragraph_o9xde_4 _paragraph_xtcu6_10 layout-component text-serif-m layout-normal text-serif-m layout-padded\">Mandagens beslutning er en kraftig opptrapping av amerikanske myndigheters innsats mot kinesiske droner de siste \u00e5rene. I september varslet handelsdepartementet innstramminger p\u00e5 importen av kinesiske droner.<\/p>\n<p class=\"_paragraph_o9xde_4 _paragraph_xtcu6_10 layout-component text-serif-m layout-normal text-serif-m layout-padded\">FCCs beslutning hindrer imidlertid ikke import og salg av dronemodeller som allerede er godkjent. Tilsynet sier ogs\u00e5 at den ikke f\u00e5r noen betydning for droner som allerede er kj\u00f8pt inn, og at forbrukere lovlig kan fortsette \u00e5 bruke droner som allerede er godkjent.<\/p>\n<p class=\"_paragraph_o9xde_4 _paragraph_xtcu6_10 layout-component text-serif-m layout-normal text-serif-m layout-padded\">DJI, som er verdens st\u00f8rste produsent av droner, sier de er skuffet over vedtaket, og sier det ikke har kommet noen opplysninger om hva slags informasjon som ligger til grunn for myndighetenes vurdering.<\/p>\n","protected":false},"excerpt":{"rendered":"USAs kommunikasjonstilsyn FCC viser til rikets sikkerhet og sier de ikke lenger vil godkjenne import og salg av&hellip;\n","protected":false},"author":2,"featured_media":120117,"comment_status":"","ping_status":"","sticky":false,"template":"","format":"standard","meta":{"footnotes":""},"categories":[12],"tags":[20,21,1014,24,25,15,22,23,13,30,28,29,14,16,26,27,50,42,43,44,45],"class_list":{"0":"post-120116","1":"post","2":"type-post","3":"status-publish","4":"format-standard","5":"has-post-thumbnail","7":"category-verden","8":"tag-breaking-news","9":"tag-breakingnews","10":"tag-droner","11":"tag-featured-news","12":"tag-featurednews","13":"tag-headlines","14":"tag-latest-news","15":"tag-latestnews","16":"tag-news","17":"tag-no","18":"tag-norge","19":"tag-norway","20":"tag-nyheter","21":"tag-overskrifter","22":"tag-top-stories","23":"tag-topstories","24":"tag-usa","25":"tag-verden","26":"tag-world","27":"tag-world-news","28":"tag-worldnews"},"share_on_mastodon":{"url":"https:\/\/pubeurope.com\/@no\/115767470186467524","error":""},"_links":{"self":[{"href":"https:\/\/www.europesays.com\/no\/wp-json\/wp\/v2\/posts\/120116","targetHints":{"allow":["GET"]}}],"collection":[{"href":"https:\/\/www.europesays.com\/no\/wp-json\/wp\/v2\/posts"}],"about":[{"href":"https:\/\/www.europesays.com\/no\/wp-json\/wp\/v2\/types\/post"}],"author":[{"embeddable":true,"href":"https:\/\/www.europesays.com\/no\/wp-json\/wp\/v2\/users\/2"}],"replies":[{"embeddable":true,"href":"https:\/\/www.europesays.com\/no\/wp-json\/wp\/v2\/comments?post=120116"}],"version-history":[{"count":0,"href":"https:\/\/www.europesays.com\/no\/wp-json\/wp\/v2\/posts\/120116\/revisions"}],"wp:featuredmedia":[{"embeddable":true,"href":"https:\/\/www.europesays.com\/no\/wp-json\/wp\/v2\/media\/120117"}],"wp:attachment":[{"href":"https:\/\/www.europesays.com\/no\/wp-json\/wp\/v2\/media?parent=120116"}],"wp:term":[{"taxonomy":"category","embeddable":true,"href":"https:\/\/www.europesays.com\/no\/wp-json\/wp\/v2\/categories?post=120116"},{"taxonomy":"post_tag","embeddable":true,"href":"https:\/\/www.europesays.com\/no\/wp-json\/wp\/v2\/tags?post=120116"}],"curies":[{"name":"wp","href":"https:\/\/api.w.org\/{rel}","templated":true}]}}