{"id":120124,"date":"2025-12-23T06:53:09","date_gmt":"2025-12-23T06:53:09","guid":{"rendered":"https:\/\/www.europesays.com\/no\/120124\/"},"modified":"2025-12-23T06:53:09","modified_gmt":"2025-12-23T06:53:09","slug":"flaklypa-fra-paris-til-pyramidene","status":"publish","type":"post","link":"https:\/\/www.europesays.com\/no\/120124\/","title":{"rendered":"\u00abFl\u00e5klypa \u2013 fra Paris til pyramidene\u00bb"},"content":{"rendered":"\n<p class=\"_prefix_nfjwc_1\">Filmanmeldelse\u00abFl\u00e5klypa \u2013 fra Paris til pyramidene\u00bb<\/p>\n<p>Terningkast 5<\/p>\n<p class=\"_lead_o9xde_2 _lead_xtcu6_50 layout-component text-serif-m layout-normal text-serif-l _lead_1k67c_21 layout-component layout-normal layout-padded layout-padded\">Erstatter den originalen for nostalgiske menn i 50-\u00e5rene? Selvf\u00f8lgelig ikke. Men er den g\u00f8y for dem den er ment p\u00e5 v\u00e6re g\u00f8y for? \u00c5ja.<\/p>\n<p>Jeg har jobbet som kritiker og journalist siden 1987. Har bakgrunn som magasinredakt\u00f8r og journalist i Aftenposten, Bergens Tidende, Dagsavisen med flere. Har oversatt sakprosa og arbeidet i radio og TV, og v\u00e6rt tilknyttet VG siden 2003. <\/p>\n<p><a href=\"https:\/\/www.vg.no\/rampelys\/i\/BxJ5E9\/mailto:morten.stale.nilsen@vg.no\" class=\"_button_6bkpv_2 button-label-large _filled_6bkpv_106 _button_1xhag_75\" rel=\"nofollow noopener\" target=\"_blank\">E-post<\/a><img alt=\"MEN SOLAN DA!: Scene fra \u00abFl\u00e5klypa \u2013 fra Paris til pyramidene\u00bb. Foto: Qvisten Animation \/ Nordisk Film Distribusjon\" class=\"_image_qp4xg_65 layout-component layout-wide\" data-fullscreen- data-track-element-type=\"Article image fullscreen\" data-track-name=\"ImageFullscreen\" fetchpriority=\"high\" decoding=\"sync\" loading=\"eager\" height=\"1716\" itemprop=\"image\"  src=\"https:\/\/www.europesays.com\/no\/wp-content\/uploads\/2025\/12\/ac26ba47-dd63-49e9-967a-594a34b086bb\"  style=\"object-position:52.16064453125% 50.2039627039627%\" width=\"4096\"\/>MEN SOLAN DA!: Scene fra \u00abFl\u00e5klypa \u2013 fra Paris til pyramidene\u00bb. Foto: Qvisten Animation \/ Nordisk Film DistribusjonTirsdag 23. desember kl. 07:15     <\/p>\n<p class=\"_paragraph_o9xde_4 _paragraph_xtcu6_10 layout-component text-serif-m layout-normal text-serif-m layout-padded\">\u00abProblemet\u00bb med \u00abFl\u00e5klypa \u2013 fra Paris til pyramidene\u00bb, i den grad det er et problem (jeg synes ikke det er det), er at den, ved \u00e5 handle om et bilrace, legger seg s\u00e5 tett opp til <a href=\"https:\/\/www.vg.no\/rampelys\/i\/AoLdx\/flaaklypa-grand-prix-og-ni-liv-aarhundrets-filmer\" data-track-element-type=\"Link\" data-track-id=\"link:AoLdx\" class=\"_link_o9xde_39\" rel=\"nofollow noopener\" target=\"_blank\">Norges mest elskede film gjennom tidene<\/a>, \u00ab<a href=\"https:\/\/www.vg.no\/rampelys\/i\/4M0qo\/flaaklypa-faar-nytt-liv\" data-track-element-type=\"Link\" data-track-id=\"link:4M0qo\" class=\"_link_o9xde_39\" rel=\"nofollow noopener\" target=\"_blank\">Fl\u00e5klypa Grand Prix<\/a>\u00bb (1975).<\/p>\n<p class=\"_paragraph_o9xde_4 _paragraph_xtcu6_10 layout-component text-serif-m layout-normal text-serif-m layout-padded\">Regiss\u00f8ren <a href=\"https:\/\/www.vg.no\/rampelys\/i\/ndwG5\/han-lokket-over-en-million-paa-kino-i-2013\" data-track-element-type=\"Link\" data-track-id=\"link:ndwG5\" class=\"_link_o9xde_39\" rel=\"nofollow noopener\" target=\"_blank\">Rasmus A. Sivertsen<\/a>s tidligere Fl\u00e5klypa-eventyr (\u00ab<a href=\"https:\/\/www.vg.no\/rampelys\/i\/BOK2G\/film-godlynt-gjensyn-i-snoefoeyka\" data-track-element-type=\"Link\" data-track-id=\"link:BOK2G\" class=\"_link_o9xde_39\" rel=\"nofollow noopener\" target=\"_blank\">Jul i Fl\u00e5klypa<\/a>\u00bb, 2013; \u00ab<a href=\"https:\/\/www.vg.no\/rampelys\/i\/OMdPw\/filmanmeldelse-solan-og-ludvig-herfra-til-flaaklypa\" data-track-element-type=\"Link\" data-track-id=\"link:OMdPw\" class=\"_link_o9xde_39\" rel=\"nofollow noopener\" target=\"_blank\">Herfra til Fl\u00e5klypa<\/a>\u00bb, 2015 og \u00ab<a href=\"https:\/\/www.vg.no\/rampelys\/i\/Kvm1me\/filmanmeldelse-maanelyst-i-flaaklypa-bomtur-til-maanen\" data-track-element-type=\"Link\" data-track-id=\"link:Kvm1me\" class=\"_link_o9xde_39\" rel=\"nofollow noopener\" target=\"_blank\">M\u00e5nelyst i Fl\u00e5klypa<\/a>\u00bb, 2018) har i varierende grad handlet om fart og hastighet og folk som konkurrerer mot hverandre, de ogs\u00e5.<\/p>\n<p class=\"font-weight-semi-bold color-accent label-medium _label_16v91_20\">Anmeldelse<\/p>\n<p> \u00abFl\u00e5klypa \u2013 fra Paris til pyramidene\u00bb<\/p>\n<p class=\"_paragraph_o9xde_4 _paragraph_xtcu6_10 _paragraph_16v91_10 layout-component text-serif-m layout-normal text-sans-m layout-padded\">\u2022 Norske stemmer: Pia Borgli, Trond Espen Seim, \u00d8yvind Brantz\u00e6g, Annekke von der Lippe, Paul-Ottar Haga, Mari Maurstad, Dennis Storh\u00f8i<\/p>\n<p class=\"_paragraph_o9xde_4 _paragraph_xtcu6_10 _paragraph_16v91_10 layout-component text-serif-m layout-normal text-sans-m layout-padded\">\u2022 Regi: Rasmus A. Sivertsen<\/p>\n<p class=\"_paragraph_o9xde_4 _paragraph_xtcu6_10 _paragraph_16v91_10 layout-component text-serif-m layout-normal text-sans-m layout-padded\">\u2022 Premiere p\u00e5 kino torsdag 25. desember<\/p>\n<p class=\"_paragraph_o9xde_4 _paragraph_xtcu6_10 _paragraph_16v91_10 layout-component text-serif-m layout-normal text-sans-m layout-padded\">\u2022 Animasjonsfilm \/ familiefilm. Norge. Tillatt for alle. 1 time og 22 minutter<\/p>\n<p>Vis mer<\/p>\n<p class=\"_paragraph_o9xde_4 _paragraph_xtcu6_10 layout-component text-serif-m layout-normal text-serif-m layout-padded\">Men denne gangen bl\u00e5ser de jaggu st\u00f8vet av selveste <a href=\"https:\/\/www.vg.no\/rampelys\/i\/OMOq3\/full-strid-om-il-tempo-gigante\" data-track-element-type=\"Link\" data-track-id=\"link:OMOq3\" class=\"_link_o9xde_39\" rel=\"nofollow noopener\" target=\"_blank\">Il Tempo Gigante<\/a>. Og risikerer med det \u00e5 tr\u00e5kke p\u00e5 barndomsminnene til Norsk Mann (40-60). Norsk Mann (40-60) er en type som ikke liker det s\u00e5 godt n\u00e5r barndomsminnene hans blir tr\u00e5kket p\u00e5. Og som har den tipp-topp moderne fiberoptiske internett-oppkoblingen som skal til for \u00e5 si fra n\u00e5r s\u00e5 skjer.<\/p>\n<p><img alt=\"BL\u00c5SER ST\u00d8VET AV IKONET: Scene fra \u00abFl\u00e5klypa \u2013 fra Paris til pyramidene\u00bb.  Foto: Qvisten Animation \/ Nordisk Film Distribusjon\" class=\"_image_qp4xg_65 layout-component layout-normal\" data-fullscreen- data-track-element-type=\"Article image fullscreen\" data-track-name=\"ImageFullscreen\" decoding=\"async\" loading=\"lazy\" height=\"4500\" itemprop=\"image\"  src=\"https:\/\/www.europesays.com\/no\/wp-content\/uploads\/2025\/12\/e35b4596-40bc-42d7-90e6-68216b5ffac8\"  style=\"object-position:29.512500000000003% 50.33333333333333%\" width=\"8000\"\/>BL\u00c5SER ST\u00d8VET AV IKONET: Scene fra \u00abFl\u00e5klypa \u2013 fra Paris til pyramidene\u00bb.  Foto: Qvisten Animation \/ Nordisk Film Distribusjon<\/p>\n<p class=\"_paragraph_o9xde_4 _paragraph_xtcu6_10 layout-component text-serif-m layout-normal text-serif-m layout-padded\">Men \u00e6rlig talt. \u00abFl\u00e5klypa \u2013 fra Paris til pyramidene\u00bb er ikke for oss. Den er for barna og barnebarna v\u00e5re. Det eneste vi trenger \u00e5 sp\u00f8rre oss om, er dette: Kommer de til \u00e5 le og kose seg? Det er jeg helt sikker p\u00e5 at de kommer til \u00e5 gj\u00f8re. At jeg gjorde det selv, er ren bonus.<\/p>\n<p><img alt=\"HERLIG GJENG: Scene fra \u00abFl\u00e5klypa \u2013 fra Paris til pyramidene\u00bb.  Foto: Qvisten Animation \/ Nordisk Film Distribusjon\" class=\"_image_qp4xg_65 layout-component layout-normal\" data-fullscreen- data-track-element-type=\"Article image fullscreen\" data-track-name=\"ImageFullscreen\" decoding=\"async\" loading=\"lazy\" height=\"1716\" itemprop=\"image\"  src=\"https:\/\/www.europesays.com\/no\/wp-content\/uploads\/2025\/12\/f3e92317-fe25-49f0-a56f-8939711b5798\"  style=\"object-position:48.095703125% 58.3041958041958%\" width=\"4096\"\/>HERLIG GJENG: Scene fra \u00abFl\u00e5klypa \u2013 fra Paris til pyramidene\u00bb.  Foto: Qvisten Animation \/ Nordisk Film Distribusjon<\/p>\n<p class=\"_paragraph_o9xde_4 _paragraph_xtcu6_10 layout-component text-serif-m layout-normal text-serif-m layout-padded\">Reodor Felgen (<a href=\"https:\/\/www.vg.no\/tag\/oeyvind-brandtzaeg\" class=\"_link_o9xde_39\" rel=\"nofollow noopener\" target=\"_blank\">\u00d8yvind Brandtz\u00e6g<\/a>) har som f\u00f8lge av et par mislykkede prosjekter blitt p\u00e5lagt forbud mot \u00e5 finne opp ting av de som bestemmer der oppe i Fl\u00e5klypa. Men innbefatter forbudet reparasjoner? \u00c5 sette i stand Il Tempo Gigante, og \u00e5 (her kan jeg v\u00e6re enig i at filmen n\u00e6rmer seg det kontroversielle) male den r\u00f8d, m\u00e5 da v\u00e6re innafor?<\/p>\n<p class=\"_paragraph_o9xde_4 _paragraph_xtcu6_10 layout-component text-serif-m layout-normal text-serif-m layout-padded\">Omtrent samtidig med at st\u00f8vdekselet rives av doningen fra 1975, snubler Solan (<a href=\"https:\/\/www.vg.no\/rampelys\/i\/yE20qe\/anmeldelse-affeksjonsverdi\" data-track-element-type=\"Link\" data-track-id=\"link:yE20qe\" class=\"_link_o9xde_39\" rel=\"nofollow noopener\" target=\"_blank\">Pia Borgli<\/a>) over et Norgesglass med drivstoffet Metan rapido potente i garasjen. V\u00e5re venner, som selvsagt ogs\u00e5 inkluderer engstelige Ludvig (<a href=\"https:\/\/www.vg.no\/rampelys\/i\/Oov4xV\/anmeldelse-i-kjaerlighetens-navn\" data-track-element-type=\"Link\" data-track-id=\"link:Oov4xV\" class=\"_link_o9xde_39\" rel=\"nofollow noopener\" target=\"_blank\">Trond Espen Seim<\/a>), har n\u00e5 en uhyre rask bil, med selbum\u00f8nster p\u00e5 dekkene og NAF-veiboken fra 1978 som GPS, og en revolusjonerende type brensel (delvis basert p\u00e5 ku-promp) p\u00e5 tanken.<\/p>\n<p class=\"_paragraph_o9xde_4 _paragraph_xtcu6_10 layout-component text-serif-m layout-normal text-serif-m layout-padded\">N\u00e5 mangler de bare en konkurranse. Den kommer da Ellen Busk (<a href=\"https:\/\/www.vg.no\/rampelys\/i\/yPa9E\/anneke-von-der-lippe-vant-emmy-pris-helt-vanvittig\" data-track-element-type=\"Link\" data-track-id=\"link:yPa9E\" class=\"_link_o9xde_39\" rel=\"nofollow noopener\" target=\"_blank\">Annekke von der Lippe<\/a>) \u2013 <a href=\"https:\/\/www.vg.no\/tag\/elon-musk\" class=\"_link_o9xde_39\" rel=\"nofollow noopener\" target=\"_blank\">enhver likhet med virkelighetens Elon Musk er tiltenkt<\/a> \u2013 inviterer til et bilrace som skal g\u00e5 fra Paris (\u00abEuropas Troms\u00f8!\u00bb) til pyramidene i Egypt.<\/p>\n<p class=\"_paragraph_o9xde_4 _paragraph_xtcu6_10 layout-component text-serif-m layout-normal text-serif-m layout-padded\">Busks beveggrunner for \u00e5 arrangere racet, er merkantile: Hun har funnet opp det hun mener er verdens beste og raskeste el-bil, E-Lux, aerodynamisk som en fransk bagett, og trenger \u00e5 markedsf\u00f8re den. Hun er helt sikker p\u00e5 \u00e5 vinne. I verste fall har hun en robot, Super X (<a href=\"https:\/\/www.vg.no\/tag\/stian-blipp\" class=\"_link_o9xde_39\" rel=\"nofollow noopener\" target=\"_blank\">Stian Blipp<\/a>), som kan hjelpe henne \u00e5 jukse.<\/p>\n<p><img alt=\"JUKSEPAVER: Scene fra \u00abFl\u00e5klypa \u2013 fra Paris til pyramidene\u00bb.  Foto: Qvisten Animation \/ Nordisk Film Distribusjon\" class=\"_image_qp4xg_65 layout-component layout-normal\" data-fullscreen- data-track-element-type=\"Article image fullscreen\" data-track-name=\"ImageFullscreen\" decoding=\"async\" loading=\"lazy\" height=\"1716\" itemprop=\"image\"  src=\"https:\/\/www.europesays.com\/no\/wp-content\/uploads\/2025\/12\/a4ebb6ac-7d6d-43ea-8dc0-47c4c27bcf8b\"  style=\"object-position:34.08203125% 51.74825174825175%\" width=\"4096\"\/>JUKSEPAVER: Scene fra \u00abFl\u00e5klypa \u2013 fra Paris til pyramidene\u00bb.  Foto: Qvisten Animation \/ Nordisk Film Distribusjon<\/p>\n<p class=\"_paragraph_o9xde_4 _paragraph_xtcu6_10 layout-component text-serif-m layout-normal text-serif-m layout-padded\">Reodor, Solan og Ludvig lar seg lokke til \u00e5 delta, oppmuntret og finansiert av den amerikaniserte n\u00e6ringslivs-duksen Hagbartsen (Paul-Ottar Haga). Til Frankrike b\u00e6rer det, der Ludvig skal forelske seg og \u00e5rets mest sjenerte romanse utspille seg (med Lisa, gitt stemme av <a href=\"https:\/\/www.vg.no\/tag\/mari-maurstad\" class=\"_link_o9xde_39\" rel=\"nofollow noopener\" target=\"_blank\">Mari Maurstad<\/a>) og Solan, i et anfall av sjalusi, skal bytte lag og g\u00e5 til sengs med fienden.<\/p>\n<p class=\"_paragraph_o9xde_4 _paragraph_xtcu6_10 layout-component text-serif-m layout-normal text-serif-m layout-padded\">G\u00e5r bra til slutt? Det skal jeg ikke si noe om. Jeg kan si at selve racet aldri blir like spennende som det i filmen fra 1975 (som har holdt seg utrolig godt). Men at det er mye i \u00abFl\u00e5klypa \u2013 fra Paris til pyramidene\u00bb som mer enn veier opp: Finfin, glassklar dataanimasjon, humreverdig humor for b\u00e5de liten og stor, mye hjerte og godt norsk bondevett.<\/p>\n<p><img alt=\"SJENERT ROMANSE: Scene fra \u00abFl\u00e5klypa \u2013 fra Paris til pyramidene\u00bb.  Foto: Qvisten Animation \/ Nordisk Film Distribusjon\" class=\"_image_qp4xg_65 layout-component layout-normal\" data-fullscreen- data-track-element-type=\"Article image fullscreen\" data-track-name=\"ImageFullscreen\" decoding=\"async\" loading=\"lazy\" height=\"1716\" itemprop=\"image\"  src=\"https:\/\/www.europesays.com\/no\/wp-content\/uploads\/2025\/12\/a1207b3c-74ea-43e3-abf9-7f651eaf72e4\"  style=\"object-position:0% 0%\" width=\"4096\"\/>SJENERT ROMANSE: Scene fra \u00abFl\u00e5klypa \u2013 fra Paris til pyramidene\u00bb.  Foto: Qvisten Animation \/ Nordisk Film Distribusjon<\/p>\n<p class=\"_paragraph_o9xde_4 _paragraph_xtcu6_10 layout-component text-serif-m layout-normal text-serif-m layout-padded\">I det hele tatt: Sivertsen og manusforfatterne <a href=\"https:\/\/www.vg.no\/rampelys\/i\/9R0L5\/dra-meg-baklengs-inn-i-hva-da-sa-du\" data-track-element-type=\"Link\" data-track-id=\"link:9R0L5\" class=\"_link_o9xde_39\" rel=\"nofollow noopener\" target=\"_blank\">Karsten Fullu<\/a> og Rob Sprackling (med bakgrunn fra herlige \u00ab<a href=\"https:\/\/www.vg.no\/rampelys\/i\/dXkLj\/film-sauer-er-supre-dyr\" data-track-element-type=\"Link\" data-track-id=\"link:dXkLj\" class=\"_link_o9xde_39\" rel=\"nofollow noopener\" target=\"_blank\">Sauen Shaun<\/a>\u00bb) forvalter K<a href=\"https:\/\/www.vg.no\/nyheter\/i\/Rxx0Wr\/kjell-aukrust-er-doed\" data-track-element-type=\"Link\" data-track-id=\"link:Rxx0Wr\" class=\"_link_o9xde_39\" rel=\"nofollow noopener\" target=\"_blank\">jell Aukrust<\/a>s og <a href=\"https:\/\/www.vg.no\/rampelys\/i\/WLLVmL\/ivo-caprino-er-doed-saa-var-eventyret-ute\" data-track-element-type=\"Link\" data-track-id=\"link:WLLVmL\" class=\"_link_o9xde_39\" rel=\"nofollow noopener\" target=\"_blank\">Ivo Caprino<\/a>s <a href=\"https:\/\/www.vg.no\/nyheter\/i\/MgwKMR\/kongen-til-stede-naar-kjell-aukrust-bisettes\" data-track-element-type=\"Link\" data-track-id=\"link:MgwKMR\" class=\"_link_o9xde_39\" rel=\"nofollow noopener\" target=\"_blank\">nasjonalhelligdom<\/a> nennsomt og med overskudd.<\/p>\n<p class=\"_paragraph_o9xde_4 _paragraph_xtcu6_10 layout-component text-serif-m layout-normal text-serif-m layout-padded\">Liker du ikke denne filmen, er du en surpomp.<\/p>\n","protected":false},"excerpt":{"rendered":"Filmanmeldelse\u00abFl\u00e5klypa \u2013 fra Paris til pyramidene\u00bb Terningkast 5 Erstatter den originalen for nostalgiske menn i 50-\u00e5rene? Selvf\u00f8lgelig ikke.&hellip;\n","protected":false},"author":2,"featured_media":120125,"comment_status":"","ping_status":"","sticky":false,"template":"","format":"standard","meta":{"footnotes":""},"categories":[58],"tags":[7167,13527,71,460,607,11406,30,28,29,14322,14321,2727,72],"class_list":{"0":"post-120124","1":"post","2":"type-post","3":"status-publish","4":"format-standard","5":"has-post-thumbnail","7":"category-underholdning","8":"tag-animasjonsfilm","9":"tag-dennis-storhoi","10":"tag-entertainment","11":"tag-film","12":"tag-filmanmeldelse","13":"tag-flaklypa","14":"tag-no","15":"tag-norge","16":"tag-norway","17":"tag-oyvind-brandtzaeg","18":"tag-rasmus-a-sivertsen","19":"tag-trond-espen-seim","20":"tag-underholdning"},"share_on_mastodon":{"url":"https:\/\/pubeurope.com\/@no\/115767568396263856","error":""},"_links":{"self":[{"href":"https:\/\/www.europesays.com\/no\/wp-json\/wp\/v2\/posts\/120124","targetHints":{"allow":["GET"]}}],"collection":[{"href":"https:\/\/www.europesays.com\/no\/wp-json\/wp\/v2\/posts"}],"about":[{"href":"https:\/\/www.europesays.com\/no\/wp-json\/wp\/v2\/types\/post"}],"author":[{"embeddable":true,"href":"https:\/\/www.europesays.com\/no\/wp-json\/wp\/v2\/users\/2"}],"replies":[{"embeddable":true,"href":"https:\/\/www.europesays.com\/no\/wp-json\/wp\/v2\/comments?post=120124"}],"version-history":[{"count":0,"href":"https:\/\/www.europesays.com\/no\/wp-json\/wp\/v2\/posts\/120124\/revisions"}],"wp:featuredmedia":[{"embeddable":true,"href":"https:\/\/www.europesays.com\/no\/wp-json\/wp\/v2\/media\/120125"}],"wp:attachment":[{"href":"https:\/\/www.europesays.com\/no\/wp-json\/wp\/v2\/media?parent=120124"}],"wp:term":[{"taxonomy":"category","embeddable":true,"href":"https:\/\/www.europesays.com\/no\/wp-json\/wp\/v2\/categories?post=120124"},{"taxonomy":"post_tag","embeddable":true,"href":"https:\/\/www.europesays.com\/no\/wp-json\/wp\/v2\/tags?post=120124"}],"curies":[{"name":"wp","href":"https:\/\/api.w.org\/{rel}","templated":true}]}}