{"id":120134,"date":"2025-12-23T07:00:16","date_gmt":"2025-12-23T07:00:16","guid":{"rendered":"https:\/\/www.europesays.com\/no\/120134\/"},"modified":"2025-12-23T07:00:16","modified_gmt":"2025-12-23T07:00:16","slug":"nrk-sjefen-roper-hemmelig-fortid","status":"publish","type":"post","link":"https:\/\/www.europesays.com\/no\/120134\/","title":{"rendered":"NRK-sjefen r\u00f8per \u00abhemmelig\u00bb fortid"},"content":{"rendered":"<p class=\"kicker \" style=\"\">\u00abJul i svingen\u00bb:<\/p>\n<p>  M\u00e5tte steppe inn foran kamera i egen julekalender.<\/p>\n<p>\n    DUKKET OPP: Kjenner du igjen kvinnen med det blonde h\u00e5ret som dukket opp i \u00abJul i svingen\u00bb?. Foto: Skjermdump \/ NRK\n  <\/p>\n<p>I over tre uker har store og sm\u00e5 kunnet telle ned til jul i form av ulike julekalendere. Enten det er en sjokolade som spises, en nellik som skal plasseres eller et lodd som skal skrapes.<\/p>\n<p>I tillegg til dette finnes det en h\u00e5ndfull TV-kalendere som hjelper oss gjennom ventetida.\u00a0<\/p>\n<p>    <a itemprop=\"url\" href=\"https:\/\/www.dagbladet.no\/kjendis\/klar-julebeskjed-blir-irritert\/83962693\" rel=\"nofollow noopener\" target=\"_blank\"><\/p>\n<p>        <img loading=\"lazy\" decoding=\"async\" src=\"https:\/\/www.europesays.com\/no\/wp-content\/uploads\/2025\/12\/83964866.webp\" width=\"980\" height=\"441\" title=\"Klar julebeskjed: - Blir irritert\" alt=\"\" class=\"lazyload\" style=\"--aspect-ratio-image: 2.22; \"\/><\/p>\n<p>        Klar julebeskjed: &#8211; Blir irritert <\/p>\n<p>    <\/a><\/p>\n<p>Neste \u00e5r fyller en av de lengstlevende norske kalenderne, \u00abJul i svingen\u00bb, hele 20 \u00e5r. Til tross for at serien har g\u00e5tt p\u00e5 skjermen i nesten to ti\u00e5r, er det stadig nye detaljer som blir lagt merke til.\u00a0<\/p>\n<p class=\"font-weight-bold m-font-weight-bold\" data-lab-font_weight=\"font-weight-bold\">N\u00e5 er det blant annet et kjent fjes som vekker oppsikt i programmet.<\/p>\n<p>        <img loading=\"lazy\" decoding=\"async\" src=\"https:\/\/www.europesays.com\/no\/wp-content\/uploads\/2025\/12\/84020596.webp\" width=\"667\" height=\"547\" title=\"TV-KALENDER: Yvonne Johnsrud, Ina Svenningdal, Jacob Borgen, Sebastian Warholm, Hassan Ali Iqbal og Adrian Falch Karlsen. Foto: NRK\" alt=\"\" class=\"\" style=\"--aspect-ratio-image: 1.22; \"\/><\/p>\n<p>\n        TV-KALENDER: Yvonne Johnsrud, Ina Svenningdal, Jacob Borgen, Sebastian Warholm, Hassan Ali Iqbal og Adrian Falch Karlsen. Foto: NRK\n    <\/p>\n<p>&#8211; M\u00e5tte til pers\t<\/p>\n<p>\u00c5rv\u00e5kne seere har nemlig lagt merke til at NRKs kringkastingssjef, Vibeke F\u00fcrst Haugen, dukker opp i luke 19.<\/p>\n<p>&#8211; P\u00e5 den tida var det veldig vanlig at alle bak kamera kunne bidra foran kamera ogs\u00e5. Mange av statistene jobbet i produksjonen. I episode 19 trengte de noen til \u00e5 spille en fransk inspisient, og da m\u00e5tte jeg til pers.<\/p>\n<p>    <a itemprop=\"url\" href=\"https:\/\/www.dagbladet.no\/kjendis\/innrommer-helt-absurd\/84001010\" rel=\"nofollow noopener\" target=\"_blank\"><\/p>\n<p>        <img loading=\"lazy\" decoding=\"async\" src=\"https:\/\/www.europesays.com\/no\/wp-content\/uploads\/2025\/12\/84001044.webp\" width=\"980\" height=\"441\" title=\"Innr\u00f8mmer: - Helt absurd\" alt=\"\" class=\"lazyload\" style=\"--aspect-ratio-image: 2.22; \"\/><\/p>\n<p>        Innr\u00f8mmer: &#8211; Helt absurd<\/p>\n<p>    <\/a><\/p>\n<p>If\u00f8lge F\u00fcrst Haugen var det heller ikke f\u00f8rste gang hun m\u00e5tte stille opp foran kamera.<\/p>\n<p>&#8211; Rett f\u00f8r dette hadde vi lagd \u00abU-hu\u00bb, hvor jeg var produsent. Da stilte jeg opp som en beskjeden drage. Jeg er ikke noen skuespiller, men det har v\u00e6rt nyttig \u00e5 bli minnet p\u00e5 hvordan det er \u00e5 st\u00e5 foran kamera.<\/p>\n<p>        <img loading=\"lazy\" decoding=\"async\" src=\"https:\/\/www.europesays.com\/no\/wp-content\/uploads\/2025\/12\/84020588.webp\" width=\"667\" height=\"561\" title=\"FORAN KAMERA: Vibeke F\u00fcrst Haugen kan fortelle at hun har dukket opp i flere NRK-program. Foto: Ole Berg-Rusten \/ NTB\" alt=\"\" class=\"\" style=\"--aspect-ratio-image: 1.19; \"\/><\/p>\n<p>\n        FORAN KAMERA: Vibeke F\u00fcrst Haugen kan fortelle at hun har dukket opp i flere NRK-program. Foto: Ole Berg-Rusten \/ NTB\n    <\/p>\n<p>&#8211; Kom reaksjoner\t<\/p>\n<p>Hun forteller til Dagbladet at hun, sammen med manusforfatter Kjetil Indreg\u00e5rd og regiss\u00f8r Atle Knutsen, var med p\u00e5 \u00e5 utvikle \u00abLinus i svingen\u00bb og senere \u00abJul i svingen\u00bb.<\/p>\n<p>&#8211; Det var da jeg jobbet i barne- og ungdomsavdelingen hos NRK. Vi lagde \u00abLinus i svingen\u00bb, og ikke s\u00e5 lenge etterp\u00e5 ble vi spurt om \u00e5 lage en julekalender til NRK.<\/p>\n<p>    <a itemprop=\"url\" href=\"https:\/\/www.dagbladet.no\/kjendis\/grunnleggende-forstyrrende\/83984740\" rel=\"nofollow noopener\" target=\"_blank\"><\/p>\n<p>        <img loading=\"lazy\" decoding=\"async\" src=\"https:\/\/www.europesays.com\/no\/wp-content\/uploads\/2025\/12\/1766473215_176_83996219.webp\" width=\"980\" height=\"441\" title=\"- Grunnleggende forstyrrende\" alt=\"\" class=\"lazyload\" style=\"--aspect-ratio-image: 2.22; \"\/><\/p>\n<p>        &#8211; Grunnleggende forstyrrende<\/p>\n<p>    <\/a><\/p>\n<p>Sammen valgte de \u00e5 skape en kalender som var relativt annerledes fra tidligere versjoner.<\/p>\n<p>&#8211; Det hadde v\u00e6rt mange julekalendere med nisser. Det er selvsagt fine kalendere, men vi ble enige om at vi skulle komme med noe nytt. Det var \u00f8nske om mer realisme i julekalenderen.<\/p>\n<p>&#8211; Det kom noen reaksjoner, og det var folk som savnet nissene. Det var ikke det samme universet, men mer realisme og konflikter. Det var en julekalender som rommet alt fra hverdagsproblemer, til store og sm\u00e5 kontroverser. Jeg kan skj\u00f8nne at folk synes det blir litt mye, men mest av alt var dette et program om barn som h\u00e5ndterer livets utfordringer.<\/p>\n<p>        SKAL VI DANSE: Et klipp av programleders Anders Hoff har sirkulert p\u00e5 sosiale medier i det siste. Hoff selv har en naturlig forklaring til hele situasjonen. Reporter: Thea Hope<\/p>\n<p>&#8211; St\u00e5r seg\t<\/p>\n<p>Da programmet ble laget p\u00e5 starten av 2000-tallet, var det et bevisst valg \u00e5 pr\u00f8ve \u00e5 gj\u00f8re det s\u00e5 tidl\u00f8st som mulig.<\/p>\n<p>&#8211; Man kan til tider se at det er en serie som ikke er produsert i \u00e5r, men samtidig kan den ikke defineres som 2006. Det er fortellinger som st\u00e5r seg, og det er fortsatt mange barn og voksne som ser serien.<\/p>\n<p>    <a itemprop=\"url\" href=\"https:\/\/www.dagbladet.no\/kjendis\/roper-det-viktigste\/83991254\" rel=\"nofollow noopener\" target=\"_blank\"><\/p>\n<p>        <img loading=\"lazy\" decoding=\"async\" src=\"https:\/\/www.europesays.com\/no\/wp-content\/uploads\/2025\/12\/83991566.webp\" width=\"980\" height=\"441\" title=\"R\u00f8per: - Det viktigste\" alt=\"\" class=\"lazyload\" style=\"--aspect-ratio-image: 2.22; \"\/><\/p>\n<p>        R\u00f8per: &#8211; Det viktigste<\/p>\n<p>    <\/a><\/p>\n<p>Ogs\u00e5 F\u00fcrst Haugens to barn p\u00e5 14 og 15 \u00e5r, har f\u00e5tt med seg julekalenderen som moren deres har v\u00e6rt med p\u00e5 \u00e5 lage.<\/p>\n<p>&#8211; Vi er storforbrukere av julekalendere. Akkurat n\u00e5 koser vi oss med \u00abNissene i skjul\u00bb, men de synes ogs\u00e5 at \u00abJul i svingen\u00bb er morsomt, sier NRK-sjefen.<\/p>\n","protected":false},"excerpt":{"rendered":"\u00abJul i svingen\u00bb: M\u00e5tte steppe inn foran kamera i egen julekalender. DUKKET OPP: Kjenner du igjen kvinnen med&hellip;\n","protected":false},"author":2,"featured_media":120135,"comment_status":"","ping_status":"","sticky":false,"template":"","format":"standard","meta":{"footnotes":""},"categories":[58],"tags":[71,12760,479,2543,30,28,29,72,11317],"class_list":{"0":"post-120134","1":"post","2":"type-post","3":"status-publish","4":"format-standard","5":"has-post-thumbnail","7":"category-underholdning","8":"tag-entertainment","9":"tag-jul-i-svingen","10":"tag-kjendis","11":"tag-kjendisdesken","12":"tag-no","13":"tag-norge","14":"tag-norway","15":"tag-underholdning","16":"tag-vibeke-furst-haugen"},"share_on_mastodon":{"url":"https:\/\/pubeurope.com\/@no\/115767595834664196","error":""},"_links":{"self":[{"href":"https:\/\/www.europesays.com\/no\/wp-json\/wp\/v2\/posts\/120134","targetHints":{"allow":["GET"]}}],"collection":[{"href":"https:\/\/www.europesays.com\/no\/wp-json\/wp\/v2\/posts"}],"about":[{"href":"https:\/\/www.europesays.com\/no\/wp-json\/wp\/v2\/types\/post"}],"author":[{"embeddable":true,"href":"https:\/\/www.europesays.com\/no\/wp-json\/wp\/v2\/users\/2"}],"replies":[{"embeddable":true,"href":"https:\/\/www.europesays.com\/no\/wp-json\/wp\/v2\/comments?post=120134"}],"version-history":[{"count":0,"href":"https:\/\/www.europesays.com\/no\/wp-json\/wp\/v2\/posts\/120134\/revisions"}],"wp:featuredmedia":[{"embeddable":true,"href":"https:\/\/www.europesays.com\/no\/wp-json\/wp\/v2\/media\/120135"}],"wp:attachment":[{"href":"https:\/\/www.europesays.com\/no\/wp-json\/wp\/v2\/media?parent=120134"}],"wp:term":[{"taxonomy":"category","embeddable":true,"href":"https:\/\/www.europesays.com\/no\/wp-json\/wp\/v2\/categories?post=120134"},{"taxonomy":"post_tag","embeddable":true,"href":"https:\/\/www.europesays.com\/no\/wp-json\/wp\/v2\/tags?post=120134"}],"curies":[{"name":"wp","href":"https:\/\/api.w.org\/{rel}","templated":true}]}}