{"id":120138,"date":"2025-12-23T07:07:29","date_gmt":"2025-12-23T07:07:29","guid":{"rendered":"https:\/\/www.europesays.com\/no\/120138\/"},"modified":"2025-12-23T07:07:29","modified_gmt":"2025-12-23T07:07:29","slug":"sissels-eventyrlige-jul-med-ernst","status":"publish","type":"post","link":"https:\/\/www.europesays.com\/no\/120138\/","title":{"rendered":"Sissels eventyrlige jul med Ernst"},"content":{"rendered":"<p>Straks er julen her, med alt det f\u00f8rer med seg. Vakre tr\u00e6r kledd i julekuler i og glitter, lukten av julebakst og ribbe \u2013 og forventningen om \u00e5 kunne tilbringe kvalitetstid med familien. Det er ikke uten grunn at julen er en av de h\u00f8ytidene som henger h\u00f8yest her til lands.<\/p>\n<p>    <a itemprop=\"url\" href=\"https:\/\/www.seher.no\/kongelig\/samlet-til-forjulskos\/83987683\" rel=\"nofollow noopener\" target=\"_blank\"><\/p>\n<p>        <img loading=\"lazy\" decoding=\"async\" src=\"https:\/\/www.europesays.com\/no\/wp-content\/uploads\/2025\/12\/1766473630_900_83987735.webp\" width=\"147\" height=\"98\" title=\"Samlet til f\u00f8rjulskos\" alt=\"\" class=\"lazyload\" style=\"--aspect-ratio-image: 1.50; \"\/><\/p>\n<p>        Samlet til f\u00f8rjulskos<\/p>\n<p>    <\/a><\/p>\n<p>Hele Norges s\u00f8lvstrupe Sissel Kyrkjeb\u00f8 er naturligvis en av dem som har sett frem til julen og alt den inneb\u00e6rer.\u00a0<\/p>\n<p>De siste m\u00e5nedene har hun v\u00e6rt aktuell med sitt nye album \u00abVuggesanger\u00bb og boken \u00abSissels vuggesanger\u00bb. Men hun har ogs\u00e5 v\u00e6rt travelt opptatt med juleturn\u00e9.<\/p>\n<p>        AVSL\u00d8RT: N\u00e5r kongefamilien samles til julebakst, er det \u00e9n ting som g\u00e5r igjen. Kong Harald har nemlig en svakhet som mange vil kjenne seg igjen i. Reporter: Caroline Vagle. Video: Kine Falch<\/p>\n<p>Sissels stemme er for mange den perfekte oppvarmingen til selve julaften, og hun har hatt konserter b\u00e5de i inn- og utland. Men n\u00e5r julaften endelig kommer skal ogs\u00e5 den vakre sangfuglen la den ber\u00f8mte julefreden senke seg, sammen med ektemannen Ernst Ravnaas.<\/p>\n<p>        <img loading=\"lazy\" decoding=\"async\" src=\"https:\/\/www.europesays.com\/no\/wp-content\/uploads\/2025\/12\/83969730.webp\" width=\"686\" height=\"981\" title=\"AVSLAPPENDE:&#10;Sissel og Ernst vil aller&#10;helst tilbringe julen i&#10;fullstendig ro. Foto: Tore Skaar\" alt=\"\" class=\"\" style=\"--aspect-ratio-image: 0.70; \"\/><\/p>\n<p>\n        AVSLAPPENDE:<br \/>\nSissel og Ernst vil aller<br \/>\nhelst tilbringe julen i<br \/>\nfullstendig ro. Foto: Tore Skaar\n    <\/p>\n<p>Barndomsjulen\u00a0\t<\/p>\n<p>56-\u00e5ringen er som kjent fra Bergen, noe som betyr at det ofte regnet i julen da hun var barn. <\/p>\n<p class=\"font-weight-bold m-font-weight-bold\" data-lab-font_weight=\"font-weight-bold\">&#8211; Det var med andre ord visuelt ganske svart. Vi bodde i en liten leilighet p\u00e5 L\u00f8nborg, hvor mine foreldre var flinke til \u00e5 skape julestemning sammen med oss barna, sier hun til Se og H\u00f8r.<\/p>\n<p>    <a itemprop=\"url\" href=\"https:\/\/www.seher.no\/kongelig\/tok-med-baby-pa-kongemote\/83991930\" rel=\"nofollow noopener\" target=\"_blank\"><\/p>\n<p>        <img loading=\"lazy\" decoding=\"async\" src=\"https:\/\/www.europesays.com\/no\/wp-content\/uploads\/2025\/12\/1766473633_685_83991993.webp\" width=\"147\" height=\"98\" title=\"Tok med baby p\u00e5 kongem\u00f8te\" alt=\"\" class=\"lazyload\" style=\"--aspect-ratio-image: 1.50; \"\/><\/p>\n<p>        Tok med baby p\u00e5 kongem\u00f8te<\/p>\n<p>    <\/a><\/p>\n<p>Julemusikken fylte b\u00e5de stue og kj\u00f8kken, men det var ingen plass til \u00e5 danse rundt juletreet. Det er en tradisjon hun innf\u00f8rte da hun selv fikk barn, og noe de gj\u00f8r hvert \u00e5r. <\/p>\n<p>        <img loading=\"lazy\" decoding=\"async\" src=\"https:\/\/www.europesays.com\/no\/wp-content\/uploads\/2025\/12\/83969734.webp\" width=\"667\" height=\"467\" title=\"80-TALLSJUL: Sissel hadde&#10;sitt gjennombrudd i 1986, og ga&#10;ut sin f\u00f8rste juleplate i 1987. Her&#10;har hun pyntet litt til jul \u2013 og satt&#10;fram pepperkaker. Foto: Tor Kvello\" alt=\"\" class=\"\" style=\"--aspect-ratio-image: 1.43; \"\/><\/p>\n<p>\n        80-TALLSJUL: Sissel hadde<br \/>\nsitt gjennombrudd i 1986, og ga<br \/>\nut sin f\u00f8rste juleplate i 1987. Her<br \/>\nhar hun pyntet litt til jul \u2013 og satt<br \/>\nfram pepperkaker. Foto: Tor Kvello\n    <\/p>\n<p class=\"font-weight-bold m-font-weight-bold\" data-lab-font_weight=\"font-weight-bold\">&#8211; Den kanskje st\u00f8rste utfordringen jeg har med Ernst er \u00e5 f\u00e5 ham til \u00e5 forst\u00e5 verdien i denne tradisjonen, men han har gitt litt etter, sier hun, med et smil.<\/p>\n<p>Dessverre er det ikke slik at julen utelukkende best\u00e5r av kos og ro. H\u00f8ytiden kommer gjerne som lyn fra klar himmel hvert eneste \u00e5r, og den evinnelige julestria vrir sitt stygge ansikt.\u00a0<\/p>\n<p>        <img loading=\"lazy\" decoding=\"async\" src=\"https:\/\/www.europesays.com\/no\/wp-content\/uploads\/2025\/12\/83969732.webp\" width=\"667\" height=\"507\" title=\"O JUL MED DIN GLEDE: Barna til Sissel har pleid \u00e5 komme p\u00e5&#10;julaften for \u00e5 feire med henne og Ernst. I \u00e5r kommer de fleste av barna&#10;deres i romjulen. Foto: Tor Kvello\" alt=\"\" class=\"\" style=\"--aspect-ratio-image: 1.32; \"\/><\/p>\n<p>\n        O JUL MED DIN GLEDE: Barna til Sissel har pleid \u00e5 komme p\u00e5<br \/>\njulaften for \u00e5 feire med henne og Ernst. I \u00e5r kommer de fleste av barna<br \/>\nderes i romjulen. Foto: Tor Kvello\n    <\/p>\n<p>Stappfulle kj\u00f8pesentre, priskrig og mangel p\u00e5 essensielle juleartikler i butikkene \u2013 men man kommer alltid i m\u00e5l.<\/p>\n<p>Sissels f\u00f8rjulstid ser annerledes ut. Med konserter og oppdrag begynner juleforberedelsene f\u00f8rst lille julaften, forteller hun. <\/p>\n<p>        OVERRASKET: Da kongefamilien inviterte til biskopmiddag p\u00e5 Slottet, var det \u00e9n detalj som skilte seg ut. Reporter: Caroline Vagle. Video: Kine Falch<\/p>\n<p>Julestemningen meldte sin ankomst i november, og hun har handlet noen julegaver \u00abon the road\u00bb, men lite skjer hjemme p\u00e5 g\u00e5rden f\u00f8r etter at siste konsert er over. <\/p>\n<p>        <img loading=\"lazy\" decoding=\"async\" src=\"https:\/\/www.europesays.com\/no\/wp-content\/uploads\/2025\/12\/83969740.webp\" width=\"667\" height=\"587\" title=\"KVELDEN F\u00d8R: Noen \u00e5r har Sissel v\u00e6rt innom&#10;NRKs lille julaften-program, til TV-seernes store glede.&#10;Her er hun med Haddy Njie (46) og Mikkel Niva (37). Foto: Julia Marie Naglestad\" alt=\"\" class=\"\" style=\"--aspect-ratio-image: 1.14; \"\/><\/p>\n<p>\n        KVELDEN F\u00d8R: Noen \u00e5r har Sissel v\u00e6rt innom<br \/>\nNRKs lille julaften-program, til TV-seernes store glede.<br \/>\nHer er hun med Haddy Njie (46) og Mikkel Niva (37). Foto: Julia Marie Naglestad\n    <\/p>\n<p>Samler familien\u00a0\t<\/p>\n<p>&#8211; Lille julaften g\u00e5r med til \u00e5 komme i vater og \u00e5 hygge seg med \u00e5 finne frem julepynt. Kanskje rekker vi \u00e5 pynte juletreet ogs\u00e5, men det skjer vel f\u00f8rst p\u00e5 julaften, sier Sissel.<\/p>\n<p>Sangfuglen vil ikke bruke tid p\u00e5 \u00e5 stresse, s\u00e5 alt skjer i et ganske rolig tempo. <\/p>\n<p>        <img loading=\"lazy\" decoding=\"async\" src=\"https:\/\/www.europesays.com\/no\/wp-content\/uploads\/2025\/12\/83969737.webp\" width=\"667\" height=\"547\" title=\"P\u00c5 TURN\u00c9: De siste \u00e5rene har sangfuglen&#10;reist rundt i b\u00e5de inn- og utland p\u00e5 juleturn\u00e9. Hun&#10;er f\u00f8rst tilbake p\u00e5 g\u00e5rden 22. desember. Foto: Tore Skaar\" alt=\"\" class=\"\" style=\"--aspect-ratio-image: 1.22; \"\/><\/p>\n<p>\n        P\u00c5 TURN\u00c9: De siste \u00e5rene har sangfuglen<br \/>\nreist rundt i b\u00e5de inn- og utland p\u00e5 juleturn\u00e9. Hun<br \/>\ner f\u00f8rst tilbake p\u00e5 g\u00e5rden 22. desember. Foto: Tore Skaar\n    <\/p>\n<p>&#8211; Selvf\u00f8lgelig med julemusikken i bakgrunnen!<\/p>\n<p>For mange er julen en tid for familie, og for noen ogs\u00e5 den eneste tiden p\u00e5 \u00e5ret hvor man kan senke tempoet helt og nyte tiden sammen. Sissel og Ernsts julefeiring finner sted p\u00e5 g\u00e5rden deres, og if\u00f8lge sangfuglen blir det en rolig aff\u00e6re. <\/p>\n<p>        LURINGER: Det gikk ikke helt etter boken da kronprins Christian og prins Vincent konkurrerte mot s\u00f8strene Josephine og Isabella om \u00e5 lage det fineste pepperkakehuset. Reporter: Caroline Vagle. Video: Instagram\/@detdanskekongehus \/ Kine Falch<\/p>\n<p>&#8211; Juledagene er en tid vi bare elsker \u00e5 gj\u00f8re minst mulig, etter seks uker \u00abp\u00e5 veien\u00bb, sier hun.<\/p>\n<p>Julen pleier \u00e5 tilbringes med barna, og sangerens to d\u00f8tre Sarah (26) og Ingrid (28) pleier \u00e5 komme p\u00e5 julaften. I \u00e5r kommer de fleste av Sissel og Ernst respektive barn til g\u00e5rden i romjulen.<\/p>\n<p>        <img loading=\"lazy\" decoding=\"async\" src=\"https:\/\/www.europesays.com\/no\/wp-content\/uploads\/2025\/12\/83969738.webp\" width=\"686\" height=\"563\" title=\"\u00abSTR\u00c5LANDE JUL\u00bb: Og andre \u00e5r har hun sunget med&#10;Odd Nordstoga (52). De har b\u00e5de turnert sammen og gitt ut&#10;julealbumet \u00abStr\u00e5lande jul\u00bb. Foto: Jon Hauge\" alt=\"\" class=\"\" style=\"--aspect-ratio-image: 1.22; \"\/><\/p>\n<p>\n        \u00abSTR\u00c5LANDE JUL\u00bb: Og andre \u00e5r har hun sunget med<br \/>\nOdd Nordstoga (52). De har b\u00e5de turnert sammen og gitt ut<br \/>\njulealbumet \u00abStr\u00e5lande jul\u00bb. Foto: Jon Hauge\n    <\/p>\n<p>Du gr\u00f8nne glitrende\u00a0\t<\/p>\n<p>Sissel og Ernst m\u00f8tte hverandre i voksen alder, og har sammen utviklet en juletradisjon som betyr mye for dem. <\/p>\n<p>&#8211; Vi finner juletre p\u00e5 eiendommen. Gode venner anbefaler oss sterkt, n\u00e5r de ser hva vi har tatt inn i stuen, \u00e5 droppe \u00e5 finne juletre selv neste \u00e5r, og kj\u00f8pe et finere tre i stedet, sier Sissel og ler.<\/p>\n<p>        <img loading=\"lazy\" decoding=\"async\" src=\"https:\/\/www.europesays.com\/no\/wp-content\/uploads\/2025\/12\/83969733.webp\" width=\"686\" height=\"913\" title=\"SM\u00c5 GLIMT: P\u00e5 Facebook deler Sissel sm\u00e5tt og stort fra&#10;turn\u00e9livet p\u00e5 Facebook. Her er hun p\u00e5 rusletur i et vinterpyntet&#10;V\u00e4ster\u00e5s, hvor ogs\u00e5 hunden Chila fikk v\u00e6re med. Foto: Privat\" alt=\"\" class=\"\" style=\"--aspect-ratio-image: 0.75; \"\/><\/p>\n<p>\n        SM\u00c5 GLIMT: P\u00e5 Facebook deler Sissel sm\u00e5tt og stort fra<br \/>\nturn\u00e9livet p\u00e5 Facebook. Her er hun p\u00e5 rusletur i et vinterpyntet<br \/>\nV\u00e4ster\u00e5s, hvor ogs\u00e5 hunden Chila fikk v\u00e6re med. Foto: Privat\n    <\/p>\n<p>        <img loading=\"lazy\" decoding=\"async\" src=\"https:\/\/www.europesays.com\/no\/wp-content\/uploads\/2025\/12\/83969729.webp\" width=\"686\" height=\"913\" title=\"FOTO: Privat\" alt=\"\" class=\"\" style=\"--aspect-ratio-image: 0.75; \"\/><\/p>\n<p>\n        FOTO: Privat\n    <\/p>\n<p>Men det er ikke treets utseende som betyr noe for henne og ektemannen. <\/p>\n<p class=\"font-weight-bold m-font-weight-bold\" data-lab-font_weight=\"font-weight-bold\">&#8211; Gleden og stoltheten over \u00e5 f\u00e5 eget tre inn i stuen er noe eget \u2013 s\u00e6rlig siden det er en \u00abstikk meg ihjel-gran\u00bb, som man n\u00e6rmest m\u00e5 ikle seg verneutstyr for \u00e5 hente!<\/p>\n<p>    <a itemprop=\"url\" href=\"https:\/\/www.seher.no\/kongelig\/nye-bilder-vekker-oppsikt\/83988238\" rel=\"nofollow noopener\" target=\"_blank\"><\/p>\n<p>        <img loading=\"lazy\" decoding=\"async\" src=\"https:\/\/www.europesays.com\/no\/wp-content\/uploads\/2025\/12\/1766473643_956_83988335.webp\" width=\"147\" height=\"98\" title=\"Nye bilder vekker oppsikt\" alt=\"\" class=\"lazyload\" style=\"--aspect-ratio-image: 1.50; \"\/><\/p>\n<p>        Nye bilder vekker oppsikt<\/p>\n<p>    <\/a><\/p>\n<p>N\u00e5r Sissel feirer jul er det ogs\u00e5 noen andre juletradisjoner som m\u00e5 opprettholdes. Roen er det viktigste forklarer hun. Det \u00e5 v\u00e6re sammen, nyte god mat \u2013 og bare v\u00e6re. Men en spesiell tradisjon har hun og hennes barn utviklet, som de fremdeles holder ved liv. <\/p>\n<p>&#8211; Vi lager juleby av ulike ting vi har samlet og kj\u00f8pt p\u00e5 ulike steder i verden. <\/p>\n<p>        ANDRE PLANER: I \u00e5r blir julefeiringen annerledes for den danske kongefamilien. Reporter: Caroline Vagle. Video: Kine Falch \/ Instagram\/@detdanskekongehus<\/p>\n<p class=\"italic m-italic\" data-lab-italic=\"italic\">&#8211; Hvordan skapes julemagien aller best?<\/p>\n<p>&#8211; Musikk. Lukten av mandariner og julemiddagen. Peiskos, stearinlys og sn\u00f8 ute, som vi har her hvert \u00e5r \u2013 og gjerne kortreiste Berthas pepperkaker!<\/p>\n<p>    <a itemprop=\"url\" href=\"https:\/\/www.seher.no\/kjendis\/om-barn-ikke-noe-hastverk\/83974696\" rel=\"nofollow noopener\" target=\"_blank\"><\/p>\n<p>        <img loading=\"lazy\" decoding=\"async\" src=\"https:\/\/www.europesays.com\/no\/wp-content\/uploads\/2025\/12\/1766473643_683_83976677.webp\" width=\"147\" height=\"98\" title=\"Om barn: - Ikke noe hastverk\" alt=\"\" class=\"lazyload\" style=\"--aspect-ratio-image: 1.50; \"\/><\/p>\n<p>        Om barn: &#8211; Ikke noe hastverk<\/p>\n<p>    <\/a><\/p>\n<p>Julekosen\u00a0\t<\/p>\n<p>Som barn er man mest opptatt av stemningen julen f\u00f8rer med seg, men selvf\u00f8lgelig ogs\u00e5 gavene under treet.\u00a0<\/p>\n<p>De fleste husker nok hvor ulidelig det var \u00e5 m\u00e5tte vente med \u00e5 \u00e5pne dem. Men som voksne er det selskapet, og s\u00e6rlig m\u00e5ltidet, som betyr noe.<\/p>\n<p>        <img loading=\"lazy\" decoding=\"async\" src=\"https:\/\/www.europesays.com\/no\/wp-content\/uploads\/2025\/12\/83969739.webp\" width=\"686\" height=\"1071\" title=\"GLEDELIG JUL: Det er&#10;ikke f\u00e5 juletr\u00e6r Sissel har&#10;posert ved i \u00e5renes l\u00f8p. Her&#10;er hun trolig p\u00e5 90-tallet. Foto: Se og H\u00f8r\" alt=\"\" class=\"\" style=\"--aspect-ratio-image: 0.64; \"\/><\/p>\n<p>\n        GLEDELIG JUL: Det er<br \/>\nikke f\u00e5 juletr\u00e6r Sissel har<br \/>\nposert ved i \u00e5renes l\u00f8p. Her<br \/>\ner hun trolig p\u00e5 90-tallet. Foto: Se og H\u00f8r\n    <\/p>\n<p>Hos Sissel og Ernst er det b\u00e5de torsk og pinnekj\u00f8tt p\u00e5 menyen, som hun forteller at de lager sammen. <\/p>\n<p>&#8211; Det er veldig koselig og en del av juletradisjonen og hyggen, sier hun til Se og H\u00f8r.<\/p>\n<p>        LULLABIES: En id\u00e9 som ble plantet i hodet til Sissel Kyrkjeb\u00f8 for 29 \u00e5r siden, har n\u00e5 blitt iverksatt, og p\u00e5 veien fikk hun god hjelp av ektemannen Ernst Ravnaas. Video: H\u00e5vard Bj\u00f8rnerem \/\/ Reporter: Elise Violeta Ness Aksnes<\/p>\n<p>&#8211; En del av hyggen er ogs\u00e5 julebaksten og n\u00f8tter man m\u00e5 knekke selv, sammen med litt t\u00f8rket frukt. Det m\u00e5 til for at det er jul, sier Sissel til Se og H\u00f8r.<\/p>\n<p>Sissel og Ernst slipper \u00e5 engasjere seg i diskusjonen om hvorvidt det er ribbe eller pinnekj\u00f8tt som er den beste julemiddagen.<\/p>\n<p>        <img loading=\"lazy\" decoding=\"async\" src=\"https:\/\/www.europesays.com\/no\/wp-content\/uploads\/2025\/12\/83969736.webp\" width=\"667\" height=\"494\" title=\"SPESIELT TRE:&#10;Sissel og ektemannen Ernst pleier \u00e5&#10;hente inn et eget juletre hvert \u00e5r \u2013 til tross&#10;for at vennene deres&#10;frar\u00e5der dem det. Foto: Tor Kvello\" alt=\"\" class=\"\" style=\"--aspect-ratio-image: 1.35; \"\/><\/p>\n<p>\n        SPESIELT TRE:<br \/>\nSissel og ektemannen Ernst pleier \u00e5<br \/>\nhente inn et eget juletre hvert \u00e5r \u2013 til tross<br \/>\nfor at vennene deres<br \/>\nfrar\u00e5der dem det. Foto: Tor Kvello\n    <\/p>\n<p>Ingen strid\u00a0\t<\/p>\n<p> Vestlendingen Sissel har for lengst valgt seg pinnekj\u00f8ttet, og har videref\u00f8rer denne tradisjonen til sine to barn.<\/p>\n<p class=\"font-weight-bold m-font-weight-bold\" data-lab-font_weight=\"font-weight-bold\">&#8211; Hos oss er det to retter, da Ernst vil ha torsk og vi andre pinnekj\u00f8tt. Den eneste kampen jeg eventuelt vil unng\u00e5 er at alle m\u00e5 ha torsk \u2013 men det kommer ikke til \u00e5 skje. S\u00e5 n\u00e5 ender vi alle egentlig med \u00e5 ta litt torsk og litt pinnekj\u00f8tt, flirer Sissel Kyrkjeb\u00f8.<\/p>\n<p>        INTIMT: Under en av konkurransene i TV2 sin julekalender \u00abRampenissen\u00bb m\u00e5tte alle deltakerne stille seg under mistelteinen. Reporter: Karolina Rusov-Hansen. Video: \u00abRampenissen\u00bb TV2.<\/p>\n<p>Selv om julen bringer med seg mest glede, kan h\u00f8ytiden ogs\u00e5 v\u00e6re preget av sorg og savn, etter dem man har mistet. Ogs\u00e5 Sissel har tapt noen som sto henne n\u00e6re.<\/p>\n<p>I et intervju med magasinet KK fortalte hun nylig om hvor grusomt det var.<\/p>\n<p>    <a itemprop=\"url\" href=\"https:\/\/www.seher.no\/kjendis\/gladnyheter-etter-bruddet\/83989627\" rel=\"nofollow noopener\" target=\"_blank\"><\/p>\n<p>        <img loading=\"lazy\" decoding=\"async\" src=\"https:\/\/www.europesays.com\/no\/wp-content\/uploads\/2025\/12\/1766473647_267_82844758.webp\" width=\"147\" height=\"98\" title=\"Ny mann og nytt hus\" alt=\"\" class=\"lazyload\" style=\"--aspect-ratio-image: 1.50; \"\/><\/p>\n<p>        Ny mann og nytt hus<\/p>\n<p>    <\/a><\/p>\n<p>Hun var 30 \u00e5r da hun fikk den vonde telefonen, mens hun var h\u00f8ygravid og bodde i Danmark. Broren hennes hadde g\u00e5tt bort.<\/p>\n<p class=\"font-weight-bold m-font-weight-bold\" data-lab-font_weight=\"font-weight-bold\">&#8211; Det f\u00f8rste jeg tenkte p\u00e5, var familien. P\u00e5 mamma og pappa og de n\u00e6rmeste. Og s\u00e5 etter hvert h\u00e5pet jeg at det nye livet jeg hadde i magen, kanskje kunne hjelpe dem gjennom sorgen. Det m\u00e5 v\u00e6re det verste i ens liv, \u00e5 miste et barn, sa hun til KK.<\/p>\n<p>        <img loading=\"lazy\" decoding=\"async\" src=\"https:\/\/www.europesays.com\/no\/wp-content\/uploads\/2025\/12\/83969735.webp\" width=\"686\" height=\"1071\" title=\"STOLTE FORELDRE:&#10;Laila og Erling Kyrkjeb\u00f8 var&#10;stolte av datteren sin. Her er&#10;de fotografert i 1996. Erling&#10;gikk bort for ni \u00e5r siden. Foto: Se og H\u00f8r\" alt=\"\" class=\"\" style=\"--aspect-ratio-image: 0.64; \"\/><\/p>\n<p>\n        STOLTE FORELDRE:<br \/>\nLaila og Erling Kyrkjeb\u00f8 var<br \/>\nstolte av datteren sin. Her er<br \/>\nde fotografert i 1996. Erling<br \/>\ngikk bort for ni \u00e5r siden. Foto: Se og H\u00f8r\n    <\/p>\n<p>De var ikke en stor familie, og heldigvis f\u00f8rte d\u00f8dsfallet dem enda tettere sammen. For ni \u00e5r siden skulle en ny sorg ramme dem igjen, da Sissels far gikk bort. Han hadde alzheimer, men d\u00f8de av kreft.\u00a0<\/p>\n<p>Og var positiv til det siste.<\/p>\n<p>        SKJULES FRA MAMMA: Solveig Kloppen r\u00f8per at hun f\u00e5r se Tiktok-videoene som s\u00f8nnen Albert legger ut av henne. Reporter: Sanne Holt. Video: Nora Skavhaug\/ R\u00f8d L\u00f8per\/ Tiktok\/ @albertkloppen<\/p>\n<p>Da legen skulle gi ham kreftdiagnosen trodde han nemlig at han var 40 \u00e5r gammel. Da legen forklarte at han faktisk var 84 \u00e5r, svarte han \u00ab\u00c5, men s\u00e5 har jeg levd et godt og langt liv\u00bb. <\/p>\n<p>&#8211; Da visste jeg at han i hvert fall ikke var redd for \u00e5 d\u00f8. Det var godt \u00e5 vite, sier hun til KK.<\/p>\n<p>I et intervju med magasinet \u00abVi over 60\u00bb i 2019, fortalte Sissel litt om hvordan hun taklet farens sykdom.<\/p>\n<p>    <a itemprop=\"url\" href=\"https:\/\/www.seher.no\/kjendis\/tok-til-tarene\/83985633\" rel=\"nofollow noopener\" target=\"_blank\"><\/p>\n<p>        <img loading=\"lazy\" decoding=\"async\" src=\"https:\/\/www.europesays.com\/no\/wp-content\/uploads\/2025\/12\/83988311.webp\" width=\"147\" height=\"98\" title=\"Tok til t\u00e5rene\" alt=\"\" class=\"lazyload\" style=\"--aspect-ratio-image: 1.50; \"\/><\/p>\n<p>        Tok til t\u00e5rene<\/p>\n<p>    <\/a><\/p>\n<p>&#8211; Jeg hadde akkurat flyttet til Oslo da jeg ble klar over at min far hadde alzheimers. For \u00e5 hjelpe og st\u00f8tte min mor og f\u00e5 tid sammen med far, foreslo jeg at de flyttet til Oslo. Og det gjorde de. De var 80 \u00e5r og flyttet fra Bergen, der de hadde bodd hele sitt liv, for \u00e5 v\u00e6re n\u00e6rmere meg, fortalte hun.<\/p>\n<p>&#8211; Jeg har en stor takknemlighet over at vi rakk det vi gjorde. Vi fikk noen fantastiske \u00e5r f\u00f8r han d\u00f8de.<\/p>\n","protected":false},"excerpt":{"rendered":"Straks er julen her, med alt det f\u00f8rer med seg. Vakre tr\u00e6r kledd i julekuler i og glitter,&hellip;\n","protected":false},"author":2,"featured_media":120139,"comment_status":"","ping_status":"","sticky":false,"template":"","format":"standard","meta":{"footnotes":""},"categories":[58],"tags":[4104,71,13232,479,30,28,29,9158,72],"class_list":{"0":"post-120138","1":"post","2":"type-post","3":"status-publish","4":"format-standard","5":"has-post-thumbnail","7":"category-underholdning","8":"tag-eksklusivt","9":"tag-entertainment","10":"tag-ernst-ravnaas","11":"tag-kjendis","12":"tag-no","13":"tag-norge","14":"tag-norway","15":"tag-sissel-kyrkjebo","16":"tag-underholdning"},"share_on_mastodon":{"url":"https:\/\/pubeurope.com\/@no\/115767623607328568","error":""},"_links":{"self":[{"href":"https:\/\/www.europesays.com\/no\/wp-json\/wp\/v2\/posts\/120138","targetHints":{"allow":["GET"]}}],"collection":[{"href":"https:\/\/www.europesays.com\/no\/wp-json\/wp\/v2\/posts"}],"about":[{"href":"https:\/\/www.europesays.com\/no\/wp-json\/wp\/v2\/types\/post"}],"author":[{"embeddable":true,"href":"https:\/\/www.europesays.com\/no\/wp-json\/wp\/v2\/users\/2"}],"replies":[{"embeddable":true,"href":"https:\/\/www.europesays.com\/no\/wp-json\/wp\/v2\/comments?post=120138"}],"version-history":[{"count":0,"href":"https:\/\/www.europesays.com\/no\/wp-json\/wp\/v2\/posts\/120138\/revisions"}],"wp:featuredmedia":[{"embeddable":true,"href":"https:\/\/www.europesays.com\/no\/wp-json\/wp\/v2\/media\/120139"}],"wp:attachment":[{"href":"https:\/\/www.europesays.com\/no\/wp-json\/wp\/v2\/media?parent=120138"}],"wp:term":[{"taxonomy":"category","embeddable":true,"href":"https:\/\/www.europesays.com\/no\/wp-json\/wp\/v2\/categories?post=120138"},{"taxonomy":"post_tag","embeddable":true,"href":"https:\/\/www.europesays.com\/no\/wp-json\/wp\/v2\/tags?post=120138"}],"curies":[{"name":"wp","href":"https:\/\/api.w.org\/{rel}","templated":true}]}}