{"id":120166,"date":"2025-12-23T08:18:08","date_gmt":"2025-12-23T08:18:08","guid":{"rendered":"https:\/\/www.europesays.com\/no\/120166\/"},"modified":"2025-12-23T08:18:08","modified_gmt":"2025-12-23T08:18:08","slug":"buss-har-sklidd-av-veien-ved-vardo-lufthavn-nrk-troms-og-finnmark","status":"publish","type":"post","link":"https:\/\/www.europesays.com\/no\/120166\/","title":{"rendered":"Buss har sklidd av veien ved Vard\u00f8 lufthavn \u2013 NRK Troms og Finnmark"},"content":{"rendered":"<p>Det er kaos p\u00e5 E75 mellom Vads\u00f8 og Vard\u00f8 i \u00d8st-Finnmark tirsdag morgen.<\/p>\n<p>Mildv\u00e6r i kombinasjon med regn gj\u00f8r at b\u00e5de store og sm\u00e5 kj\u00f8ret\u00f8y har havnet i gr\u00f8fta som f\u00f8lge av h\u00e5lkef\u00f8re.<\/p>\n<p>\u2013 Flere store og sm\u00e5 kj\u00f8ret\u00f8y har sklidd av veien, og det vil antakelig ogs\u00e5 v\u00e6re vanskelig for tungtransport \u00e5 passere noen steder p\u00e5 strekningen, melder politiet i Finnmark.<\/p>\n<p>Str\u00f8bilen er blant bilene som havnet i gr\u00f8fta, men ogs\u00e5 biler og en buss.<\/p>\n<p><img decoding=\"async\"   src=\"data:image\/gif;base64,R0lGODlhAQABAIAAAAAAAP\/\/\/yH5BAEAAAAALAAAAAABAAEAAAIBRAA7\" loading=\"eager\" alt=\"E75 mellom Vads\u00f8 og Vard\u00f8. Sv\u00e6rt glatt gjorde at bilen kj\u00f8rte ut.\" title=\"Foto: Knut-Sverre Horn \/ NRK\"\/><\/p>\n<p class=\"\">Flere kj\u00f8ret\u00f8y har sklidd av veien p\u00e5 strekningen mellom Vads\u00f8 og Vard\u00f8 tirsdag morgen. If\u00f8lge sj\u00e5f\u00f8ren av denne bilen, seilte han bare ut av veien.<\/p>\n<p>Foto: Knut-Sverre Horn \/ NRK<\/p>\n<p>Tre kj\u00f8rt til sykehus<\/p>\n<p>P\u00e5 Vestlandet kj\u00f8rte en personbil inn i en fjellvegg p\u00e5 Fitjar.<\/p>\n<p>Tre personer er kj\u00f8rt med ambulanse til sykehuset p\u00e5 Stord for oppf\u00f8lging. De fremst\u00e5r ikke alvorlig skadet, men har f\u00e5tt noen skader, if\u00f8lge politiet.<\/p>\n<p>De beskrev ulykken som et kraftig sammenst\u00f8t.<\/p>\n<p>Veien er ved 09-tiden \u00e5pnet for trafikk igjen.<\/p>\n<p>En kvinne i midten av 30 \u00e5rene har f\u00e5tt status som mistenkt og vil bli fremstilt for blodpr\u00f8ve hos lege.<\/p>\n<p>Skadd i bussulykke<\/p>\n<p>I Vard\u00f8 ble en person skadd da en buss skled av veien ved lufthavna i 0730-tiden.<\/p>\n<p>Samtlige n\u00f8detater rykket ut til ulykken.<\/p>\n<p>Det er ukjent hvor mange passasjerer som var om bord, men if\u00f8lge politiet i Finnmark er alle evakuert.<\/p>\n<p>\u2013 Det er flere passasjerer om bord i bussen, ingen skal v\u00e6re fastklemt, skrev politiet da de meldte om ulykken.<\/p>\n<p>Politiet opplyser at ulykken trolig skjedde i lav hastighet.<\/p>\n<p>Litt etter klokken 08 er alle passasjerene evakuert.<\/p>\n<p><strong>En reporter fra NRK befinner seg p\u00e5 strekningen mellom Vads\u00f8 og Vard\u00f8, sier det er speilblankt og ikke forsvarlig \u00e5 holde h\u00f8y fart. Enkelte steder er det str\u00f8dd litt.<\/strong><\/p>\n<p>Ved Ekker\u00f8y p\u00e5traff han en bil i gr\u00f8fta. Sj\u00e5f\u00f8ren sier at han bare seilte ut i gr\u00f8fta p\u00e5 h\u00e5lkef\u00f8ret. Han var oppeg\u00e5ende og ikke skadd.<\/p>\n<p>Mildv\u00e6r<\/p>\n<p>Det har v\u00e6rt mildv\u00e6r i Nord-Norge det siste d\u00f8gnet, mens kulda har kommet tilbake enkelte steder i S\u00f8r-Norge. S\u00e6rlig langs kysten av Nordland, Troms og Finnmark har det regnet og bl\u00e5st, og mer skal komme de neste dagene. Meteorologene melder at det p\u00e5 julaften kan komme s\u00e5 mye som 40\u201370 mm regn.<\/p>\n<p>Flyene sliter blant annet med \u00e5 lande p\u00e5 en rekke av sm\u00e5flyplassene langs kysten tirsdag morgen.<\/p>\n<p>Ingen veier er hittil stengt, men det er if\u00f8lge vegvesenet sv\u00e6rt glatt.<\/p>\n<p>Meteorologene varslet mandag om stor fare for underkj\u00f8lt regn, og oppfordret bilister til \u00e5 kj\u00f8re sv\u00e6rt forsiktig.<\/p>\n<p>\u2013Vi anbefaler alle \u00e5 kj\u00f8re etter forholdene og ta det ekstra med ro som f\u00f8lge av v\u00e6romslaget, skriver politiet i Finnmark.\n<\/p>\n<p>Publisert<\/p>\n<p>23.12.2025, kl. 07.48<\/p>\n<p>Oppdatert<\/p>\n<p>23.12.2025, kl. 09.15<\/p>\n","protected":false},"excerpt":{"rendered":"Det er kaos p\u00e5 E75 mellom Vads\u00f8 og Vard\u00f8 i \u00d8st-Finnmark tirsdag morgen. Mildv\u00e6r i kombinasjon med regn&hellip;\n","protected":false},"author":2,"featured_media":120167,"comment_status":"","ping_status":"","sticky":false,"template":"","format":"standard","meta":{"footnotes":""},"categories":[5],"tags":[20,21,24,25,15,19,22,23,17,18,13,30,28,29,14,16,26,27],"class_list":{"0":"post-120166","1":"post","2":"type-post","3":"status-publish","4":"format-standard","5":"has-post-thumbnail","7":"category-overskrifter","8":"tag-breaking-news","9":"tag-breakingnews","10":"tag-featured-news","11":"tag-featurednews","12":"tag-headlines","13":"tag-hovedoppslag","14":"tag-latest-news","15":"tag-latestnews","16":"tag-main-news","17":"tag-mainnews","18":"tag-news","19":"tag-no","20":"tag-norge","21":"tag-norway","22":"tag-nyheter","23":"tag-overskrifter","24":"tag-top-stories","25":"tag-topstories"},"share_on_mastodon":{"url":"https:\/\/pubeurope.com\/@no\/115767902405783933","error":""},"_links":{"self":[{"href":"https:\/\/www.europesays.com\/no\/wp-json\/wp\/v2\/posts\/120166","targetHints":{"allow":["GET"]}}],"collection":[{"href":"https:\/\/www.europesays.com\/no\/wp-json\/wp\/v2\/posts"}],"about":[{"href":"https:\/\/www.europesays.com\/no\/wp-json\/wp\/v2\/types\/post"}],"author":[{"embeddable":true,"href":"https:\/\/www.europesays.com\/no\/wp-json\/wp\/v2\/users\/2"}],"replies":[{"embeddable":true,"href":"https:\/\/www.europesays.com\/no\/wp-json\/wp\/v2\/comments?post=120166"}],"version-history":[{"count":0,"href":"https:\/\/www.europesays.com\/no\/wp-json\/wp\/v2\/posts\/120166\/revisions"}],"wp:featuredmedia":[{"embeddable":true,"href":"https:\/\/www.europesays.com\/no\/wp-json\/wp\/v2\/media\/120167"}],"wp:attachment":[{"href":"https:\/\/www.europesays.com\/no\/wp-json\/wp\/v2\/media?parent=120166"}],"wp:term":[{"taxonomy":"category","embeddable":true,"href":"https:\/\/www.europesays.com\/no\/wp-json\/wp\/v2\/categories?post=120166"},{"taxonomy":"post_tag","embeddable":true,"href":"https:\/\/www.europesays.com\/no\/wp-json\/wp\/v2\/tags?post=120166"}],"curies":[{"name":"wp","href":"https:\/\/api.w.org\/{rel}","templated":true}]}}