{"id":120170,"date":"2025-12-23T08:24:08","date_gmt":"2025-12-23T08:24:08","guid":{"rendered":"https:\/\/www.europesays.com\/no\/120170\/"},"modified":"2025-12-23T08:24:08","modified_gmt":"2025-12-23T08:24:08","slug":"bjorli-skisenter-gjekk-konkurs-i-2025-no-skal-dei-bli-ein-leiande-vinterdestinasjon-nrk-innlandet-lokale-nyheter-tv-og-radio","status":"publish","type":"post","link":"https:\/\/www.europesays.com\/no\/120170\/","title":{"rendered":"Bjorli skisenter gjekk konkurs i 2025 \u2013 no skal dei bli ein leiande vinterdestinasjon \u2013 NRK Innlandet \u2013 Lokale nyheter, TV og radio"},"content":{"rendered":"<p>Saka samanfatta:<\/p>\n<ul>\n<li>Kommunen og n\u00e6ringslivet har g\u00e5tt saman for \u00e5 utvikle Bjorli til ein leiande vinterdestinasjon med hel\u00e5rstilbod innan 2028.<\/li>\n<li>Kommunen har sett av 180 millionar kroner til nytt vatn- og avl\u00f8psanlegg for \u00e5 st\u00f8tte utbygginga.<\/li>\n<li>Planane inkluderer bygging av ein fjellandsby, sykkelbane, heil\u00e5rs serveringsstader og utvikling av stiar og l\u00f8yper.<\/li>\n<li>M\u00e5let er \u00e5 auke arbeidsplassar i reiselivet fr\u00e5 57 til minst 100 og den lokale verdiskapinga fr\u00e5 17,7 til minst 50 millionar kroner.<\/li>\n<li>Bjorli sitt sn\u00f8sikre klima gir anlegget eit konkurransefortrinn i m\u00f8te med klimaendringar.<\/li>\n<\/ul>\n<p>Oppsummeringa er laga av ei KI-teneste fr\u00e5 OpenAI. Innhaldet er kvalitetssikra av NRK sine journalistar f\u00f8r publisering.<\/p>\n<p>I mai blei det kjent at selskapet som eigde eitt av dei mest sn\u00f8sikre skianlegga i landet, Bjorli skisenter, <a href=\"https:\/\/www.nrk.no\/innlandet\/skisenter-pa-lesja-konkurs-1.17409406\" ec-id=\"pp:article:1.17409406\" ec-name=\"hadde g\u00e5tt konkurs\" rel=\"nofollow noopener\" target=\"_blank\">hadde g\u00e5tt konkurs<\/a>.<\/p>\n<p><a href=\"https:\/\/www.nrk.no\/innlandet\/kjoper-tilbake-konkursrammede-bjorli-skisenter-1.17463644\" ec-id=\"pp:article:1.17463644\" ec-name=\"Knappe seks m\u00e5nader etter at ny eigar stod klar\" rel=\"nofollow noopener\" target=\"_blank\">Knappe seks m\u00e5nader etter at ny eigar stod klar<\/a> i alpinbakkane heilt nordvest i Innlandet, har kommunen og n\u00e6ringslivet bestemt seg for \u00e5 satse tungt.<\/p>\n<p><strong>Innan 2028 skal Bjorli vere den leiande vinterdestinasjonen med heil\u00e5rstilbod i regionen og ha ein tydeleg posisjon som eit attraktivt reisem\u00e5l.<\/strong><\/p>\n<p>No har kommunen sett av 180 millionar kroner til nytt reinseanlegg, for \u00e5 kunne ta imot ei venta utbygging av anlegget i \u00e5ra framover.<\/p>\n<p>\u2013 Vegen vidare no er \u00e5 komme fort i gang p\u00e5 steg to. Jobbe systematisk for \u00e5 f\u00e5 p\u00e5 plass ei destinasjonsleiing og kompetanse til \u00e5 utvikle Bjorli framover, seier kommunedirekt\u00f8r i Lesja, Per Dag Hole, entusiastisk.<\/p>\n<p><img decoding=\"async\"   src=\"data:image\/gif;base64,R0lGODlhAQABAIAAAAAAAP\/\/\/yH5BAEAAAAALAAAAAABAAEAAAIBRAA7\" loading=\"eager\" alt=\"Bjorli skisenter i Lesja.\" title=\"Foto: Henrik Einangshaug \/ NRK\"\/><\/p>\n<p class=\"\">Per Dag Hole, kommunedirekt\u00f8r i Lesja.<\/p>\n<p>Foto: Henrik Einangshaug \/ NRK<\/p>\n<p>Tett samarbeid<\/p>\n<p>I \u00e5ra f\u00f8r selskapet gjekk konkurs, steig inntektene fr\u00e5 11,3 millionar kroner i 2020 til n\u00e6rare 21 millionar kroner i 2023.<\/p>\n<p><strong>Dette var likevel ikkje nok til \u00e5 halde liv i Bjorli.<\/strong><\/p>\n<p>Svikt i sal og trafikk p\u00e5 v\u00e5ren, f\u00f8rte til at selskapet slo seg konkurs i v\u00e5r. Dette med ei gjeld p\u00e5 om lag 40 millionar kroner.<\/p>\n<p><img decoding=\"async\"   src=\"data:image\/gif;base64,R0lGODlhAQABAIAAAAAAAP\/\/\/yH5BAEAAAAALAAAAAABAAEAAAIBRAA7\" loading=\"eager\" alt=\"En skiheis med skilt\" title=\"Foto: Henrik Einangshaug \/ NRK\"\/><\/p>\n<p class=\"\">Skisenteret ligg rett ved Europaveg 136, og har togstasjon like ved anlegget. Likevel enda det med konkurs i v\u00e5r.<\/p>\n<p>Foto: Henrik Einangshaug \/ NRK<\/p>\n<p>Med eit tett samarbeid mellom kommunen og private, meiner investorane det er mogleg \u00e5 skape noko st\u00f8rre i Lesja.<\/p>\n<p><strong>\u2013 Eg er ganske optimistisk. Det har tatt tid \u00e5 komme hit vi har komme no i dag, men vi ser at vi har ein kommune og eit n\u00e6ringsliv rundt oss som alle vil dra i same retning. Det gjer at eg er optimistisk for at vi kan f\u00e5 til noko b\u00e5de p\u00e5 kort og lang sikt.<\/strong><\/p>\n<p>Det seier investor og styremedlem Marcus Barman.<\/p>\n<p>Sj\u00f8lv er han ikkje i tvil om at den kommunale viljen til \u00e5 ta dei n\u00f8dvendige investeringane er viktig, skal prosjektet realiserast.<\/p>\n<p><img decoding=\"async\"   src=\"data:image\/gif;base64,R0lGODlhAQABAIAAAAAAAP\/\/\/yH5BAEAAAAALAAAAAABAAEAAAIBRAA7\" loading=\"eager\" alt=\"Marcus Barman\" title=\"Foto: Henrik Einangshaug \/ NRK\"\/><\/p>\n<p class=\"\">Marcus Barman, investor og styremedlem i Bjorli Skisenter.<\/p>\n<p>Foto: Henrik Einangshaug \/ NRK<\/p>\n<p>Raudlista art i Bjorli<\/p>\n<p>I ei \u00e5rrekke har villreinen skapt utfordringar i Bjorli. Dette som f\u00f8lge av at anlegget ligg like ved eit omr\u00e5de der den raudlista villreinen flyttar p\u00e5 seg.<\/p>\n<p><strong>I planane som no er godkjente av kommunen, har dette blitt tatt omsyn til, p\u00e5peikar Barman.<\/strong><\/p>\n<p>\u2013 Det er viktig, b\u00e5de for oss, kommunen og samfunnet rundt, at reguleringsplanen har tatt omsyn til b\u00e5de villreinen, utmark og myromr\u00e5de, seier han.<\/p>\n<p>Barman opplyser at den eine skil\u00f8ypa har blitt flytta for \u00e5 sk\u00e5ne reinen.<\/p>\n<p><strong>\u2013 Hyttebusetnad skal ikkje g\u00e5 ut over utsett natur, legg han til.<\/strong><\/p>\n<p>I 2006 d\u00f8ydde minst 144 villrein etter at dei blei tatte av ras like ved Bjorli:<\/p>\n<p>Sn\u00f8sikkert anlegg<\/p>\n<p>Jokeren til anlegget kjem fr\u00e5 ovan.<\/p>\n<p>Medan andre anlegg slit med klimaendringane, som har f\u00f8rt til lite sn\u00f8 fleire stader, har det i ei \u00e5rrekke vore sn\u00f8sikkert p\u00e5 Lesja.<\/p>\n<p><strong>\u2013 Bjorli er v\u00e5rt viktigaste anlegg. Vi har jo nokre klimautfordringar, og da er det utruleg fint \u00e5 ha Bjorli som er sn\u00f8sikkert heile vinteren, seier administrasjonssjef i M\u00f8re og Romsdal skikrets, Stig Aamb\u00f8.<\/strong><\/p>\n<p>Han fortel at ei rekke klubbar, b\u00e5de fr\u00e5 Tr\u00f8ndelag, Innlandet og hans eigen krets kjem til Lesja for \u00e5 trene.<\/p>\n<p><img decoding=\"async\"   src=\"data:image\/gif;base64,R0lGODlhAQABAIAAAAAAAP\/\/\/yH5BAEAAAAALAAAAAABAAEAAAIBRAA7\" loading=\"eager\" alt=\"Bjorli skisenter i Lesja.\" title=\"Foto: Henrik Einangshaug \/ NRK\"\/><\/p>\n<p class=\"\">Administrasjonssjef i M\u00f8re og Romsdal skikrets, Stig Aamb\u00f8.<\/p>\n<p>Foto: Henrik Einangshaug \/ NRK<\/p>\n<p>Millionbel\u00f8p<\/p>\n<p>I ein uavhengig rapport bestilt av kommunen og Bjorli Utvikling, blir det peika p\u00e5 fleire investeringar som m\u00e5 bli gjort for at prosjektet skal bli realisert:<\/p>\n<ul>\n<li>Nytt vass- og avl\u00f8psanlegg: 180 millionar kroner<\/li>\n<li>Fjellandsby: Starte bygginga av ny fjellandsby for \u00e5 f\u00e5 fleire overnattingsplassar<\/li>\n<li>Heil\u00e5rstilbod: Etablere sykkelbane og heil\u00e5rs serveringsstader<\/li>\n<li>Aktivitetar: Utvikle stiar og l\u00f8yper<\/li>\n<\/ul>\n<p><strong>I rapporten er det sett som m\u00e5l \u00e5 auke talet p\u00e5 arbeidsplassar i reiselivet fr\u00e5 57 til minst 100, og dessutan auke den lokale verdiskapinga fr\u00e5 17,7 millionar kroner til minst 50 millionar kroner.<\/strong><\/p>\n<p>\u2013 Eg er veldig optimistisk. Med den plasseringa som Bjorli har, med sn\u00f8sikre forhold og dei naturomr\u00e5da som er rundt her p\u00e5 sommarstid, har Bjorli store moglegheiter framover, seier kommunedirekt\u00f8r Per Dag Hole.<\/p>\n<p>Publisert<\/p>\n<p>23.12.2025, kl. 07.04<\/p>\n","protected":false},"excerpt":{"rendered":"Saka samanfatta: Kommunen og n\u00e6ringslivet har g\u00e5tt saman for \u00e5 utvikle Bjorli til ein leiande vinterdestinasjon med hel\u00e5rstilbod&hellip;\n","protected":false},"author":2,"featured_media":120171,"comment_status":"","ping_status":"","sticky":false,"template":"","format":"standard","meta":{"footnotes":""},"categories":[10],"tags":[20,21,24,25,15,22,23,13,30,28,29,14,16,26,27],"class_list":{"0":"post-120170","1":"post","2":"type-post","3":"status-publish","4":"format-standard","5":"has-post-thumbnail","7":"category-norge","8":"tag-breaking-news","9":"tag-breakingnews","10":"tag-featured-news","11":"tag-featurednews","12":"tag-headlines","13":"tag-latest-news","14":"tag-latestnews","15":"tag-news","16":"tag-no","17":"tag-norge","18":"tag-norway","19":"tag-nyheter","20":"tag-overskrifter","21":"tag-top-stories","22":"tag-topstories"},"share_on_mastodon":{"url":"https:\/\/pubeurope.com\/@no\/115767926055741371","error":""},"_links":{"self":[{"href":"https:\/\/www.europesays.com\/no\/wp-json\/wp\/v2\/posts\/120170","targetHints":{"allow":["GET"]}}],"collection":[{"href":"https:\/\/www.europesays.com\/no\/wp-json\/wp\/v2\/posts"}],"about":[{"href":"https:\/\/www.europesays.com\/no\/wp-json\/wp\/v2\/types\/post"}],"author":[{"embeddable":true,"href":"https:\/\/www.europesays.com\/no\/wp-json\/wp\/v2\/users\/2"}],"replies":[{"embeddable":true,"href":"https:\/\/www.europesays.com\/no\/wp-json\/wp\/v2\/comments?post=120170"}],"version-history":[{"count":0,"href":"https:\/\/www.europesays.com\/no\/wp-json\/wp\/v2\/posts\/120170\/revisions"}],"wp:featuredmedia":[{"embeddable":true,"href":"https:\/\/www.europesays.com\/no\/wp-json\/wp\/v2\/media\/120171"}],"wp:attachment":[{"href":"https:\/\/www.europesays.com\/no\/wp-json\/wp\/v2\/media?parent=120170"}],"wp:term":[{"taxonomy":"category","embeddable":true,"href":"https:\/\/www.europesays.com\/no\/wp-json\/wp\/v2\/categories?post=120170"},{"taxonomy":"post_tag","embeddable":true,"href":"https:\/\/www.europesays.com\/no\/wp-json\/wp\/v2\/tags?post=120170"}],"curies":[{"name":"wp","href":"https:\/\/api.w.org\/{rel}","templated":true}]}}