{"id":120172,"date":"2025-12-23T08:25:07","date_gmt":"2025-12-23T08:25:07","guid":{"rendered":"https:\/\/www.europesays.com\/no\/120172\/"},"modified":"2025-12-23T08:25:07","modified_gmt":"2025-12-23T08:25:07","slug":"sandra-borch-apner-opp-om-alkoholproblemer-nrk-troms-og-finnmark","status":"publish","type":"post","link":"https:\/\/www.europesays.com\/no\/120172\/","title":{"rendered":"Sandra Borch \u00e5pner opp om alkoholproblemer \u2013 NRK Troms og Finnmark"},"content":{"rendered":"<p>I et innlegg p\u00e5 Facebook skriver at hun har valgt \u00e5 legge seg inn p\u00e5 en institusjon for \u00e5 f\u00e5 hjelp.<\/p>\n<p>\u2013 Jeg velger \u00e5 v\u00e5re \u00e5pen. Jeg har et alkoholproblem, som jeg m\u00e5 ha hjelp til. Jeg har derfor valgt \u00e5 legge meg selv inn p\u00e5 institusjon, skriver hun.<\/p>\n<p>Borch beskriver den siste tiden som t\u00f8ff.<\/p>\n<p>\u2013 Etter avgangen i h\u00f8st, har ikke livet v\u00e6rt bra. Jeg har skuffa mine n\u00e6rmeste aller mest. Det gj\u00f8r vondt. Alkohol har blitt l\u00f8sningen, dessverre, skriver hun.<\/p>\n<p><strong>NRK har v\u00e6rt i kontakt med Sandra Borch. Hun sier at hun n\u00e5 er innlagt og skal bruke tida p\u00e5 \u00e5 bli frisk. Hun vil derfor ikke kommentere innlegget sitt ytterligere. <\/strong><\/p>\n<p>\u2013 S\u00f8k hjelp<\/p>\n<p>I innlegget oppfordrer hun andre som sliter til \u00e5 opps\u00f8ke hjelp.<\/p>\n<p>\u2013 N\u00e5 er min motivasjon \u00e5 finne tilbake til Sandra. Jeg har hjelp, og f\u00e5r det. S\u00e5 tenker jeg samtidig p\u00e5 hvor stort dette problemet er for mange n\u00e5r vi g\u00e5r inn i jula. Jeg har sett mange som sliter. Husk \u00e5 s\u00f8k hjelp. Det har hjulpet meg, men jeg skammer meg ogs\u00e5. All den sorg det har p\u00e5f\u00f8rt min familie er ikke verdt det glasset med vin.<\/p>\n<p>Har du eller noen du kjenner rusproblemer?<\/p>\n<ul>\n<li>Kontakt fastlegen<\/li>\n<li>RUSinfo: 915 08 588<\/li>\n<li>Ivareta &#8211; P\u00e5r\u00f8rendetelefonen: 800 40 567<\/li>\n<\/ul>\n<p>Roser Borch<\/p>\n<p>Landsleder i Mental Helse, Ole-Marius Minde Johnsen, roser Borch for at hun st\u00e5r fram med problemet sitt.<\/p>\n<p>\u2013 Det m\u00e5 ha v\u00e6rt utrolig vanskelig for henne. Men samtidig skal man v\u00e6re utrolig stolt over at hun har gjort det. Dette er et menneske som har v\u00e6rt i toppolitikken i mange \u00e5r. Hun har funnet ut at hun har et problem, og at dette skal hun dele med befolkninga. Det at hun har gjort det, tror jeg kan f\u00e5 andre til \u00e5 kanskje tenke over sin egen del og ogs\u00e5 be om hjelp. Jeg h\u00e5per inderlig at hun f\u00e5r den hjelpa hun trenger, og kommer sterkere ut av det. Hun er blitt et stort forbilde med det hun har gjort i dag, sier han.<\/p>\n<p>Landslederen kommer med f\u00f8lgende r\u00e5d til alle som kjenner p\u00e5 utfordringer, spesielt i forbindelse med h\u00f8ytiden:<\/p>\n<ul>\n<li>V\u00e5g \u00e5 sp\u00f8rre: Snakk med noen du er trygg p\u00e5 (venner eller anonyme tjenester).<\/li>\n<li>V\u00e6r \u00e5pen: Still sp\u00f8rsm\u00e5let: \u00abHar jeg et problem? Trenger jeg hjelp?\u00bb<\/li>\n<li>V\u00e6r t\u00e5lmodig: Hjelpetilbudet er kanskje ikke godt nok enn\u00e5, men man f\u00e5r hjelp til slutt om man t\u00f8r \u00e5 ta imot.<\/li>\n<\/ul>\n<p>Sandra Borch er 37 \u00e5r gammel og opprinnelig fra Lavangen i Troms. Hun var leder for Senterungdommen fra 2011 til 2013. Hun var stortingsrepresentant for Troms senterparti fra 2017 til 2025.<\/p>\n<p>Fra 14. oktober 2021 til 4. august 2023 var hun landbruks- og matminister. Og fra 4. august 2023 til 23. januar 2024 var hun forsknings- og h\u00f8yere utdanningsminister. Da gikk hun av som minister etter avsl\u00f8ringer om plagiat i hennes masteroppgave.<\/p>\n<p>Publisert<\/p>\n<p>23.12.2025, kl. 07.18<\/p>\n<p>Oppdatert<\/p>\n<p>23.12.2025, kl. 09.08<\/p>\n","protected":false},"excerpt":{"rendered":"I et innlegg p\u00e5 Facebook skriver at hun har valgt \u00e5 legge seg inn p\u00e5 en institusjon for&hellip;\n","protected":false},"author":2,"featured_media":120173,"comment_status":"","ping_status":"","sticky":false,"template":"","format":"standard","meta":{"footnotes":""},"categories":[5],"tags":[20,21,24,25,15,19,22,23,17,18,13,30,28,29,14,16,26,27],"class_list":{"0":"post-120172","1":"post","2":"type-post","3":"status-publish","4":"format-standard","5":"has-post-thumbnail","7":"category-overskrifter","8":"tag-breaking-news","9":"tag-breakingnews","10":"tag-featured-news","11":"tag-featurednews","12":"tag-headlines","13":"tag-hovedoppslag","14":"tag-latest-news","15":"tag-latestnews","16":"tag-main-news","17":"tag-mainnews","18":"tag-news","19":"tag-no","20":"tag-norge","21":"tag-norway","22":"tag-nyheter","23":"tag-overskrifter","24":"tag-top-stories","25":"tag-topstories"},"share_on_mastodon":{"url":"https:\/\/pubeurope.com\/@no\/115767930011036396","error":""},"_links":{"self":[{"href":"https:\/\/www.europesays.com\/no\/wp-json\/wp\/v2\/posts\/120172","targetHints":{"allow":["GET"]}}],"collection":[{"href":"https:\/\/www.europesays.com\/no\/wp-json\/wp\/v2\/posts"}],"about":[{"href":"https:\/\/www.europesays.com\/no\/wp-json\/wp\/v2\/types\/post"}],"author":[{"embeddable":true,"href":"https:\/\/www.europesays.com\/no\/wp-json\/wp\/v2\/users\/2"}],"replies":[{"embeddable":true,"href":"https:\/\/www.europesays.com\/no\/wp-json\/wp\/v2\/comments?post=120172"}],"version-history":[{"count":0,"href":"https:\/\/www.europesays.com\/no\/wp-json\/wp\/v2\/posts\/120172\/revisions"}],"wp:featuredmedia":[{"embeddable":true,"href":"https:\/\/www.europesays.com\/no\/wp-json\/wp\/v2\/media\/120173"}],"wp:attachment":[{"href":"https:\/\/www.europesays.com\/no\/wp-json\/wp\/v2\/media?parent=120172"}],"wp:term":[{"taxonomy":"category","embeddable":true,"href":"https:\/\/www.europesays.com\/no\/wp-json\/wp\/v2\/categories?post=120172"},{"taxonomy":"post_tag","embeddable":true,"href":"https:\/\/www.europesays.com\/no\/wp-json\/wp\/v2\/tags?post=120172"}],"curies":[{"name":"wp","href":"https:\/\/api.w.org\/{rel}","templated":true}]}}