{"id":120186,"date":"2025-12-23T08:44:07","date_gmt":"2025-12-23T08:44:07","guid":{"rendered":"https:\/\/www.europesays.com\/no\/120186\/"},"modified":"2025-12-23T08:44:07","modified_gmt":"2025-12-23T08:44:07","slug":"ukraina-russland-russisk-luftangrep-mot-kyiv-strombrudd","status":"publish","type":"post","link":"https:\/\/www.europesays.com\/no\/120186\/","title":{"rendered":"Ukraina, Russland | Russisk luftangrep mot Kyiv \u2013 str\u00f8mbrudd"},"content":{"rendered":"\n<p>Innbyggere i Kyiv ble bedt om \u00e5 s\u00f8ke dekning i tilfluktsrom da flyalarmen gikk tidlig tirsdag morgen.<\/p>\n<p>\u2013 Vennligst bli i tilfluktsrommene fram til faren er over, skriver Tymur Tkatsjenko, som leder milit\u00e6radministrasjonen i den ukrainske hovedstaden, p\u00e5 Telegram.<\/p>\n<p><b>Les ogs\u00e5: <a class=\"simple-relation related-teaser article--c-eRUmMG article--c-eRUmMG-fZoQSp-design-nettavisen article--c-eRUmMG-gwthdJ-cv\" href=\"https:\/\/www.nettavisen.no\/dette-tvinger-putin-til-a-tenke-nytt\/s\/5-95-2793846\" rel=\"nofollow noopener\" target=\"_blank\">\u2013 Dette tvinger Putin til \u00e5 tenke nytt<\/a><\/b><\/p>\n<p>If\u00f8lge landets energidepartement har Russland angrepet kraftanlegg i flere regioner.<\/p>\n<p>Natt til tirsdag ble det ogs\u00e5 meldt om et ukrainsk droneangrep mot et industrianlegg i Stavropol s\u00f8r i Russland. Regionens guvern\u00f8r, Vladimir Vladimirov, oppgir i en melding p\u00e5 Telegram at angrepet har utl\u00f8st en brann p\u00e5 fabrikkomr\u00e5det.<\/p>\n<p>Verken i Ukraina eller Russland er det meldt om s\u00e5rede eller drepte.<\/p>\n<p><b>Les ogs\u00e5: <a class=\"simple-relation related-teaser article--c-eRUmMG article--c-eRUmMG-fZoQSp-design-nettavisen article--c-eRUmMG-gwthdJ-cv\" href=\"https:\/\/www.nettavisen.no\/usas-etterretningssjef-deler-ikke-eu-og-natos-syn-pa-russland\/s\/5-95-2792077\" rel=\"nofollow noopener\" target=\"_blank\">USAs etterretningssjef: Deler ikke EU og Natos syn p\u00e5 Russland<\/a><\/b><\/p>\n<p>Ukrainas president Volodymyr Zelenskyj sa mandag at han regner med at Russland kommer til \u00e5 gjennomf\u00f8re omfattende angrep mot Ukraina i l\u00f8pet av julen, og at situasjonen er vanskelig som f\u00f8lge av mangel p\u00e5 luftforsvar. Han sa ogs\u00e5 at Ukrainas forhandlingsteam er ventet hjem tirsdag etter \u00e5 ha forhandlet med USAs spesialutsending Steve Witkoff i Miami.<\/p>\n<p>Sent mandag ble det ogs\u00e5 meldt om russiske angrep mot havnebyen Odesa i s\u00f8r. Angrepet f\u00f8rte til skader p\u00e5 et skip og havneanlegg, if\u00f8lge guvern\u00f8r Oleh Kiper.<\/p>\n","protected":false},"excerpt":{"rendered":"Innbyggere i Kyiv ble bedt om \u00e5 s\u00f8ke dekning i tilfluktsrom da flyalarmen gikk tidlig tirsdag morgen. \u2013&hellip;\n","protected":false},"author":2,"featured_media":120187,"comment_status":"","ping_status":"","sticky":false,"template":"","format":"standard","meta":{"footnotes":""},"categories":[12],"tags":[20,21,24,25,15,22,23,13,30,28,29,14,16,26,27,42,43,44,45],"class_list":{"0":"post-120186","1":"post","2":"type-post","3":"status-publish","4":"format-standard","5":"has-post-thumbnail","7":"category-verden","8":"tag-breaking-news","9":"tag-breakingnews","10":"tag-featured-news","11":"tag-featurednews","12":"tag-headlines","13":"tag-latest-news","14":"tag-latestnews","15":"tag-news","16":"tag-no","17":"tag-norge","18":"tag-norway","19":"tag-nyheter","20":"tag-overskrifter","21":"tag-top-stories","22":"tag-topstories","23":"tag-verden","24":"tag-world","25":"tag-world-news","26":"tag-worldnews"},"share_on_mastodon":{"url":"https:\/\/pubeurope.com\/@no\/115768004681621973","error":""},"_links":{"self":[{"href":"https:\/\/www.europesays.com\/no\/wp-json\/wp\/v2\/posts\/120186","targetHints":{"allow":["GET"]}}],"collection":[{"href":"https:\/\/www.europesays.com\/no\/wp-json\/wp\/v2\/posts"}],"about":[{"href":"https:\/\/www.europesays.com\/no\/wp-json\/wp\/v2\/types\/post"}],"author":[{"embeddable":true,"href":"https:\/\/www.europesays.com\/no\/wp-json\/wp\/v2\/users\/2"}],"replies":[{"embeddable":true,"href":"https:\/\/www.europesays.com\/no\/wp-json\/wp\/v2\/comments?post=120186"}],"version-history":[{"count":0,"href":"https:\/\/www.europesays.com\/no\/wp-json\/wp\/v2\/posts\/120186\/revisions"}],"wp:featuredmedia":[{"embeddable":true,"href":"https:\/\/www.europesays.com\/no\/wp-json\/wp\/v2\/media\/120187"}],"wp:attachment":[{"href":"https:\/\/www.europesays.com\/no\/wp-json\/wp\/v2\/media?parent=120186"}],"wp:term":[{"taxonomy":"category","embeddable":true,"href":"https:\/\/www.europesays.com\/no\/wp-json\/wp\/v2\/categories?post=120186"},{"taxonomy":"post_tag","embeddable":true,"href":"https:\/\/www.europesays.com\/no\/wp-json\/wp\/v2\/tags?post=120186"}],"curies":[{"name":"wp","href":"https:\/\/api.w.org\/{rel}","templated":true}]}}