{"id":120188,"date":"2025-12-23T08:46:15","date_gmt":"2025-12-23T08:46:15","guid":{"rendered":"https:\/\/www.europesays.com\/no\/120188\/"},"modified":"2025-12-23T08:46:15","modified_gmt":"2025-12-23T08:46:15","slug":"nyheter-krim-kamelen-ble-tiltalt-etter-stagedive-ulykke-na-har-dommen-falt","status":"publish","type":"post","link":"https:\/\/www.europesays.com\/no\/120188\/","title":{"rendered":"Nyheter, Krim | Kamelen ble tiltalt etter stagedive-ulykke. N\u00e5 har dommen falt."},"content":{"rendered":"\n<p>P\u00e5sken 2024 holdt Marcus Kamelen en konsert p\u00e5 utestedet Stavkroa i Hemsedal.<\/p>\n<p>Fra en scene som ruvet 288 centimeter over bakken gjennomf\u00f8rte han en , og landet p\u00e5 publikum.<\/p>\n<p>For en mann i 20-\u00e5rene <a href=\"https:\/\/www.ba.no\/kamelen-uteble-fra-egen-rettssak-far-ikke-forklare-seg\/s\/5-8-3254467\" rel=\"Follow nofollow noopener\" target=\"_blank\">kom scenestupet ut av det bl\u00e5.<\/a> Han ble truffet, fikk brudd i en nakkevirvel, og l\u00e5 p\u00e5 sykehuset i en uke.<\/p>\n<p>\u00abH\u00e5per du har god samvittighet. Klovn!\u00bb, skrev han i en melding til bergensartisten etter hendelsen.<\/p>\n<p>   <img decoding=\"async\" width=\"769\" height=\"546\" fetchpriority=\"low\"  loading=\"lazy\"  src=\"https:\/\/www.europesays.com\/no\/wp-content\/uploads\/2025\/12\/Stavkroa.png\" alt=\"\" class=\"brick-c-cFOWSL\" style=\"--brick-image-ratio: 769 \/ 546;\"\/><\/p>\n<p>      Kamelen hoppet fra etasjen over baren.<br \/>\n      Foto: Politiet\n    <\/p>\n<p>  Fikk ikke forklart seg<\/p>\n<p>Mannen valgte \u00e5 anmelde Kamelen, som etter hvert ble tiltalt for kroppsskade av p\u00e5talemyndigheten.<\/p>\n<p>   <img decoding=\"async\" width=\"1249\" height=\"2253\" fetchpriority=\"low\"  loading=\"lazy\"  src=\"https:\/\/www.europesays.com\/no\/wp-content\/uploads\/2025\/12\/kamelen.png\" alt=\"\" class=\"brick-c-cFOWSL\" style=\"--brick-image-ratio: 1249 \/ 2253;\"\/><\/p>\n<p> Lille julaften morgen fikk Kamelen dommen.<\/p>\n<p><b> \u2013 Han ble frikjent for straffekravet, men d\u00f8mt til \u00e5 betale 80.000 kroner i erstatning, sier forsvarer J\u00f8rgen Riple til BA.<\/b><\/p>\n<p>Samtidig la hovedpersonen selv ut et innlegg p\u00e5 sin Instagram-side med bilde av seg selv under tittelen frikjent, hvorp\u00e5 han \u00f8nsket f\u00f8lgerne god jul.<\/p>\n<p>Retten konkluderer med at Kamelen var grov uaktsom, men ikke at det forel\u00e5 s\u00e5kalt forsett.<\/p>\n<p>\u2013 Han er alt i alt godt forn\u00f8yd med resultatet, sier Riple.<\/p>\n<p>Forsvareren vil ta en samtale med klienten og managementet etter jul for \u00e5 diskutere dommen.<\/p>\n<p>Tidligere i desember gikk rettssaken i Ringerike og Hallingdal tingrett, <a href=\"https:\/\/www.ba.no\/kamelen-uteble-fra-egen-rettssak-far-ikke-forklare-seg\/s\/5-8-3254467\" rel=\"Follow nofollow noopener\" target=\"_blank\">uten at Mosele var til stede.<\/a><\/p>\n<p>Han var nemlig i Dubai, og hadde p\u00e5 forh\u00e5nd bekreftet at han ikke ville dukke opp, men at han \u00f8nsket \u00e5 forklare seg over video.<\/p>\n<p>Det fikk han ikke lov til av tingrettsdommeren, men forklaringen som Mosele ga i avh\u00f8r med politiet ble lagt frem for retten.<\/p>\n<p><b>\u2013 Det er sv\u00e6rt uheldig at jeg ikke f\u00e5r forklart meg. Jeg hadde h\u00e5pet \u00e5 f\u00e5 opplyst saken p\u00e5 best mulig m\u00e5te, for min egen del, forn\u00e6rmede og alle parter, uttalte rapperen til BA.<\/b><\/p>\n<p>   <img decoding=\"async\" width=\"1200\" height=\"799\" fetchpriority=\"low\"  loading=\"lazy\"  src=\"https:\/\/www.europesays.com\/no\/wp-content\/uploads\/2025\/12\/5_59_2991532%2BKamelen%2BStagedive%2Bfra%2BAmfiet%2B%2B%2BIdyllfestivalen%2B2023%2B29.jpg\" alt=\"\" class=\"brick-c-cFOWSL\" style=\"--brick-image-ratio: 1200 \/ 799;\"\/><\/p>\n<p>      Kamelen har ti \u00e5rs erfaring med stagediving, if\u00f8lge seg selv. Her p\u00e5 Idyll-festivalen i Fredrikstad.<br \/>\n      Foto: Jonas Fjeld Pettersen\n    <\/p>\n<p>  Videobevis<\/p>\n<p>To videoer viser hva som skjedde p\u00e5 Stavkroa.<\/p>\n<p>Kamelen og hans hypeman st\u00e5r p\u00e5 plat\u00e5et som ruver over folkemengden. De ber publikum om \u00e5 ta opp hendene, f\u00f8r begge hopper.<\/p>\n<p>\u2013 Jeg husker at det smeller ganske hardt i nakkeomr\u00e5det mitt, og at det ble svart, forklarte forn\u00e6rmede i retten.<\/p>\n<p>Mosele har via sin forsvarer v\u00e6rt klar p\u00e5 at han selvsagt ikke mente \u00e5 skade noen da han stagedivet.<\/p>\n<p>P\u00e5talemyndigheten mener at hoppet likevel var risikofylt, uansvarlig og at artisten m\u00e5 ta konsekvensene av utfallet.<\/p>\n<p>\u2013 Han valgte \u00e5 hoppe selv om han forsto muligheten for at skade kunne skje, sa aktor Jan Eirik Arvesen i retten.<\/p>\n<p>\n          Stopp video<br \/>\n          Sl\u00e5 p\u00e5 lyd<br \/>\n          <video data-standalone=\"false\" preload=\"none\" muted=\"\" loop=\"\" playsinline=\"\" autoplay=\"\"><\/p>\n<p>          <\/video>\n        <\/p>\n<p>    Foreslo fire m\u00e5neder i fengsel<\/p>\n<p>Arvesen viste til at det har g\u00e5tt galt flere ganger tidligere n\u00e5r Mosele har stagedivet.<\/p>\n<p>En ung kvinne vitnet i rettssaken og fortalte at hun fikk hjernerystelse da artisten landet p\u00e5 henne p\u00e5  i 2023.<\/p>\n<p>I 2022 havnet flere personer p\u00e5 bakken da Kamelen stupte fra en relativt h\u00f8y scenekant under Stavernfestivalen.<\/p>\n<p><b>Aktors p\u00e5stand var at bergensartisten burde d\u00f8mmes til fire m\u00e5neder bak murene.<\/b><\/p>\n<p><b>Det fikk han ikke medhold i ettersom tiltalte ble frikjent for \u00e5 ha handlet med forsett (vitende og vilje).<\/b><\/p>\n<p>Forn\u00e6rmede i saken hevdet selv at han av legene fikk beskjed om at han kunne ha blitt lam, men at han var heldig.<\/p>\n<p>\u2013 \u00c5 hoppe ned mot publikum er livsfarlig, mener jeg. Da m\u00e5 man f\u00f8rst forsikre seg om at man har publikums oppmerksomhet med seg, sa han.<\/p>\n<p>\u2013 Ikke bra<\/p>\n<p>Kamelen har selv fortalt at han alltid vurderer risikoen f\u00f8r han utf\u00f8rer et scenestup.<\/p>\n<p>Advokat Riple sa at hans klient b\u00f8r frikjennes fordi skaden oppsto som f\u00f8lge av et uhell, alts\u00e5 mangler det forsett etter straffeloven.<\/p>\n<p>\u2013 En artist lever av at publikum er forn\u00f8yd. At noen blir skadet, er ikke bra for Mosele. Det er noe han fors\u00f8ker \u00e5 unng\u00e5, sa forsvareren.<\/p>\n<p>Han p\u00e5pekte at artisten har drevet p\u00e5 med stagediving i ti \u00e5r, og at publikum aksepterer en viss risiko ved \u00e5 g\u00e5 p\u00e5 hans konserter.<\/p>\n<p><b>Dommen er ikke rettskraftig. Ankefristen er to uker.<\/b><\/p>\n<p>  <a href=\"https:\/\/www.ba.no\/5-8-3254467\" class=\"related-teaser default-story-teaser article--c-eRUmMG article--c-eRUmMG-jKCPdD-design-default article--c-eRUmMG-kpKLOW-cv\" rel=\"nofollow noopener\" target=\"_blank\"><\/p>\n<p>\n            Les ogs\u00e5<\/p>\n<p>              Vil ha Kamelen i fengsel etter stagedive: \u2013 Sterkt uansvarlig\n        <\/p>\n<p>  <\/a><\/p>\n","protected":false},"excerpt":{"rendered":"P\u00e5sken 2024 holdt Marcus Kamelen en konsert p\u00e5 utestedet Stavkroa i Hemsedal. Fra en scene som ruvet 288&hellip;\n","protected":false},"author":2,"featured_media":120189,"comment_status":"","ping_status":"","sticky":false,"template":"","format":"standard","meta":{"footnotes":""},"categories":[5],"tags":[36,444,20,21,24,25,15,19,983,22,23,17,18,13,30,28,29,14,16,1510,26,27],"class_list":{"0":"post-120188","1":"post","2":"type-post","3":"status-publish","4":"format-standard","5":"has-post-thumbnail","7":"category-overskrifter","8":"tag-art","9":"tag-bergen","10":"tag-breaking-news","11":"tag-breakingnews","12":"tag-featured-news","13":"tag-featurednews","14":"tag-headlines","15":"tag-hovedoppslag","16":"tag-krim","17":"tag-latest-news","18":"tag-latestnews","19":"tag-main-news","20":"tag-mainnews","21":"tag-news","22":"tag-no","23":"tag-norge","24":"tag-norway","25":"tag-nyheter","26":"tag-overskrifter","27":"tag-story","28":"tag-top-stories","29":"tag-topstories"},"share_on_mastodon":{"url":"https:\/\/pubeurope.com\/@no\/115768012922561827","error":""},"_links":{"self":[{"href":"https:\/\/www.europesays.com\/no\/wp-json\/wp\/v2\/posts\/120188","targetHints":{"allow":["GET"]}}],"collection":[{"href":"https:\/\/www.europesays.com\/no\/wp-json\/wp\/v2\/posts"}],"about":[{"href":"https:\/\/www.europesays.com\/no\/wp-json\/wp\/v2\/types\/post"}],"author":[{"embeddable":true,"href":"https:\/\/www.europesays.com\/no\/wp-json\/wp\/v2\/users\/2"}],"replies":[{"embeddable":true,"href":"https:\/\/www.europesays.com\/no\/wp-json\/wp\/v2\/comments?post=120188"}],"version-history":[{"count":0,"href":"https:\/\/www.europesays.com\/no\/wp-json\/wp\/v2\/posts\/120188\/revisions"}],"wp:featuredmedia":[{"embeddable":true,"href":"https:\/\/www.europesays.com\/no\/wp-json\/wp\/v2\/media\/120189"}],"wp:attachment":[{"href":"https:\/\/www.europesays.com\/no\/wp-json\/wp\/v2\/media?parent=120188"}],"wp:term":[{"taxonomy":"category","embeddable":true,"href":"https:\/\/www.europesays.com\/no\/wp-json\/wp\/v2\/categories?post=120188"},{"taxonomy":"post_tag","embeddable":true,"href":"https:\/\/www.europesays.com\/no\/wp-json\/wp\/v2\/tags?post=120188"}],"curies":[{"name":"wp","href":"https:\/\/api.w.org\/{rel}","templated":true}]}}