{"id":120196,"date":"2025-12-23T08:58:15","date_gmt":"2025-12-23T08:58:15","guid":{"rendered":"https:\/\/www.europesays.com\/no\/120196\/"},"modified":"2025-12-23T08:58:15","modified_gmt":"2025-12-23T08:58:15","slug":"eldre-par-soker-hjelp-skilsmissene-oker-etter-50","status":"publish","type":"post","link":"https:\/\/www.europesays.com\/no\/120196\/","title":{"rendered":"Eldre par s\u00f8ker hjelp \u2013 skilsmissene \u00f8ker etter 50"},"content":{"rendered":"<p><strong>Flere parterapeuter opplever en tydelig \u00f8kning i antall klienter over 50 \u00e5r. If\u00f8lge Statistisk sentralbyr\u00e5 er det nettopp i denne aldersgruppen skilsmisseraten n\u00e5 stiger, selv om det samlede antallet skilsmisser g\u00e5r ned.<\/strong><\/p>\n<p>Psykolog Ingrid Toppe ved Klinikk for Krisepsykologi peker p\u00e5 at mange eldre par kommer til et punkt der forholdet blir vurdert p\u00e5 nytt.<br \/>\u2013 Samlet sett er det f\u00e6rre som skiller seg, men det er en \u00f8kning blant eldre, sier Toppe til <a href=\"https:\/\/www.tv2.no\/nyheter\/eldrebolge-hos-parterapeutene-dette-tror-de-er-arsaken\/18347105\/\" rel=\"nofollow noopener\" target=\"_blank\">TV2<\/a>.<\/p>\n<p>Parterapeuter forklarer utviklingen med endrede livsfaser. N\u00e5r barn flytter hjemmefra og yrkeslivet trappes ned, f\u00e5r mange mer tid og overskudd til \u00e5 se p\u00e5 egen relasjon. For noen avdekker det langvarige konflikter, manglende n\u00e6rhet eller uforl\u00f8ste forventninger.<\/p>\n<p>Psykolog og forsker Frode Thuen m\u00f8ter stadig eldre par i terapi, ogs\u00e5 godt opp i 70- og 80-\u00e5rene.<br \/>\u2013 N\u00e5r de f\u00e5r bedre tid og mer overskudd, vil de g\u00e5 inn for landing og evaluerer forholdet, sier han.<\/p>\n<p>If\u00f8lge terapeuter skiller eldre par seg ogs\u00e5 fra yngre ved at de oftere opps\u00f8ker hjelp sent i prosessen, gjerne etter alvorlige tillitsbrudd, utroskap eller langvarig avstand. Samtidig har skilsmisse blitt mer sosialt akseptert, og \u00f8konomisk selvstendighet gj\u00f8r det lettere \u00e5 bryte ut av forhold som ikke oppleves meningsfulle.<\/p>\n<p>Internasjonalt beskrives utviklingen som en \u00abgr\u00e5 skilsmisseb\u00f8lge\u00bb, med lignende tall i blant annet USA, Japan og S\u00f8r-Korea. Felles for mange er \u00f8nsket om \u00e5 bruke resten av livet p\u00e5 en m\u00e5te som oppleves riktig.<\/p>\n<p>Terapeutene understreker at parterapi ikke bare handler om \u00e5 unng\u00e5 brudd, men om \u00e5 ta bevisste valg. For noen inneb\u00e6rer det \u00e5 styrke forholdet, for andre \u00e5 avslutte det p\u00e5 en ryddig m\u00e5te etter mange ti\u00e5r sammen.<\/p>\n","protected":false},"excerpt":{"rendered":"Flere parterapeuter opplever en tydelig \u00f8kning i antall klienter over 50 \u00e5r. If\u00f8lge Statistisk sentralbyr\u00e5 er det nettopp&hellip;\n","protected":false},"author":2,"featured_media":120197,"comment_status":"","ping_status":"","sticky":false,"template":"","format":"standard","meta":{"footnotes":""},"categories":[12],"tags":[20,21,24,25,15,22,23,13,30,28,29,14,16,5930,4031,14330,26,27,42,43,44,45],"class_list":{"0":"post-120196","1":"post","2":"type-post","3":"status-publish","4":"format-standard","5":"has-post-thumbnail","7":"category-verden","8":"tag-breaking-news","9":"tag-breakingnews","10":"tag-featured-news","11":"tag-featurednews","12":"tag-headlines","13":"tag-latest-news","14":"tag-latestnews","15":"tag-news","16":"tag-no","17":"tag-norge","18":"tag-norway","19":"tag-nyheter","20":"tag-overskrifter","21":"tag-parterapi","22":"tag-skilsmisse","23":"tag-terapi","24":"tag-top-stories","25":"tag-topstories","26":"tag-verden","27":"tag-world","28":"tag-world-news","29":"tag-worldnews"},"share_on_mastodon":{"url":"https:\/\/pubeurope.com\/@no\/115768059785400886","error":""},"_links":{"self":[{"href":"https:\/\/www.europesays.com\/no\/wp-json\/wp\/v2\/posts\/120196","targetHints":{"allow":["GET"]}}],"collection":[{"href":"https:\/\/www.europesays.com\/no\/wp-json\/wp\/v2\/posts"}],"about":[{"href":"https:\/\/www.europesays.com\/no\/wp-json\/wp\/v2\/types\/post"}],"author":[{"embeddable":true,"href":"https:\/\/www.europesays.com\/no\/wp-json\/wp\/v2\/users\/2"}],"replies":[{"embeddable":true,"href":"https:\/\/www.europesays.com\/no\/wp-json\/wp\/v2\/comments?post=120196"}],"version-history":[{"count":0,"href":"https:\/\/www.europesays.com\/no\/wp-json\/wp\/v2\/posts\/120196\/revisions"}],"wp:featuredmedia":[{"embeddable":true,"href":"https:\/\/www.europesays.com\/no\/wp-json\/wp\/v2\/media\/120197"}],"wp:attachment":[{"href":"https:\/\/www.europesays.com\/no\/wp-json\/wp\/v2\/media?parent=120196"}],"wp:term":[{"taxonomy":"category","embeddable":true,"href":"https:\/\/www.europesays.com\/no\/wp-json\/wp\/v2\/categories?post=120196"},{"taxonomy":"post_tag","embeddable":true,"href":"https:\/\/www.europesays.com\/no\/wp-json\/wp\/v2\/tags?post=120196"}],"curies":[{"name":"wp","href":"https:\/\/api.w.org\/{rel}","templated":true}]}}