{"id":120222,"date":"2025-12-23T09:39:11","date_gmt":"2025-12-23T09:39:11","guid":{"rendered":"https:\/\/www.europesays.com\/no\/120222\/"},"modified":"2025-12-23T09:39:11","modified_gmt":"2025-12-23T09:39:11","slug":"om-stjernas-demensdiagnose-ting-har-endret-seg","status":"publish","type":"post","link":"https:\/\/www.europesays.com\/no\/120222\/","title":{"rendered":"Om stjernas demensdiagnose: &#8211; Ting har endret seg"},"content":{"rendered":"<p>For rundt tre \u00e5r siden delte skuespillerikonet Bruce Willis at han hadde blitt diagnostisert med frontallappsdemens. Fra f\u00f8r hadde Willis f\u00e5tt diagnosen afasi, som er en spr\u00e5kforstyrrelse.<\/p>\n<p>I forkant av jula deler kona Emma Heming Willis om hvordan ektemannens diagnoser preger familien i h\u00f8ytiden.<\/p>\n<p>\u2013 Kan savne det som var<\/p>\n<p>\u2013 For meg b\u00e6rer h\u00f8ytiden minner om Bruce som sentrum for alt. Han elsket denne tiden p\u00e5 \u00e5ret \u2013 energien, familietiden, tradisjonene, skriver Heming Willis i et blogginnlegg, gjengitt av blant andre danske <a href=\"https:\/\/www.bt.dk\/int.-kendte\/bruce-willis-kone-aabner-op-om-den-svaere-juletid-det-ser-anderledes-ud-nu\" rel=\"nofollow noopener\" target=\"_blank\">B.T.<\/a><\/p>\n<p>Paret har v\u00e6rt gift siden 2009 og har to barn sammen. Men for mer enn tre \u00e5r siden endret forholdet deres seg dramatisk som f\u00f8lge av den 70 \u00e5r gamle skuespillerens demenssykdom.<\/p>\n<p>Willis er kjent for hovedrollen i actionklassikeren \u00abDie Hard\u00bb, som for mange er obligatorisk \u00e5 se i jula. Sykdommen har blant annet f\u00f8rt til at han har m\u00e5ttet flytte.<\/p>\n<p>\u2013 Jeg finner meg selv i \u00e5 banne over Bruces navn mens jeg sliter med julelysene eller p\u00e5tar meg oppgaver som en gang var hans, skriver kona i blogginnlegget.<\/p>\n<p>    <a class=\"article__link\" data-ga-active-label=\"\" data-ga-active-label-animation=\"\" href=\"https:\/\/www.tv2.no\/underholdning\/det-blir-en-rar-jul\/18401823\/\" rel=\"nofollow noopener\" target=\"_blank\"><\/p>\n<p>    <img class=\"image__img lazyload\" itemprop=\"image\" title=\"\" alt=\"\" width=\"978\" height=\"411\" bad-src=\"https:\/\/www.europesays.com\/no\/wp-content\/uploads\/2025\/12\/18401844.webp\" fetchpriority=\"auto\" \/><\/p>\n<p>\n            \u2013 Det blir en rar jul\n        <\/p>\n<p>    <\/a><\/p>\n<p>Heming Willis understreker at hun ikke er sint p\u00e5 ham, men at hun savner m\u00e5ten han en gang ledet an i juletiden.<\/p>\n<p>\u2013 Ja, han l\u00e6rte meg opp godt, men jeg har fortsatt lov til \u00e5 v\u00e6re irritert over at dette er enda en p\u00e5minnelse om hvordan ting har endret seg.<\/p>\n<p>Skuespillerkona reflekterer over at sorg ikke bare handler om d\u00f8dsfall. Forandring og tap kan ogs\u00e5 utl\u00f8se sorgf\u00f8lelser og irritasjon.<\/p>\n<p>\u2013 Man reagerer p\u00e5 et veldig reelt tap. Du kan savne det som var, og fortsatt m\u00f8te opp for det som er, p\u00e5peker hun.<\/p>\n<p>R\u00f8per tradisjon<\/p>\n<p>Heming Willis har i et tidligere intervju <a href=\"https:\/\/www.tv2.no\/nyheter\/slik-pavirker-diagnosen-jula-ser-annerledes-ut\/18331821\/\" rel=\"nofollow noopener\" target=\"_blank\">\u00e5pnet seg om \u00e5 navigere gjennom h\u00f8ytider med skuespilleren<\/a>.<\/p>\n<p> \u2013 Du m\u00e5 l\u00e6re deg \u00e5 tilpasse deg og skape nye minner, men samtidig ta med deg de samme tradisjonene som f\u00f8r, har hun tidligere uttalt til Page Six.<\/p>\n<p>Hun kunne samtidig innr\u00f8mme en av Willis-familiens tradisjoner: De m\u00e5 se \u00abDie Hard\u00bb.<\/p>\n<p> \u2013 Det er jo tross alt en julefilm.<\/p>\n","protected":false},"excerpt":{"rendered":"For rundt tre \u00e5r siden delte skuespillerikonet Bruce Willis at han hadde blitt diagnostisert med frontallappsdemens. Fra f\u00f8r&hellip;\n","protected":false},"author":2,"featured_media":120223,"comment_status":"","ping_status":"","sticky":false,"template":"","format":"standard","meta":{"footnotes":""},"categories":[58],"tags":[71,30,28,29,72],"class_list":{"0":"post-120222","1":"post","2":"type-post","3":"status-publish","4":"format-standard","5":"has-post-thumbnail","7":"category-underholdning","8":"tag-entertainment","9":"tag-no","10":"tag-norge","11":"tag-norway","12":"tag-underholdning"},"share_on_mastodon":{"url":"https:\/\/pubeurope.com\/@no\/115768220882508312","error":""},"_links":{"self":[{"href":"https:\/\/www.europesays.com\/no\/wp-json\/wp\/v2\/posts\/120222","targetHints":{"allow":["GET"]}}],"collection":[{"href":"https:\/\/www.europesays.com\/no\/wp-json\/wp\/v2\/posts"}],"about":[{"href":"https:\/\/www.europesays.com\/no\/wp-json\/wp\/v2\/types\/post"}],"author":[{"embeddable":true,"href":"https:\/\/www.europesays.com\/no\/wp-json\/wp\/v2\/users\/2"}],"replies":[{"embeddable":true,"href":"https:\/\/www.europesays.com\/no\/wp-json\/wp\/v2\/comments?post=120222"}],"version-history":[{"count":0,"href":"https:\/\/www.europesays.com\/no\/wp-json\/wp\/v2\/posts\/120222\/revisions"}],"wp:featuredmedia":[{"embeddable":true,"href":"https:\/\/www.europesays.com\/no\/wp-json\/wp\/v2\/media\/120223"}],"wp:attachment":[{"href":"https:\/\/www.europesays.com\/no\/wp-json\/wp\/v2\/media?parent=120222"}],"wp:term":[{"taxonomy":"category","embeddable":true,"href":"https:\/\/www.europesays.com\/no\/wp-json\/wp\/v2\/categories?post=120222"},{"taxonomy":"post_tag","embeddable":true,"href":"https:\/\/www.europesays.com\/no\/wp-json\/wp\/v2\/tags?post=120222"}],"curies":[{"name":"wp","href":"https:\/\/api.w.org\/{rel}","templated":true}]}}