{"id":120224,"date":"2025-12-23T09:44:11","date_gmt":"2025-12-23T09:44:11","guid":{"rendered":"https:\/\/www.europesays.com\/no\/120224\/"},"modified":"2025-12-23T09:44:11","modified_gmt":"2025-12-23T09:44:11","slug":"han-er-et-ikon","status":"publish","type":"post","link":"https:\/\/www.europesays.com\/no\/120224\/","title":{"rendered":"\u2013 Han er et ikon"},"content":{"rendered":"\n<p class=\"_lead_o9xde_2 _lead_xtcu6_50 layout-component text-serif-m layout-normal text-serif-l layout-component layout-wide layout-padded _wide_17hqh_1 layout-padded\">Mohamed Salah ble matchvinner i Egypts f\u00f8rste kamp i afrikamesterskapet. S\u00e5 ble han hyllet av lagkameraten.<\/p>\n<p> <img class=\"_image_qp4xg_65 layout-component layout-wide\" data-fullscreen- data-track-element-type=\"Article image fullscreen\" data-track-name=\"ImageFullscreen\" fetchpriority=\"high\" decoding=\"sync\" loading=\"eager\" height=\"57\" itemprop=\"image\"  src=\"https:\/\/www.europesays.com\/no\/wp-content\/uploads\/2025\/12\/4caf1bceb3544a556bb00034132d89dc.jpg\"  style=\"object-position:50% 50%;aspect-ratio:1.75;height:auto;object-fit:cover;width:100%\" width=\"102\"\/>  <\/p>\n<ul aria-hidden=\"true\" class=\"_images_ntbth_112\">\n<li><a class=\"_link_ntbth_117\" href=\"https:\/\/www.vg.no\/forfatter\/ntb\" style=\"z-index:1\" title=\"NTB\" rel=\"nofollow noopener\" target=\"_blank\"><img alt=\"Bilde av NTB\" class=\"_image_ntbth_93\" fetchpriority=\"low\" loading=\"lazy\" decoding=\"async\" itemprop=\"image\"  src=\"https:\/\/www.europesays.com\/no\/wp-content\/uploads\/2025\/12\/1766483051_239_c33980b0-5d07-4027-84a1-813f90a7c8d6\"  width=\"480\"\/><\/a><\/li>\n<\/ul>\n<p> Oppdatert tirsdag 23. desember kl. 10:15    <\/p>\n<ul class=\"_list_o9xde_3 _list_64s2r_85 _unordered_o9xde_106 text-sans-m\">\n<li class=\"_item_o9xde_30\">Mohamed Salah ble matchvinner i Egypts \u00e5pningskamp i afrikamesterskapet.<\/li>\n<li class=\"_item_o9xde_30\">Salah scoret det avgj\u00f8rende m\u00e5let mot Zimbabwe p\u00e5 overtid.<\/li>\n<li class=\"_item_o9xde_30\">Lagkameraten Mahmoud \u00abTrezeguet\u00bb Hassan roser Salahs motivasjon og talent.<\/li>\n<li class=\"_item_o9xde_30\">Salah overkom en t\u00f8ff periode i Liverpool f\u00f8r mesterskapet.<\/li>\n<li class=\"_item_o9xde_30\">Egypt m\u00f8ter S\u00f8r-Afrika p\u00e5 fredag.<\/li>\n<\/ul>\n<p>Vis mer <\/p>\n<p class=\"_paragraph_o9xde_4 _paragraph_xtcu6_10 layout-component text-serif-m layout-normal text-serif-m layout-padded\">Etter sju kamper uten scoring og en turbulent periode i Liverpool ble det suksess da Zimbabwe ble sl\u00e5tt 2-1.<\/p>\n<p class=\"_paragraph_o9xde_4 _paragraph_xtcu6_10 layout-component text-serif-m layout-normal text-serif-m layout-padded\">Salah satte inn den avgj\u00f8rende scoringen p\u00e5 overtid og s\u00f8rget for at Egypt unngikk fiasko i \u00e5pningskampen i afrikamesterskapet.<\/p>\n<p class=\"_paragraph_o9xde_4 _paragraph_xtcu6_10 layout-component text-serif-m layout-normal text-serif-m layout-padded\">If\u00f8lge lagkamerat Mahmoud \u00abTrezeguet\u00bb Hassan har ikke Salah latt seg distrahere av den siste tiden i Liverpool.<\/p>\n<p class=\"_paragraph_o9xde_4 _paragraph_xtcu6_10 layout-component text-serif-m layout-normal text-serif-m layout-padded\">\u2013 Jeg merker motivasjonen hans veldig, veldig sterkt. Salah er et ikon, og det vil han fortsette \u00e5 v\u00e6re. Han er en av de beste spillerne i verden, og jeg st\u00f8tter ham uansett hva han gj\u00f8r, sa Hassan if\u00f8lge AFP.<\/p>\n<ul class=\"_list_o9xde_3 _list_xtcu6_9 _unordered_o9xde_106 layout-component text-serif-m layout-normal text-serif-m layout-padded\">\n<li class=\"_item_o9xde_30\"><a href=\"https:\/\/tv.vg.no\/kategori\/3\/sport?popup_id=6926df88838b9a0012b578c0\" class=\"_link_o9xde_39\" rel=\"nofollow noopener\" target=\"_blank\"><strong class=\"_strong_o9xde_25\">Alt fra Afrikamesterskapet ser du p\u00e5 VG+ Sport<\/strong><\/a><\/li>\n<\/ul>\n<ul class=\"_gallery_1qa3s_23\" tabindex=\"0\">\n<li class=\"_item_1qa3s_37\" data-index=\"0\"><img decoding=\"async\" class=\"_image_foru8_23 _articleGallery_foru8_39\" data-fullscreen- width=\"2322\" height=\"1548\" itemprop=\"image\" loading=\"lazy\"  src=\"https:\/\/www.europesays.com\/no\/wp-content\/uploads\/2025\/12\/f75126ef-446a-4f52-aa26-b84483a0f67c\"  style=\"object-position:50% 50%;aspect-ratio:var(--gallery-aspect-ratio, 16 \/ 9)\"\/>Mohamed Salah og Omar Marmoush feirer 2-1-scoringen p\u00e5 overtid.  Foto: Mosa&#8217;ab Elshamy \/ AP \/ NTB<\/li>\n<\/ul>\n<p>Mohamed Salah og Omar Marmoush feirer 2-1-scoringen p\u00e5 overtid.  Foto: Mosa&#8217;ab Elshamy \/ AP \/ NTB<\/p>\n<p class=\"_paragraph_o9xde_4 _paragraph_xtcu6_10 layout-component text-serif-m layout-normal text-serif-m layout-padded\">Salah slet stort i Liverpools vanskelige periode. Etter en kamp p\u00e5 benken mot Leeds luftet han sin misn\u00f8ye med situasjonen. <\/p>\n<p class=\"_paragraph_o9xde_4 _paragraph_xtcu6_10 layout-component text-serif-m layout-normal text-serif-m layout-padded\">Han sa at han f\u00f8lte seg kastet under bussen av klubben, og at han urettmessig fikk skylden for Liverpools svake resultater.<\/p>\n<p class=\"_paragraph_o9xde_4 _paragraph_xtcu6_10 layout-component text-serif-m layout-normal text-serif-m layout-padded\">Egypt-stjernen kom seg inn p\u00e5 laget igjen og har beklaget utspillene. Men n\u00e5 er det afrikamesterskapet som gjelder.<\/p>\n<p class=\"_paragraph_o9xde_4 _paragraph_xtcu6_10 layout-component text-serif-m layout-normal text-serif-m layout-padded\">S\u00f8r-Afrika er neste motstander fredag.<\/p>\n<p class=\"_paragraph_o9xde_4 _paragraph_xtcu6_10 layout-component text-serif-m layout-normal text-serif-m layout-padded\">23. desember kan du se Norges VM-motstander Senegal i aksjon. <a href=\"https:\/\/tv.vg.no\/video\/346294\/senegal-botswana\" class=\"_link_o9xde_39\" rel=\"nofollow noopener\" target=\"_blank\">De m\u00f8ter Botswana klokken 15.50<\/a>.<\/p>\n","protected":false},"excerpt":{"rendered":"Mohamed Salah ble matchvinner i Egypts f\u00f8rste kamp i afrikamesterskapet. S\u00e5 ble han hyllet av lagkameraten. Oppdatert tirsdag&hellip;\n","protected":false},"author":2,"featured_media":120225,"comment_status":"","ping_status":"","sticky":false,"template":"","format":"standard","meta":{"footnotes":""},"categories":[5],"tags":[12926,20,21,1276,24,25,15,19,22,23,17,18,4144,13,30,28,29,14,16,26,27],"class_list":{"0":"post-120224","1":"post","2":"type-post","3":"status-publish","4":"format-standard","5":"has-post-thumbnail","7":"category-overskrifter","8":"tag-afrikamesterskapet-i-fotball","9":"tag-breaking-news","10":"tag-breakingnews","11":"tag-egypt","12":"tag-featured-news","13":"tag-featurednews","14":"tag-headlines","15":"tag-hovedoppslag","16":"tag-latest-news","17":"tag-latestnews","18":"tag-main-news","19":"tag-mainnews","20":"tag-mohamed-salah","21":"tag-news","22":"tag-no","23":"tag-norge","24":"tag-norway","25":"tag-nyheter","26":"tag-overskrifter","27":"tag-top-stories","28":"tag-topstories"},"share_on_mastodon":{"url":"https:\/\/pubeurope.com\/@no\/115768241148015011","error":""},"_links":{"self":[{"href":"https:\/\/www.europesays.com\/no\/wp-json\/wp\/v2\/posts\/120224","targetHints":{"allow":["GET"]}}],"collection":[{"href":"https:\/\/www.europesays.com\/no\/wp-json\/wp\/v2\/posts"}],"about":[{"href":"https:\/\/www.europesays.com\/no\/wp-json\/wp\/v2\/types\/post"}],"author":[{"embeddable":true,"href":"https:\/\/www.europesays.com\/no\/wp-json\/wp\/v2\/users\/2"}],"replies":[{"embeddable":true,"href":"https:\/\/www.europesays.com\/no\/wp-json\/wp\/v2\/comments?post=120224"}],"version-history":[{"count":0,"href":"https:\/\/www.europesays.com\/no\/wp-json\/wp\/v2\/posts\/120224\/revisions"}],"wp:featuredmedia":[{"embeddable":true,"href":"https:\/\/www.europesays.com\/no\/wp-json\/wp\/v2\/media\/120225"}],"wp:attachment":[{"href":"https:\/\/www.europesays.com\/no\/wp-json\/wp\/v2\/media?parent=120224"}],"wp:term":[{"taxonomy":"category","embeddable":true,"href":"https:\/\/www.europesays.com\/no\/wp-json\/wp\/v2\/categories?post=120224"},{"taxonomy":"post_tag","embeddable":true,"href":"https:\/\/www.europesays.com\/no\/wp-json\/wp\/v2\/tags?post=120224"}],"curies":[{"name":"wp","href":"https:\/\/api.w.org\/{rel}","templated":true}]}}