{"id":120230,"date":"2025-12-23T09:53:24","date_gmt":"2025-12-23T09:53:24","guid":{"rendered":"https:\/\/www.europesays.com\/no\/120230\/"},"modified":"2025-12-23T09:53:24","modified_gmt":"2025-12-23T09:53:24","slug":"julefavoritt-med-bannlysing-billop-og-bonnestund-dagen","status":"publish","type":"post","link":"https:\/\/www.europesays.com\/no\/120230\/","title":{"rendered":"(+) Julefavoritt med bannlysing, bill\u00f8p og b\u00f8nnestund &#8211; Dagen"},"content":{"rendered":"<ol>\n<li><a href=\"https:\/\/news.google.com\/rss\/articles\/CBMijwFBVV95cUxOZGo5NUZlSkoxUGh6YW1ScG1JNGpWanhiNFg1akhRYlFxUFFWbUcwQy1rWDAtbS1feXZJQkV3cGFjTW41aXM3WE94N3Y5b0x2d2FZNEk4Xy1RaV9zUHp0VXM5YkdwNFY0UVdXZFFqTVVrRVdkX3VlZ3lfZlVTSkg4WmRFM01QMEJnMXFZUktSTQ?oc=5\" target=\"_blank\" rel=\"nofollow noopener\">(+) Julefavoritt med bannlysing, bill\u00f8p og b\u00f8nnestund<\/a>&nbsp;&nbsp;Dagen<\/li>\n<li><a href=\"https:\/\/news.google.com\/rss\/articles\/CBMiiAFBVV95cUxPMWpFM090bXdTbWVUOHBRZVJEaUM2b2NCOVg5aVlSVngtNmVLWVJjaHBEbTZDX25FTnMwWUZTOGE1Y2Zfakw2LTRpbF9TaVRqVkR5WUh0eDN6cjFuVTU3eE1KU3JUMjFJVFlxWjRLOEhBOFI0dkdjd1JGeGU1YXNEV2NTdjBvNWNX?oc=5\" target=\"_blank\" rel=\"nofollow noopener\">Rotnorsk moro<\/a>&nbsp;&nbsp;VG<\/li>\n<li><a href=\"https:\/\/news.google.com\/rss\/articles\/CBMisAFBVV95cUxNQWVoNU9PUTJJM3NWd0t6TGRmOUhSbkJMY0c3QklLYXJIUHF5WU9HYVJnR01KTVdseEdHemdKelpoVnpkX25mSWNmUlVMOWMxQnpDZVdpdTc3Z0p1alNkZVo3TU9mdTRTay1aM2t6cVI0STZ3Zl9Yd0FDd3padERZclpjUFpILTg1TUhyd3ZlWFNPbDZqdklOYkdTNE90TTE0LW15X1JPMno5N1FmNmJzQQ?oc=5\" target=\"_blank\" rel=\"nofollow noopener\">Nesodden, Film- og TV-produksjon | Nesodding bak nye Fl\u00e5klypa: \u2013 Vi har fors\u00f8kt \u00e5 lage en skikkelig god racing-film<\/a>&nbsp;&nbsp;Akershus Amtstidende<\/li>\n<li><a href=\"https:\/\/news.google.com\/rss\/articles\/CBMimAFBVV95cUxNTnp1cEVxdWN3bnR5WlZucFhxTGtBSmQySm1MUE9QRFpMNTJpRF8xVlRXRGxsb3ZHNXJfSFctNkxhaThFM3VPZXRXOVpJaEYyTWlWMnZMclp2OVctY0lHVTc0NGM0Ul9iWjZabEF5UU5VOENyc1I4dG5DOHpCckstXzBvRWJxTWFvRVB0dW5VZzRoajRTMEVCeg?oc=5\" target=\"_blank\" rel=\"nofollow noopener\">Kultur &amp; underholdning, Kulturkalender | Kulturkalenderen uke 52: Se alt som skjer i julen og romjulen<\/a>&nbsp;&nbsp;Sarpsborg Arbeiderblad<\/li>\n<li><a href=\"https:\/\/news.google.com\/rss\/articles\/CBMif0FVX3lxTE5mUXRCd2kydERPb0RNSVlWbXhBcy15S1g2NzFxVEszUWR4b0xzU1Q5aGs5VVhOQ1d2XzVWXzVhT0RCWnM0T1JvSHJ1VFFWOE5NbWwxQklDNUFzeTBRbHlJbUM4U0QxR2xvTG5KYmNPNk9xZ1Zra1p4Xy1TM3ItMEk?oc=5\" target=\"_blank\" rel=\"nofollow noopener\">Tettpakket kinoprogram i julen<\/a>&nbsp;&nbsp;Radio Nordkapp<\/li>\n<\/ol>\n","protected":false},"excerpt":{"rendered":"(+) Julefavoritt med bannlysing, bill\u00f8p og b\u00f8nnestund&nbsp;&nbsp;Dagen Rotnorsk moro&nbsp;&nbsp;VG Nesodden, Film- og TV-produksjon | Nesodding bak nye Fl\u00e5klypa:&hellip;\n","protected":false},"author":2,"featured_media":120231,"comment_status":"","ping_status":"","sticky":false,"template":"","format":"standard","meta":{"footnotes":""},"categories":[58],"tags":[71,30,28,29,72],"class_list":{"0":"post-120230","1":"post","2":"type-post","3":"status-publish","4":"format-standard","5":"has-post-thumbnail","7":"category-underholdning","8":"tag-entertainment","9":"tag-no","10":"tag-norge","11":"tag-norway","12":"tag-underholdning"},"share_on_mastodon":{"url":"https:\/\/pubeurope.com\/@no\/115768275984995586","error":""},"_links":{"self":[{"href":"https:\/\/www.europesays.com\/no\/wp-json\/wp\/v2\/posts\/120230","targetHints":{"allow":["GET"]}}],"collection":[{"href":"https:\/\/www.europesays.com\/no\/wp-json\/wp\/v2\/posts"}],"about":[{"href":"https:\/\/www.europesays.com\/no\/wp-json\/wp\/v2\/types\/post"}],"author":[{"embeddable":true,"href":"https:\/\/www.europesays.com\/no\/wp-json\/wp\/v2\/users\/2"}],"replies":[{"embeddable":true,"href":"https:\/\/www.europesays.com\/no\/wp-json\/wp\/v2\/comments?post=120230"}],"version-history":[{"count":0,"href":"https:\/\/www.europesays.com\/no\/wp-json\/wp\/v2\/posts\/120230\/revisions"}],"wp:featuredmedia":[{"embeddable":true,"href":"https:\/\/www.europesays.com\/no\/wp-json\/wp\/v2\/media\/120231"}],"wp:attachment":[{"href":"https:\/\/www.europesays.com\/no\/wp-json\/wp\/v2\/media?parent=120230"}],"wp:term":[{"taxonomy":"category","embeddable":true,"href":"https:\/\/www.europesays.com\/no\/wp-json\/wp\/v2\/categories?post=120230"},{"taxonomy":"post_tag","embeddable":true,"href":"https:\/\/www.europesays.com\/no\/wp-json\/wp\/v2\/tags?post=120230"}],"curies":[{"name":"wp","href":"https:\/\/api.w.org\/{rel}","templated":true}]}}