{"id":120234,"date":"2025-12-23T10:07:26","date_gmt":"2025-12-23T10:07:26","guid":{"rendered":"https:\/\/www.europesays.com\/no\/120234\/"},"modified":"2025-12-23T10:07:26","modified_gmt":"2025-12-23T10:07:26","slug":"sinnssykt-deilig","status":"publish","type":"post","link":"https:\/\/www.europesays.com\/no\/120234\/","title":{"rendered":"&#8211; Sinnssykt deilig"},"content":{"rendered":"<p>  Atle Lie McGrath tok sesongens f\u00f8rste slal\u00e5mseier i Alta Badia.<\/p>\n<p>\n    SEIERSBR\u00d8L: Atle Lie McGrath. Foto: REUTERS \/ NTB\n  <\/p>\n<p> Atle Lie McGrath hadde et str\u00e5lende utgangspunkt etter f\u00f8rste omgang og fulgte opp med et sterkt finalel\u00f8p da han kj\u00f8rte inn til seier i slal\u00e5mrennet i Alta Badia.<\/p>\n<p class=\"font-weight-bold m-font-weight-bold\" data-lab-font_weight=\"font-weight-bold\"> &#8211; Jeg s\u00e5 ikke p\u00e5 rennet til No\u00ebl. Det var altfor nervepirrende. Da jeg h\u00f8rte publikum sukke da han kom i m\u00e5l, skj\u00f8nte jeg at jeg hadde tatt seieren &#8211; det er noe av det diggeste jeg har f\u00f8lt p\u00e5 lenge, sa McGrath til Viaplay. <\/p>\n<p>    <a itemprop=\"url\" href=\"https:\/\/www.dagbladet.no\/sport\/for-en-aere\/84016189\" rel=\"nofollow noopener\" target=\"_blank\"><\/p>\n<p>        <img loading=\"lazy\" decoding=\"async\" src=\"https:\/\/www.europesays.com\/no\/wp-content\/uploads\/2025\/12\/84016880.webp\" width=\"980\" height=\"441\" title=\"- For en \u00e6re\" alt=\"\" class=\"lazyload\" style=\"--aspect-ratio-image: 2.22; \"\/><\/p>\n<p>        &#8211; For en \u00e6re<\/p>\n<p>    <\/a><\/p>\n<p> &#8211; Maktdemonstrasjon \t<\/p>\n<p> Fra startnummer fem kj\u00f8rte 25-\u00e5ringen inn til andreplass i f\u00f8rste omgang, ni hundredeler bak franske Cl\u00e9ment No\u00ebl i ledelsen. Sveitsiske Lo\u00efc Meillard fulgte p\u00e5 tredjeplass, 17 hundredeler bak nordmannen. <\/p>\n<p> Dermed var McGrath for alvor med i seierskampen. I finaleomgangen tok han over ledelsen fra Meillard. <\/p>\n<p> No\u00ebl, som ledet etter f\u00f8rste omgang, klarte ikke \u00e5 sl\u00e5 nordmannens tid. <\/p>\n<p> &#8211; En maktdemonstrasjon, meldte Viaplay-ekspert Kjetil Jansrud.<\/p>\n<p> Tidligere denne sesongen har McGrath flere ganger blitt hektet av seierskampen i slal\u00e5m, men i Alta Badia ble det endelig full uttelling.<\/p>\n<p>&#8211; Dette var sinnssykt deilig. Etter Val d\u2019Is\u00e8re gr\u00e5t jeg etter slal\u00e5met p\u00e5 grunn av sorg, s\u00e5 det kan v\u00e6re det kommer noen gledest\u00e5rer seinere i dag. Denne idretten er brutal og vakker p\u00e5 samme tid, fortalte han.\u00a0<\/p>\n<p>        <img loading=\"lazy\" decoding=\"async\" src=\"https:\/\/www.europesays.com\/no\/wp-content\/uploads\/2025\/12\/84020446.webp\" width=\"667\" height=\"381\" title=\"Atle Lie McGrath. Foto: REUTERS \/ NTB\" alt=\"\" class=\"\" style=\"--aspect-ratio-image: 1.75; \"\/><\/p>\n<p>\n        Atle Lie McGrath. Foto: REUTERS \/ NTB\n    <\/p>\n<p>Utenfor pallen\t<\/p>\n<p> Timon Haugan var p\u00e5 skuddhold til pallen f\u00f8r finaleomgangen. Til tross for ryggproblemer leverte han sterkt og tok ledelsen med fire l\u00f8pere igjen p\u00e5 toppen. <\/p>\n<p>&#8211; Det er s\u00e5 sterkt. Det er s\u00e5 stabilt. Det er en mester i<br \/>\nslal\u00e5m vi ser, sa Jansrud.<\/p>\n<p class=\"font-weight-bold m-font-weight-bold\" data-lab-font_weight=\"font-weight-bold\">Deretter ble han skj\u00f8vet ut av pallen av McGrath, Meillard og No\u00ebl.<\/p>\n<p>        <img loading=\"lazy\" decoding=\"async\" src=\"https:\/\/www.europesays.com\/no\/wp-content\/uploads\/2025\/12\/84020469.webp\" width=\"980\" height=\"559\" title=\"Timon Haugan. Foto: REUTERS \/ NTB\" alt=\"\" class=\"\" style=\"--aspect-ratio-image: 1.75; \"\/><\/p>\n<p>\n        Timon Haugan. Foto: REUTERS \/ NTB\n    <\/p>\n<p>Henrik Kristoffersen gjorde en stor feil tidlig i l\u00f8ypa i finaleomgangen og havnet langt bak. Nordmannen, som l\u00e5 som nummer ni etter f\u00f8rste omgang, endte til slutt p\u00e5 22.-plass.<\/p>\n<p>&#8211; Dette er uvanlig svakt av Henrik Kristoffersen, sa Viaplay-kommentator Henrik Jonassen.<\/p>\n<p>Oscar Andreas Sandvik imponerte stort og kj\u00f8rte inn til en forel\u00f8pig ledelse i finaleomgangen, til tross for flere feil i l\u00f8ypa.<\/p>\n<p>Han kjempet seg til slutt inn til niendeplass etter \u00e5 ha v\u00e6rt nummer 15 etter f\u00f8rste omgang.<\/p>\n<p>&#8211; Det er gr\u00f8nne tall! Og han skj\u00f8nner ingenting, kommenterte Jonassen.<\/p>\n<p>Neste slal\u00e5mrenn g\u00e5r 27. desember i Madonna di Campiglio i Italia.<\/p>\n","protected":false},"excerpt":{"rendered":"Atle Lie McGrath tok sesongens f\u00f8rste slal\u00e5mseier i Alta Badia. SEIERSBR\u00d8L: Atle Lie McGrath. Foto: REUTERS \/ NTB&hellip;\n","protected":false},"author":2,"featured_media":120235,"comment_status":"","ping_status":"","sticky":false,"template":"","format":"standard","meta":{"footnotes":""},"categories":[5],"tags":[20,21,24,25,15,19,22,23,17,18,13,30,28,29,14,16,83,26,27],"class_list":{"0":"post-120234","1":"post","2":"type-post","3":"status-publish","4":"format-standard","5":"has-post-thumbnail","7":"category-overskrifter","8":"tag-breaking-news","9":"tag-breakingnews","10":"tag-featured-news","11":"tag-featurednews","12":"tag-headlines","13":"tag-hovedoppslag","14":"tag-latest-news","15":"tag-latestnews","16":"tag-main-news","17":"tag-mainnews","18":"tag-news","19":"tag-no","20":"tag-norge","21":"tag-norway","22":"tag-nyheter","23":"tag-overskrifter","24":"tag-sport","25":"tag-top-stories","26":"tag-topstories"},"share_on_mastodon":{"url":"https:\/\/pubeurope.com\/@no\/115768331300199553","error":""},"_links":{"self":[{"href":"https:\/\/www.europesays.com\/no\/wp-json\/wp\/v2\/posts\/120234","targetHints":{"allow":["GET"]}}],"collection":[{"href":"https:\/\/www.europesays.com\/no\/wp-json\/wp\/v2\/posts"}],"about":[{"href":"https:\/\/www.europesays.com\/no\/wp-json\/wp\/v2\/types\/post"}],"author":[{"embeddable":true,"href":"https:\/\/www.europesays.com\/no\/wp-json\/wp\/v2\/users\/2"}],"replies":[{"embeddable":true,"href":"https:\/\/www.europesays.com\/no\/wp-json\/wp\/v2\/comments?post=120234"}],"version-history":[{"count":0,"href":"https:\/\/www.europesays.com\/no\/wp-json\/wp\/v2\/posts\/120234\/revisions"}],"wp:featuredmedia":[{"embeddable":true,"href":"https:\/\/www.europesays.com\/no\/wp-json\/wp\/v2\/media\/120235"}],"wp:attachment":[{"href":"https:\/\/www.europesays.com\/no\/wp-json\/wp\/v2\/media?parent=120234"}],"wp:term":[{"taxonomy":"category","embeddable":true,"href":"https:\/\/www.europesays.com\/no\/wp-json\/wp\/v2\/categories?post=120234"},{"taxonomy":"post_tag","embeddable":true,"href":"https:\/\/www.europesays.com\/no\/wp-json\/wp\/v2\/tags?post=120234"}],"curies":[{"name":"wp","href":"https:\/\/api.w.org\/{rel}","templated":true}]}}