{"id":120236,"date":"2025-12-23T10:13:09","date_gmt":"2025-12-23T10:13:09","guid":{"rendered":"https:\/\/www.europesays.com\/no\/120236\/"},"modified":"2025-12-23T10:13:09","modified_gmt":"2025-12-23T10:13:09","slug":"tilbakekaller-brod-pa-vestlandet","status":"publish","type":"post","link":"https:\/\/www.europesays.com\/no\/120236\/","title":{"rendered":"Tilbakekaller br\u00f8d p\u00e5 Vestlandet"},"content":{"rendered":"\n<p class=\"_lead_o9xde_2 _lead_xtcu6_50 layout-component text-serif-m layout-normal text-serif-l layout-component layout-wide layout-padded _wide_17hqh_1 layout-padded\">Mesterbakeren Bergen tilbakekaller flere br\u00f8d og rundstykker solgt i Rema 1000-butikker i tidligere Hordaland fylke og \u00c5rdalstangen p\u00e5 grunn av fare for metallbiter.<\/p>\n<p><img alt=\" Foto: Audun Braastad \/ NTB\" class=\"_image_qp4xg_65 layout-component layout-wide\" data-fullscreen- data-track-element-type=\"Article image fullscreen\" data-track-name=\"ImageFullscreen\" fetchpriority=\"high\" decoding=\"sync\" loading=\"eager\" height=\"3829\" itemprop=\"image\"  src=\"https:\/\/www.europesays.com\/no\/wp-content\/uploads\/2025\/12\/0907e3e8-7a22-480e-b2fc-64674c463c91\"  style=\"object-position:0% 0%\" width=\"5743\"\/> Foto: Audun Braastad \/ NTB<\/p>\n<ul aria-hidden=\"true\" class=\"_images_ntbth_112\">\n<li><a class=\"_link_ntbth_117\" href=\"https:\/\/www.vg.no\/forfatter\/ntb\" style=\"z-index:1\" title=\"NTB\" rel=\"nofollow noopener\" target=\"_blank\"><img alt=\"Bilde av NTB\" class=\"_image_ntbth_93\" fetchpriority=\"low\" loading=\"lazy\" decoding=\"async\" itemprop=\"image\"  src=\"https:\/\/www.europesays.com\/no\/wp-content\/uploads\/2025\/12\/1766484789_530_c33980b0-5d07-4027-84a1-813f90a7c8d6\"  width=\"480\"\/><\/a><\/li>\n<\/ul>\n<p> Oppdatert tirsdag 23. desember kl. 10:26     <\/p>\n<p class=\"_paragraph_o9xde_4 _paragraph_xtcu6_10 layout-component text-serif-m layout-normal text-serif-m layout-padded\">Dette gjelder enkelte bakverk kj\u00f8pt 18. til 22. desember. <\/p>\n<p class=\"_paragraph_o9xde_4 _paragraph_xtcu6_10 layout-component text-serif-m layout-normal text-serif-m layout-padded\"><strong class=\"_strong_o9xde_25\">Alle produkter som er i butikk per 23. desember, er trygge, opplyser Rema 1000.<\/strong><\/p>\n<p class=\"_paragraph_o9xde_4 _paragraph_xtcu6_10 layout-component text-serif-m layout-normal text-serif-m layout-padded\">Tilbakekallingen gjelder produkter som inneholder sammalt hvete mellomgrov. <\/p>\n<p class=\"_paragraph_o9xde_4 _paragraph_xtcu6_10 layout-component text-serif-m layout-normal text-serif-m layout-padded\">Dette melet kommer fra en produksjon som kan inneholde metallbiter fra en skadet melsikt.<\/p>\n<p>Tilbakekallingen gjelder f\u00f8lgende produkter:<\/p>\n<p class=\"_paragraph_o9xde_4 _paragraph_xtcu6_10 _paragraph_16v91_10 layout-component text-serif-m layout-normal text-sans-m layout-padded\">H\u00e5ndverk Dansk rugbr\u00f8d, H\u00e5ndverk Solsikkebr\u00f8d, H\u00e5ndverk Fr\u00f8 og Kjernebr\u00f8d, H\u00e5ndverk Grovbr\u00f8d sammenbakt, H\u00e5ndverk Kneipp steinovnsbakt, H\u00e5ndverk Gourmetbr\u00f8d grov, H\u00e5ndverk Fullkornsbr\u00f8d, H\u00e5ndverk Grov rustikk, Grovt og Godt grovbr\u00f8d oppsk\u00e5ret (ferskt), R Superhelt grovbr\u00f8d oppsk\u00e5ret (ferskt), Prima kneipp, Brannbr\u00f8d, Fr\u00f8 og kjernestykker 2 pk., Kneipp rundstykker 3 pk., Korn frokoststykke (l\u00f8s).<\/p>\n<p>Vis mer    <\/p>\n","protected":false},"excerpt":{"rendered":"Mesterbakeren Bergen tilbakekaller flere br\u00f8d og rundstykker solgt i Rema 1000-butikker i tidligere Hordaland fylke og \u00c5rdalstangen p\u00e5&hellip;\n","protected":false},"author":2,"featured_media":120237,"comment_status":"","ping_status":"","sticky":false,"template":"","format":"standard","meta":{"footnotes":""},"categories":[10],"tags":[20,21,24,25,15,22,23,13,30,28,29,14,16,26,27],"class_list":{"0":"post-120236","1":"post","2":"type-post","3":"status-publish","4":"format-standard","5":"has-post-thumbnail","7":"category-norge","8":"tag-breaking-news","9":"tag-breakingnews","10":"tag-featured-news","11":"tag-featurednews","12":"tag-headlines","13":"tag-latest-news","14":"tag-latestnews","15":"tag-news","16":"tag-no","17":"tag-norge","18":"tag-norway","19":"tag-nyheter","20":"tag-overskrifter","21":"tag-top-stories","22":"tag-topstories"},"share_on_mastodon":{"url":"https:\/\/pubeurope.com\/@no\/115768355038746699","error":""},"_links":{"self":[{"href":"https:\/\/www.europesays.com\/no\/wp-json\/wp\/v2\/posts\/120236","targetHints":{"allow":["GET"]}}],"collection":[{"href":"https:\/\/www.europesays.com\/no\/wp-json\/wp\/v2\/posts"}],"about":[{"href":"https:\/\/www.europesays.com\/no\/wp-json\/wp\/v2\/types\/post"}],"author":[{"embeddable":true,"href":"https:\/\/www.europesays.com\/no\/wp-json\/wp\/v2\/users\/2"}],"replies":[{"embeddable":true,"href":"https:\/\/www.europesays.com\/no\/wp-json\/wp\/v2\/comments?post=120236"}],"version-history":[{"count":0,"href":"https:\/\/www.europesays.com\/no\/wp-json\/wp\/v2\/posts\/120236\/revisions"}],"wp:featuredmedia":[{"embeddable":true,"href":"https:\/\/www.europesays.com\/no\/wp-json\/wp\/v2\/media\/120237"}],"wp:attachment":[{"href":"https:\/\/www.europesays.com\/no\/wp-json\/wp\/v2\/media?parent=120236"}],"wp:term":[{"taxonomy":"category","embeddable":true,"href":"https:\/\/www.europesays.com\/no\/wp-json\/wp\/v2\/categories?post=120236"},{"taxonomy":"post_tag","embeddable":true,"href":"https:\/\/www.europesays.com\/no\/wp-json\/wp\/v2\/tags?post=120236"}],"curies":[{"name":"wp","href":"https:\/\/api.w.org\/{rel}","templated":true}]}}