{"id":120242,"date":"2025-12-23T10:21:13","date_gmt":"2025-12-23T10:21:13","guid":{"rendered":"https:\/\/www.europesays.com\/no\/120242\/"},"modified":"2025-12-23T10:21:13","modified_gmt":"2025-12-23T10:21:13","slug":"henlegger-overgrepssak-mot-norsk-forfatter","status":"publish","type":"post","link":"https:\/\/www.europesays.com\/no\/120242\/","title":{"rendered":"Henlegger overgreps\u00adsak mot norsk forfatter"},"content":{"rendered":"\n<p class=\"_lead_o9xde_2 _lead_xtcu6_50 layout-component text-serif-m layout-normal text-serif-l layout-component layout-wide layout-padded _wide_17hqh_1 layout-padded\">Forfatteren har hevdet at den seksuelle omgangen med kvinnen var frivillig.<\/p>\n<p><img alt=\" Foto: Amanda Pedersen Giske \/ NTB\" class=\"_image_qp4xg_65 layout-component layout-wide\" data-fullscreen- data-track-element-type=\"Article image fullscreen\" data-track-name=\"ImageFullscreen\" fetchpriority=\"high\" decoding=\"sync\" loading=\"eager\" height=\"5464\" itemprop=\"image\"  src=\"https:\/\/www.europesays.com\/no\/wp-content\/uploads\/2025\/12\/3b7fe6a7-613a-4d85-83eb-b7ce1826bc91\"  style=\"object-position:48.370361328125% 45.653367496339676%\" width=\"8192\"\/> Foto: Amanda Pedersen Giske \/ NTB<\/p>\n<ul aria-hidden=\"true\" class=\"_images_ntbth_112\">\n<li><a class=\"_link_ntbth_117\" href=\"https:\/\/www.vg.no\/forfatter\/christina-quist\" style=\"z-index:2\" title=\"Christina Quist\" rel=\"nofollow noopener\" target=\"_blank\"><img alt=\"Bilde av Christina Quist\" class=\"_image_ntbth_93\" fetchpriority=\"low\" loading=\"lazy\" decoding=\"async\" itemprop=\"image\"  src=\"https:\/\/www.europesays.com\/no\/wp-content\/uploads\/2025\/12\/2f61427f-2a07-4cc1-98e1-b548da33c599\"  width=\"480\"\/><\/a><\/li>\n<li><a class=\"_link_ntbth_117\" href=\"https:\/\/www.vg.no\/forfatter\/ingrid-bjoerndal-farestvedt\" style=\"z-index:1\" title=\"Ingrid Bj\u00f8rndal Farestvedt\" rel=\"nofollow noopener\" target=\"_blank\"><img alt=\"Bilde av Ingrid Bj\u00f8rndal Farestvedt\" class=\"_image_ntbth_93\" fetchpriority=\"low\" loading=\"lazy\" decoding=\"async\" itemprop=\"image\"  src=\"https:\/\/www.europesays.com\/no\/wp-content\/uploads\/2025\/12\/1766485271_200_0ca626e9-b4bd-4417-836d-161b53cb789f\"  width=\"480\"\/><\/a><\/li>\n<\/ul>\n<p> Oppdatert tirsdag 23. desember kl. 11:17    <\/p>\n<ul class=\"_list_o9xde_3 _list_64s2r_85 _unordered_o9xde_106 text-sans-m\">\n<li class=\"_item_o9xde_30\">En norsk forfatter ble siktet for seksuelt overgrep etter en hendelse i romjulen 2024.<\/li>\n<li class=\"_item_o9xde_30\">Saken er n\u00e5 henlagt p\u00e5 grunn av bevisets stilling, f\u00e5r VG opplyst.<\/li>\n<\/ul>\n<p>Vis mer <\/p>\n<p class=\"_paragraph_o9xde_4 _paragraph_xtcu6_10 layout-component text-serif-m layout-normal text-serif-m layout-padded\">Hendelsen skjedde i romjulen 2024, og ble anmeldt <a href=\"https:\/\/www.vg.no\/rampelys\/i\/JbXkKJ\/norsk-forfatter-siktet-for-overgrep\" data-track-element-type=\"Link\" data-track-id=\"link:JbXkKJ\" class=\"_link_o9xde_39\" rel=\"nofollow noopener\" target=\"_blank\">i januar i \u00e5r<\/a>. <\/p>\n<p class=\"_paragraph_o9xde_4 _paragraph_xtcu6_10 layout-component text-serif-m layout-normal text-serif-m layout-padded\">Kort tid senere ble forfatteren siktetsiktetN\u00e5r noen formelt blir anklaget for en forbrytelse av politiet. for seksuelt overgrep mot en kvinne som angivelig var ute av stand til \u00e5 motsette seg handlingen.<\/p>\n<p class=\"_paragraph_o9xde_4 _paragraph_xtcu6_10 layout-component text-serif-m layout-normal text-serif-m layout-padded\">Forfatteren ble p\u00e5grepet, men l\u00f8slatt samme dag. <\/p>\n<p class=\"_paragraph_o9xde_4 _paragraph_xtcu6_10 layout-component text-serif-m layout-normal text-serif-m layout-padded\"><strong class=\"_strong_o9xde_25\">Selv har han st\u00e5tt fast ved at den seksuelle omgangen var frivillig.<\/strong><\/p>\n<p class=\"_paragraph_o9xde_4 _paragraph_xtcu6_10 layout-component text-serif-m layout-normal text-serif-m layout-padded\">N\u00e5 er saken henlagt p\u00e5 bevisets stillingbevisets stillingDette betyr at etterforskningen av saken avsluttes fordi politiet mener det ikke er tilstrekkelige bevis for \u00e5 ta den til retten., f\u00e5r VG opplyst.<\/p>\n<p class=\"_paragraph_o9xde_4 _paragraph_xtcu6_10 layout-component text-serif-m layout-normal text-serif-m layout-padded\">\u2013 Det er en riktig og n\u00f8dvendig avgj\u00f8relse, sier hans forsvarer Inger Zadig, og fortsetter:<\/p>\n<p class=\"_paragraph_o9xde_4 _paragraph_xtcu6_10 layout-component text-serif-m layout-normal text-serif-m layout-padded\">\u2013 Etter en usedvanlig grundig etterforskning har politiet konkludert med at \u00f8vrig bevisbilde samsvarer med min klients forklaring og ikke underst\u00f8tter forn\u00e6rmedes forklaring.<\/p>\n<p><img decoding=\"async\" alt=\"Bilde av Inger Zadig\" class=\"_image_ygndg_42\" height=\"27\" itemprop=\"image\" loading=\"lazy\"  src=\"https:\/\/www.europesays.com\/no\/wp-content\/uploads\/2025\/12\/6c893a19-eab7-4e63-a407-381c82b97f9d\"  width=\"40\"\/><strong class=\"_name_ygndg_51 title-serif-xs\">Inger Zadig<\/strong><\/p>\n<p class=\"_paragraph_o9xde_4 text-sans-m _description_ygndg_56\">Advokat ved Elden advokatfirma.<\/p>\n<p class=\"_paragraph_o9xde_4 _paragraph_xtcu6_10 layout-component text-serif-m layout-normal text-serif-m layout-padded\">\u2013 Det b\u00f8r s\u00e6rlig understrekes at de offentlig fremsatte p\u00e5standene om neddoping har blitt grundig tilbakevist gjennom laboratorie\u00adanalyser, sier forsvareren. <\/p>\n<p>Bistandsadvokat: \u2013 Hun er skuffet<\/p>\n<p class=\"_paragraph_o9xde_4 _paragraph_xtcu6_10 layout-component text-serif-m layout-normal text-serif-m layout-padded\">Kvinnens tidligere bistandsadvokat, Trine Rjukan, sa i februar at forfatteren og kvinnen har \u00ab<a href=\"https:\/\/www.vg.no\/rampelys\/i\/JbXkKJ\/norsk-forfatter-siktet-for-overgrep\" data-track-element-type=\"Link\" data-track-id=\"link:JbXkKJ\" class=\"_link_o9xde_39\" rel=\"nofollow noopener\" target=\"_blank\">totalt ulike oppfatninger<\/a>\u00bb om hva som har skjedd. <\/p>\n<p class=\"_paragraph_o9xde_4 _paragraph_xtcu6_10 layout-component text-serif-m layout-normal text-serif-m layout-padded\">VG har v\u00e6rt i kontakt med kvinnens bistandsadvokat, Tonje Lilaas Larsen. <\/p>\n<p class=\"_paragraph_o9xde_4 _paragraph_xtcu6_10 layout-component text-serif-m layout-normal text-serif-m layout-padded\">\u2013 Det har v\u00e6rt en veldig krevende prosess for henne, og hun er skuffet over b\u00e5de etterforskningen og henleggelsen, sier hun til VG.<\/p>\n<p><img decoding=\"async\" alt=\"Bilde av Tonje Lilaas Larsen\" class=\"_image_ygndg_42\" height=\"27\" itemprop=\"image\" loading=\"lazy\"  src=\"https:\/\/www.europesays.com\/no\/wp-content\/uploads\/2025\/12\/3e50a8dd-f369-45a7-bfdf-c73728ee74ea\"  width=\"40\"\/><strong class=\"_name_ygndg_51 title-serif-xs\">Tonje Lilaas Larsen<\/strong><\/p>\n<p class=\"_paragraph_o9xde_4 text-sans-m _description_ygndg_56\">Advokat ved Larsen &amp; Co.<\/p>\n<p class=\"_paragraph_o9xde_4 _paragraph_xtcu6_10 layout-component text-serif-m layout-normal text-serif-m layout-padded\">\u2013 Flere etterforskningsskritt ble gjennomf\u00f8rt sent eller ikke i det hele tatt, og hun opplever at viktig informasjon gikk tapt tidlig i etterforskningen, sier advokaten.<\/p>\n<p class=\"_paragraph_o9xde_4 _paragraph_xtcu6_10 layout-component text-serif-m layout-normal text-serif-m layout-padded\">Larsen sier videre at kvinnen er takknemlig for hjelpen hun har f\u00e5tt.<\/p>\n<p class=\"_paragraph_o9xde_4 _paragraph_xtcu6_10 layout-component text-serif-m layout-normal text-serif-m layout-padded\">\u2013 Hun \u00f8nsker \u00e5 takke for oppf\u00f8lgingen hun har f\u00e5tt ved overgrepsmottaket p\u00e5 legevakten i Oslo, b\u00e5de i den akutte fasen og i en lang periode etterp\u00e5.<\/p>\n<p>\u2013 En betydelig belastning for meg<\/p>\n<p class=\"_paragraph_o9xde_4 _paragraph_xtcu6_10 layout-component text-serif-m layout-normal text-serif-m layout-padded\">Via sin forsvarer sier forfatteren f\u00f8lgende i en uttalelse til VG: <\/p>\n<p class=\"_paragraph_o9xde_4 _paragraph_xtcu6_10 layout-component text-serif-m layout-normal text-serif-m layout-padded\">\u2013 Innholdet i anmeldelsen har hele tiden v\u00e6rt uriktig, og jeg har v\u00e6rt trygg p\u00e5 at saken til slutt ville bli henlagt. <\/p>\n<p class=\"_paragraph_o9xde_4 _paragraph_xtcu6_10 layout-component text-serif-m layout-normal text-serif-m layout-padded\">\u2013 Det har likevel v\u00e6rt en betydelig belastning for meg og mine n\u00e6rmeste at prosessen har tatt s\u00e5 lang tid. \u00c5 leve med en slik mistanke over tid er krevende, uavhengig av utfallet, sier forfatteren.<\/p>\n<p class=\"_paragraph_o9xde_4 _paragraph_xtcu6_10 layout-component text-serif-m layout-normal text-serif-m layout-padded\">Forsvareren mener saken viser at det er viktig med varsomhet i omtalen av denne typen saker p\u00e5 etterforsknings\u00adstadiet. Hun sier at mange opplever at henleggelsen kommer for sent til \u00e5 reparere skaden.<\/p>\n<p class=\"_paragraph_o9xde_4 _paragraph_xtcu6_10 layout-component text-serif-m layout-normal text-serif-m layout-padded\">\u2013 Selv med en henleggelse, kan man forbli sosialt stemplet. Min klient er imidlertid glad for at politiet har etterg\u00e5tt anklagene s\u00e5pass n\u00f8ye, og ikke funnet dekning for p\u00e5standene som er fremsatt i denne saken, sier Zadig.<\/p>\n<p>    <img decoding=\"async\" alt=\"Tips oss illustrasjon\" src=\"https:\/\/www.europesays.com\/no\/wp-content\/uploads\/2025\/10\/pssst-small.webp.webp\"\/>    <\/p>\n<p class=\"title-serif-s\">Har du tips?<\/p>\n<p class=\"text-sans-m\">Send oss informasjon, bilder eller video.<\/p>\n<p>  <a href=\"https:\/\/www.vg.no\/tips-oss\" rel=\"nofollow noopener\" target=\"_blank\"> Tips oss <\/a>      <\/p>\n","protected":false},"excerpt":{"rendered":"Forfatteren har hevdet at den seksuelle omgangen med kvinnen var frivillig. Foto: Amanda Pedersen Giske \/ NTB Oppdatert&hellip;\n","protected":false},"author":2,"featured_media":120243,"comment_status":"","ping_status":"","sticky":false,"template":"","format":"standard","meta":{"footnotes":""},"categories":[5],"tags":[20,21,24,25,15,19,148,22,23,17,18,13,30,28,29,14,16,26,27,46],"class_list":{"0":"post-120242","1":"post","2":"type-post","3":"status-publish","4":"format-standard","5":"has-post-thumbnail","7":"category-overskrifter","8":"tag-breaking-news","9":"tag-breakingnews","10":"tag-featured-news","11":"tag-featurednews","12":"tag-headlines","13":"tag-hovedoppslag","14":"tag-kriminalitet","15":"tag-latest-news","16":"tag-latestnews","17":"tag-main-news","18":"tag-mainnews","19":"tag-news","20":"tag-no","21":"tag-norge","22":"tag-norway","23":"tag-nyheter","24":"tag-overskrifter","25":"tag-top-stories","26":"tag-topstories","27":"tag-vgai"},"share_on_mastodon":{"url":"https:\/\/pubeurope.com\/@no\/115768386335195723","error":""},"_links":{"self":[{"href":"https:\/\/www.europesays.com\/no\/wp-json\/wp\/v2\/posts\/120242","targetHints":{"allow":["GET"]}}],"collection":[{"href":"https:\/\/www.europesays.com\/no\/wp-json\/wp\/v2\/posts"}],"about":[{"href":"https:\/\/www.europesays.com\/no\/wp-json\/wp\/v2\/types\/post"}],"author":[{"embeddable":true,"href":"https:\/\/www.europesays.com\/no\/wp-json\/wp\/v2\/users\/2"}],"replies":[{"embeddable":true,"href":"https:\/\/www.europesays.com\/no\/wp-json\/wp\/v2\/comments?post=120242"}],"version-history":[{"count":0,"href":"https:\/\/www.europesays.com\/no\/wp-json\/wp\/v2\/posts\/120242\/revisions"}],"wp:featuredmedia":[{"embeddable":true,"href":"https:\/\/www.europesays.com\/no\/wp-json\/wp\/v2\/media\/120243"}],"wp:attachment":[{"href":"https:\/\/www.europesays.com\/no\/wp-json\/wp\/v2\/media?parent=120242"}],"wp:term":[{"taxonomy":"category","embeddable":true,"href":"https:\/\/www.europesays.com\/no\/wp-json\/wp\/v2\/categories?post=120242"},{"taxonomy":"post_tag","embeddable":true,"href":"https:\/\/www.europesays.com\/no\/wp-json\/wp\/v2\/tags?post=120242"}],"curies":[{"name":"wp","href":"https:\/\/api.w.org\/{rel}","templated":true}]}}