{"id":120250,"date":"2025-12-23T10:33:13","date_gmt":"2025-12-23T10:33:13","guid":{"rendered":"https:\/\/www.europesays.com\/no\/120250\/"},"modified":"2025-12-23T10:33:13","modified_gmt":"2025-12-23T10:33:13","slug":"rundlurt-biden-radgiver-avslorer-logn-om-at-ukraina-krigen-var-uunngaelig","status":"publish","type":"post","link":"https:\/\/www.europesays.com\/no\/120250\/","title":{"rendered":"Rundlurt Biden-r\u00e5dgiver avsl\u00f8rer l\u00f8gn om at Ukraina-krigen var uunng\u00e5elig"},"content":{"rendered":"<p>            <img loading=\"lazy\" decoding=\"async\" width=\"696\" height=\"420\" class=\"entry-thumb\" src=\"https:\/\/www.europesays.com\/no\/wp-content\/uploads\/2025\/12\/biden-radgiver-sloat.jpg\"   alt=\"\" title=\"biden-ra\u030adgiver sloat\"\/>Tidligere spesialr\u00e5dgiver for presidenten og seniordirekt\u00f8r for\u00a0Europa\u00a0i Nasjonalt sikkerhetsr\u00e5d, Amanda Sloat. (VOA photo\/Wikimedia Commons)\u00a0<\/p>\n<p>Hun er ikke den f\u00f8rste som innr\u00f8mmer \u2013 i ettertid \u2013 at det \u00e5 ta NATO-medlemskapet av bordet for \u00e5 unng\u00e5 russisk invasjon ble vurdert, og avvist.<\/p>\n<p><img loading=\"lazy\" data-recalc-dims=\"1\" decoding=\"async\" width=\"157\" height=\"158\" src=\"https:\/\/www.europesays.com\/no\/wp-content\/uploads\/2025\/12\/image-30.png\" alt=\"\" class=\"wp-image-156105\"  \/><\/p>\n<p><strong>Av Branco Marcetic<\/strong><\/p>\n<p>Responsible Statecraft, 17. desember 2025.<\/p>\n<p>N\u00e5r det gjelder\u00a0<a href=\"https:\/\/responsiblestatecraft.org\/tag\/ukraine-war\/\" rel=\"nofollow noopener\" target=\"_blank\">Ukrainakrigen<\/a>, har det lenge v\u00e6rt to realiteter. Den ene blir fremmet av tidligere tjenestemenn i Biden-administrasjonen, i taler og\u00a0<a href=\"https:\/\/responsiblestatecraft.org\/media\/\" rel=\"nofollow noopener\" target=\"_blank\">medieintervjuer<\/a>, der Russlands president Vladimir Putins ulovlige invasjon ikke hadde noe \u00e5 gj\u00f8re med NATOs USA-ledede ekspansjon inn i det n\u00e5 \u00f8delagte landet. Det var ingenting som kunne v\u00e6rt gjort for \u00e5 forhindre det som var et uunng\u00e5elig imperialistisk ran av land, og at forhandlinger om \u00e5 pr\u00f8ve \u00e5 f\u00e5 slutt p\u00e5 drapene ikke bare var umulige n\u00e5r krigen startet, men moralsk galt.<\/p>\n<p>S\u00e5 er det den andre, motsatte virkeligheten som av og til slipper gjennom, n\u00e5r tjenestemenn tror at f\u00e5 lytter, og som nylig ble oppsummert av tidligere spesialr\u00e5dgiver for presidenten og seniordirekt\u00f8r for\u00a0<a href=\"https:\/\/responsiblestatecraft.org\/regions\/europe\/\" rel=\"nofollow noopener\" target=\"_blank\">Europa<\/a>\u00a0i Nasjonalt sikkerhetsr\u00e5d, Amanda Sloat, i et intervju med russiske sp\u00f8kefugler som hun trodde var medarbeidere av Ukrainas president Volodymyr Zelensky.<\/p>\n<blockquote class=\"wp-block-quote is-layout-flow wp-block-quote-is-layout-flow\">\n<p>\u00abVi hadde noen samtaler allerede f\u00f8r krigen startet, hva om Ukraina bare sier til\u00a0<a href=\"https:\/\/responsiblestatecraft.org\/tag\/russia\/\" rel=\"nofollow noopener\" target=\"_blank\">Russland<\/a>, \u2018Greit, vi g\u00e5r ikke inn i NATO, hvis det stopper krigen, hvis det stopper invasjonen\u2019 \u2014 noe det p\u00e5 det tidspunktet godt kunne ha gjort,\u00bb\u00a0<a href=\"https:\/\/rumble.com\/v72u39m-prank-with-amanda-sloat.html\" target=\"_blank\" rel=\"noreferrer noopener nofollow\">sa<\/a>\u00a0Sloat til sp\u00f8kefuglene. \u00abDet er absolutt et sp\u00f8rsm\u00e5l, tre \u00e5r senere n\u00e5, vet du, ville det v\u00e6rt bedre \u00e5 gj\u00f8re det f\u00f8r krigen startet, ville det v\u00e6rt bedre \u00e5 gj\u00f8re det i <a href=\"https:\/\/responsiblestatecraft.org\/2022\/09\/02\/diplomacy-watch-why-did-the-west-stop-a-peace-deal-in-ukraine\/\" rel=\"nofollow noopener\" target=\"_blank\">Istanbul -forhandlingene<\/a>? Det ville absolutt ha forhindret \u00f8deleggelse og tap av liv\u00bb.<\/p>\n<\/blockquote>\n<p>Da hun noen \u00f8yeblikk senere ble spurt om Ukraina og dets vestlige partnere kunne ha unng\u00e5tt hele krigen og om de hadde \u00abgjort en feil et sted\u00bb, foreslo Sloat igjen, uten \u00e5 bli bedt om det, at det \u00e5 ta tak i russiske bekymringer rundt NATOs ekspansjon inn i Ukraina, kanskje var m\u00e5ten \u00e5 forhindre krigen p\u00e5.<\/p>\n<blockquote class=\"wp-block-quote is-layout-flow wp-block-quote-is-layout-flow\">\n<p>\u00abHvis du vil lage en alternativ versjon av historien, vet du, et alternativ ville v\u00e6rt at Ukraina i januar 2022 sa \u2018Greit, vi g\u00e5r ikke inn i NATO, vi forblir n\u00f8ytrale,&#8217;\u00bb sa Sloat. \u00abUkraina kunne ha inng\u00e5tt en avtale i mars, april 2022, rundt Istanbul-forhandlingene\u00bb.<\/p>\n<\/blockquote>\n<p>Det er verdt \u00e5 bryte ned disse f\u00e5 setningene for \u00e5 forst\u00e5 deres fulle betydning. Sloat, en dav\u00e6rende, h\u00f8ytst\u00e5ende r\u00e5dgiver i Biden-administrasjonen, som er tett involvert i Ukraina-politikken, sier:<\/p>\n<p>1. At Ukraina eksplisitt bekreftet at n\u00f8ytralitet sannsynligvis ville ha stoppet invasjonen.<\/p>\n<p>2. Dette ville ha forhindret den enorme d\u00f8den og \u00f8deleggelsen Ukraina har opplevd under Russland de siste tre \u00e5rene.<\/p>\n<p>3. Ukraina kunne ha inng\u00e5tt denne avtalen s\u00e5 sent som Istanbul-forhandlingene, kort tid etter Russlands invasjon.<\/p>\n<p>Nederst i skjemaet<\/p>\n<p>4. Biden-administrasjonen vurderte \u00e5 gj\u00f8re dette for \u00e5 forhindre krigen, men avviste til slutt ideen.<\/p>\n<p>Men hvorfor avviste Biden-teamet dette, hvis det ville ha betydd \u00e5 forhindre en krig som etter enhver vurdering har v\u00e6rt enormt blodig og kostbar for millioner av ukrainere?<\/p>\n<blockquote class=\"wp-block-quote is-layout-flow wp-block-quote-is-layout-flow\">\n<p>\u00abJeg var ukomfortabel med tanken p\u00e5 at USA presset Ukraina til \u00e5 ikke gj\u00f8re det, og p\u00e5 en m\u00e5te implisitt ga Russland en slags innflytelsessf\u00e6re eller vetorett over det\u00bb, sa Sloat om sin egen posisjon. Da hun ble spurt om Bidens tankegang, sa hun: \u00abJeg tror ikke Biden f\u00f8lte at det var hans plass \u00e5 fortelle Ukraina hva de skulle gj\u00f8re da. \u00c5 fortelle Ukraina at de ikke skal satse p\u00e5 NATO\u00bb.<\/p>\n<\/blockquote>\n<p>Sloat innr\u00f8mmet med andre ord stillferdig at hun i det minste foretrakk \u00e5 la krigen skje, hvis alternativet var \u00e5 gi Russland et de facto veto over NATO-medlemskap. Hennes p\u00e5stand om at hun og Biden var skeptiske til \u00e5 presse Ukraina, er imidlertid vanskeligere \u00e5 ta p\u00e5 alvor.<\/p>\n<p>USAs politikk overfor Ukraina har ofte involvert \u00e5 presse b\u00e5de sine tjenestemenn og befolkningen til motvillig \u00e5 akseptere tiltak de var imot, s\u00e6rlig n\u00e5r det gjaldt NATO. George W. Bush presset p\u00e5 for Ukrainas inntreden i NATO til tross for\u00a0<a href=\"https:\/\/news.gallup.com\/poll\/167927\/crisis-ukrainians-likely-nato-threat.aspx\" target=\"_blank\" rel=\"noreferrer noopener nofollow\">overveldende<\/a>,\u00a0<a href=\"https:\/\/www.aljazeera.com\/news\/2008\/4\/1\/ukrainians-protest-over-bush-visit\" target=\"_blank\" rel=\"noreferrer noopener nofollow\">sterk<\/a>\u00a0offentlig motstand blant ukrainere tidlig p\u00e5 2000-tallet, og <a href=\"https:\/\/wikileaks.org\/plusd\/cables\/08OTTAWA773_a.html\" target=\"_blank\" rel=\"noreferrer noopener nofollow\">lekkede<\/a> diplomatiske <a href=\"https:\/\/wikileaks.org\/plusd\/cables\/08STATE48065_a.html\" target=\"_blank\" rel=\"noreferrer noopener nofollow\">dokumenter<\/a> jeg <a href=\"https:\/\/www.counterpunch.org\/2023\/02\/03\/diplomatic-cables-prove-top-u-s-officials-knew-they-were-crossing-russias-red-lines-on-nato-expansion\/\" target=\"_blank\" rel=\"noreferrer noopener nofollow\">rapporterte om<\/a>\u00a0for to \u00e5r siden, viser at amerikanske tjenestemenn p\u00e5 den tiden diskutere med sine ukrainske motparter hvordan man kan gj\u00f8re den ukrainske befolkningen \u00abmer positiv\u00bb til ideen. Faktisk var dette ofte Bidens personlige rolle under Obama-\u00e5rene, hvor han\u00a0<a href=\"https:\/\/www.volynnews.com\/news\/all\/yak-ssha-ukrayinoiu-keruvaly-povna-versiia-skandalnykh-plivok-poroshenka\/%20\" target=\"_blank\" rel=\"noreferrer noopener nofollow\">presset<\/a>\u00a0ukrainske tjenestemenn\u00a0<a href=\"https:\/\/www.atlanticcouncil.org\/blogs\/ukrainealert\/the-imf-outfoxes-putin-policy-change-means-ukraine-can-receive-more-loans\/\" target=\"_blank\" rel=\"noreferrer noopener nofollow\">til \u00e5 vedta<\/a>\u00a0upopul\u00e6re innenriksreformer, p\u00e5tvunget av IMF.<\/p>\n<p>Sloat kommer ogs\u00e5 med en annen potensiell innr\u00f8mmelse, n\u00e5r hun nevner at Ukraina kunne ha inng\u00e5tt en avtale om sin NATO-status i Istanbul-forhandlingene, tidlig i 2022. \u00abJeg vet at det da var ulike synspunkter mellom landenes milit\u00e6re styrker rundt motoffensiven\u00bb, sa hun. \u00abJeg tror under Biden-administrasjonen var det det store h\u00e5pet om at Ukraina skulle f\u00e5 tilbake territorium og kunne forhandle frem en bedre avtale. Det gikk ikke som noen \u00f8nsket\u00bb.<\/p>\n<p>Dette ligger sv\u00e6rt n\u00e6r det som lenge har blitt\u00a0<a href=\"https:\/\/responsiblestatecraft.org\/ukraine-russia-talks\/\" rel=\"nofollow noopener\" target=\"_blank\">p\u00e5st\u00e5tt<\/a>\u00a0om forhandlingene, b\u00e5de av ulike tjenestemenn og andre kilder: at, som Ukrainas avis Pravda f\u00f8rst\u00a0<a href=\"https:\/\/www.pravda.com.ua\/eng\/news\/2022\/05\/5\/7344206\/\" target=\"_blank\" rel=\"noreferrer noopener nofollow\">rapporterte<\/a>, hadde Zelensky blitt presset til \u00e5 avvise en avtale, for i stedet \u00e5 s\u00f8ke seier p\u00e5 slagmarken, med regjeringene i Storbritannia, USA og flere \u00f8steuropeiske NATO-stater, som angivelig skulle v\u00e6re spesielt positive til denne\u00a0<a href=\"https:\/\/www.compactmag.com\/article\/a-bitter-vindication-for-ukraine-doves\/\" target=\"_blank\" rel=\"noreferrer noopener nofollow\">til slutt katastrofale<\/a>\u00a0ideen.<\/p>\n<p>Sloat er ikke den f\u00f8rste som har kommet med denne innr\u00f8mmelsen. Som jeg\u00a0<a href=\"https:\/\/responsiblestatecraft.org\/russia-ukraine-nato-expansion\/\" rel=\"nofollow noopener\" target=\"_blank\">dokumenterte<\/a>\u00a0for to \u00e5r siden, sa tidligere generalsekret\u00e6r i NATO Jens Stoltenberg og tidligere Biden-direkt\u00f8r for nasjonal etterretning Avril Haines, begge eksplisitt at NATOs potensielle ekspansjon inn i Ukraina var kjernen i Putins beslutning om \u00e5 invadere, og at, i det minste if\u00f8lge Stoltenberg, nektet NATO \u00e5 inng\u00e5 kompromiss p\u00e5 det. Zelensky har n\u00e5\u00a0<a href=\"https:\/\/www.reuters.com\/world\/europe\/zelenskiy-demands-dignified-peace-us-ukraine-officials-meet-berlin-2025-12-14\/\" target=\"_blank\" rel=\"noreferrer noopener nofollow\">offentlig g\u00e5tt med p\u00e5<\/a>\u00a0denne innr\u00f8mmelsen for \u00e5 fremme fredsforhandlinger \u2014 tre \u00e5r senere, n\u00e5 med Ukraina i ruiner, \u00f8konomien \u00f8delagt,\u00a0<a href=\"https:\/\/www.nytimes.com\/2023\/08\/18\/us\/politics\/ukraine-russia-war-casualties.html\" target=\"_blank\" rel=\"noreferrer noopener nofollow\">hundretusener av ofre<\/a>\u00a0og overlevende traumatisert og funksjonshemmet i store antall.<\/p>\n<p>Alt dette vil uten tvil g\u00e5 inn i historien som en av historiens store tapte muligheter. Kritikere av krigen og NATOs politikk har lenge sagt at krigen og dens \u00f8deleggende konsekvenser kunne v\u00e6rt unng\u00e5tt, ved eksplisitt \u00e5 utelukke ukrainsk inntreden i NATO, bare for \u00e5 f\u00e5 h\u00f8re at de spredte Kreml-propaganda. Det viser seg at de bare spredte Biden-tjenestemennenes egne private tanker.<\/p>\n<p>Denne artikkelen er hentet fra Responsible Statecraft:<\/p>\n<p><a href=\"https:\/\/responsiblestatecraft.org\/ukraine-nato-sloat\/\" rel=\"nofollow noopener\" target=\"_blank\">Pranked Biden official exposes lie that Ukraine war was inevitable <\/a><\/p>\n<p>Oversatt for steigan.no av Espen B. \u00d8yulvstad<\/p>\n<p><a href=\"https:\/\/responsiblestatecraft.org\/author\/bmarcetic\/\" rel=\"nofollow noopener\" target=\"_blank\"><strong>Branko Marcetic<\/strong><\/a> er fast skribent i Jacobin magazine og forfatter av Yesterday\u2019s Man: The Case Against Joe Biden. Hans arbeid har blitt publisert i Washington Post, The Guardian, In These Times og andre.<\/p>\n<p>Se ogs\u00e5:<\/p>\n","protected":false},"excerpt":{"rendered":"Tidligere spesialr\u00e5dgiver for presidenten og seniordirekt\u00f8r for\u00a0Europa\u00a0i Nasjonalt sikkerhetsr\u00e5d, Amanda Sloat. (VOA photo\/Wikimedia Commons)\u00a0 Hun er ikke den&hellip;\n","protected":false},"author":2,"featured_media":120251,"comment_status":"","ping_status":"","sticky":false,"template":"","format":"standard","meta":{"footnotes":""},"categories":[12],"tags":[20,21,24,25,15,22,23,13,30,28,29,14,16,26,27,42,43,44,45],"class_list":{"0":"post-120250","1":"post","2":"type-post","3":"status-publish","4":"format-standard","5":"has-post-thumbnail","7":"category-verden","8":"tag-breaking-news","9":"tag-breakingnews","10":"tag-featured-news","11":"tag-featurednews","12":"tag-headlines","13":"tag-latest-news","14":"tag-latestnews","15":"tag-news","16":"tag-no","17":"tag-norge","18":"tag-norway","19":"tag-nyheter","20":"tag-overskrifter","21":"tag-top-stories","22":"tag-topstories","23":"tag-verden","24":"tag-world","25":"tag-world-news","26":"tag-worldnews"},"share_on_mastodon":{"url":"https:\/\/pubeurope.com\/@no\/115768433532801175","error":""},"_links":{"self":[{"href":"https:\/\/www.europesays.com\/no\/wp-json\/wp\/v2\/posts\/120250","targetHints":{"allow":["GET"]}}],"collection":[{"href":"https:\/\/www.europesays.com\/no\/wp-json\/wp\/v2\/posts"}],"about":[{"href":"https:\/\/www.europesays.com\/no\/wp-json\/wp\/v2\/types\/post"}],"author":[{"embeddable":true,"href":"https:\/\/www.europesays.com\/no\/wp-json\/wp\/v2\/users\/2"}],"replies":[{"embeddable":true,"href":"https:\/\/www.europesays.com\/no\/wp-json\/wp\/v2\/comments?post=120250"}],"version-history":[{"count":0,"href":"https:\/\/www.europesays.com\/no\/wp-json\/wp\/v2\/posts\/120250\/revisions"}],"wp:featuredmedia":[{"embeddable":true,"href":"https:\/\/www.europesays.com\/no\/wp-json\/wp\/v2\/media\/120251"}],"wp:attachment":[{"href":"https:\/\/www.europesays.com\/no\/wp-json\/wp\/v2\/media?parent=120250"}],"wp:term":[{"taxonomy":"category","embeddable":true,"href":"https:\/\/www.europesays.com\/no\/wp-json\/wp\/v2\/categories?post=120250"},{"taxonomy":"post_tag","embeddable":true,"href":"https:\/\/www.europesays.com\/no\/wp-json\/wp\/v2\/tags?post=120250"}],"curies":[{"name":"wp","href":"https:\/\/api.w.org\/{rel}","templated":true}]}}