{"id":120254,"date":"2025-12-23T10:41:16","date_gmt":"2025-12-23T10:41:16","guid":{"rendered":"https:\/\/www.europesays.com\/no\/120254\/"},"modified":"2025-12-23T10:41:16","modified_gmt":"2025-12-23T10:41:16","slug":"et-veiskille-for-japans-atomkraft","status":"publish","type":"post","link":"https:\/\/www.europesays.com\/no\/120254\/","title":{"rendered":"\u2013 Et veiskille for Japans atomkraft"},"content":{"rendered":"<p><strong>Japan har tatt siste formelle skritt for \u00e5 tillate omstart av verdens st\u00f8rste kjernekraftverk, Kashiwazaki-Kariwa, nesten 15 \u00e5r etter Fukushima-ulykken. En regional avstemning i Niigata-prefekturet \u00e5pner for at anlegget kan settes i drift igjen allerede neste \u00e5r. Det melder <a href=\"https:\/\/www.reuters.com\/sustainability\/boards-policy-regulation\/japan-prepares-restart-worlds-biggest-nuclear-plant-15-years-after-fukushima-2025-12-21\/\" rel=\"nofollow noopener\" target=\"_blank\">Reuters<\/a>.<\/strong><\/p>\n<p>Kjernekraftverket, som eies av Tokyo Electric Power Company (TEPCO), var blant 54 reaktorer som ble stengt etter jordskjelvet og tsunamien i 2011. Avstemningen i prefekturforsamlingen ga tillit til guvern\u00f8r Hideyo Hanazumi, som har st\u00f8ttet omstarten, og regnes som et gjennombrudd i Japans dreining tilbake mot kjernekraft.<\/p>\n<p>\u2013 Dette er en milep\u00e6l, men det er ikke slutten. Det finnes ingen slutt n\u00e5r det gjelder \u00e5 sikre innbyggernes sikkerhet, sier Hanazumi etter avstemningen.<\/p>\n<p>Samtidig har saken avdekket dype splittelser lokalt. Rundt 300 demonstranter samlet seg utenfor forsamlingen med bannere mot atomkraft. Mange innbyggere frykter konsekvensene av en ny ulykke, s\u00e6rlig siden TEPCO ogs\u00e5 sto bak Fukushima Daiichi-anlegget.<\/p>\n<p>\u2013 Hvis noe skjer ved kraftverket, er det vi som m\u00e5 leve med konsekvensene, sier 77 \u00e5r gamle Kenichiro Ishiyama, som deltok i protestene i Niigata.<\/p>\n<p>If\u00f8lge en lokal unders\u00f8kelse mener 60 prosent av innbyggerne at vilk\u00e5rene for omstart ikke er oppfylt, og et flertall uttrykker bekymring for TEPCOs evne til \u00e5 drive anlegget trygt. Likevel peker myndighetene p\u00e5 behovet for stabil energi, lavere str\u00f8mpriser og redusert avhengighet av importert fossil energi.<\/p>\n<p>Kashiwazaki-Kariwa har en samlet kapasitet p\u00e5 8,2 gigawatt og kan forsyne flere millioner hjem. En omstart vil styrke str\u00f8mforsyningen til Tokyo-omr\u00e5det og er sentral i regjeringens m\u00e5l om \u00e5 \u00f8ke andelen kjernekraft til 20 prosent innen 2040.<\/p>\n","protected":false},"excerpt":{"rendered":"Japan har tatt siste formelle skritt for \u00e5 tillate omstart av verdens st\u00f8rste kjernekraftverk, Kashiwazaki-Kariwa, nesten 15 \u00e5r&hellip;\n","protected":false},"author":2,"featured_media":120255,"comment_status":"","ping_status":"","sticky":false,"template":"","format":"standard","meta":{"footnotes":""},"categories":[12],"tags":[381,20,21,7023,24,25,14336,15,1192,22,23,13,30,28,29,14,16,26,27,412,42,43,44,45],"class_list":{"0":"post-120254","1":"post","2":"type-post","3":"status-publish","4":"format-standard","5":"has-post-thumbnail","7":"category-verden","8":"tag-atomkraft","9":"tag-breaking-news","10":"tag-breakingnews","11":"tag-energipolitikk","12":"tag-featured-news","13":"tag-featurednews","14":"tag-fukushima","15":"tag-headlines","16":"tag-japan","17":"tag-latest-news","18":"tag-latestnews","19":"tag-news","20":"tag-no","21":"tag-norge","22":"tag-norway","23":"tag-nyheter","24":"tag-overskrifter","25":"tag-top-stories","26":"tag-topstories","27":"tag-utenriks","28":"tag-verden","29":"tag-world","30":"tag-world-news","31":"tag-worldnews"},"share_on_mastodon":{"url":"https:\/\/pubeurope.com\/@no\/115768464758363882","error":""},"_links":{"self":[{"href":"https:\/\/www.europesays.com\/no\/wp-json\/wp\/v2\/posts\/120254","targetHints":{"allow":["GET"]}}],"collection":[{"href":"https:\/\/www.europesays.com\/no\/wp-json\/wp\/v2\/posts"}],"about":[{"href":"https:\/\/www.europesays.com\/no\/wp-json\/wp\/v2\/types\/post"}],"author":[{"embeddable":true,"href":"https:\/\/www.europesays.com\/no\/wp-json\/wp\/v2\/users\/2"}],"replies":[{"embeddable":true,"href":"https:\/\/www.europesays.com\/no\/wp-json\/wp\/v2\/comments?post=120254"}],"version-history":[{"count":0,"href":"https:\/\/www.europesays.com\/no\/wp-json\/wp\/v2\/posts\/120254\/revisions"}],"wp:featuredmedia":[{"embeddable":true,"href":"https:\/\/www.europesays.com\/no\/wp-json\/wp\/v2\/media\/120255"}],"wp:attachment":[{"href":"https:\/\/www.europesays.com\/no\/wp-json\/wp\/v2\/media?parent=120254"}],"wp:term":[{"taxonomy":"category","embeddable":true,"href":"https:\/\/www.europesays.com\/no\/wp-json\/wp\/v2\/categories?post=120254"},{"taxonomy":"post_tag","embeddable":true,"href":"https:\/\/www.europesays.com\/no\/wp-json\/wp\/v2\/tags?post=120254"}],"curies":[{"name":"wp","href":"https:\/\/api.w.org\/{rel}","templated":true}]}}