{"id":120266,"date":"2025-12-23T10:51:08","date_gmt":"2025-12-23T10:51:08","guid":{"rendered":"https:\/\/www.europesays.com\/no\/120266\/"},"modified":"2025-12-23T10:51:08","modified_gmt":"2025-12-23T10:51:08","slug":"tv-2-champions-league-tv-2-tabbe-fikk-seere-til-a-rase-na-kan-det-bli-tilsynssak","status":"publish","type":"post","link":"https:\/\/www.europesays.com\/no\/120266\/","title":{"rendered":"TV 2, Champions League | TV 2-tabbe fikk seere til \u00e5 rase: N\u00e5 kan det bli tilsynssak"},"content":{"rendered":"\n<p>I forbindelse med Champions League-m\u00f8tet mellom Real Madrid og Manchester City, fikk TV 2 seerne p\u00e5 nakken da kanalen gikk ut i reklamepause rett i forkant av at Erling Braut Haaland omsatte et straffespark i m\u00e5l.<\/p>\n<p>Som nevnt reagerte seerne og TV 2 var raskt ute med \u00e5 beklage, men n\u00e5 reagerer ogs\u00e5 Medietilsynet p\u00e5 hendelsen.<\/p>\n<p>Det viser et dokumentinnsyn som bransjenettstedet <a href=\"https:\/\/www.journalisten.no\/vurderer-tilsynssak-ber-tv-2-redegjore-for-champions-league-tabben\/660991\" rel=\"Follow nofollow noopener\" target=\"_blank\">journalisten.no<\/a> har gjort.<\/p>\n<p>Fikk e-post av Medietilsynet dagen etter <\/p>\n<p>Allerede torsdag morgen \u2013 dagen etter kampen \u2013 skal TV 2 ha mottatt en e-post fra en r\u00e5dgiver i Medietilsynet, som hadde registrert det som skjedde under storkampen.<\/p>\n<p><b>Les ogs\u00e5: <a href=\"https:\/\/www.nettavisen.no\/sport\/mareritt-for-liverpool-isak-bekreftet-ute-i-lang-tid\/s\/5-95-2794386\" rel=\"Follow nofollow noopener\" target=\"_blank\">Mareritt for Liverpool: Isak bekreftet ute i lang tid<\/a><\/b><\/p>\n<p>De \u00f8nsket mer informasjon om hendelsen og ga TV 2 en frist fram til 17. desember med \u00e5 framskaffe dette.<\/p>\n<p>Medietilsynet ville ha mer infomarsjen rundt reklameavbruddet og \u00e5rsaken til at det ble sendt i et viktig \u00f8yeblikk av kampen.<\/p>\n<p>Det vises til kringkastings\u00adforskriftens paragraf om plassering av reklameinnslag i fjernsyn:<\/p>\n<p>\u00abAndre program kan avbrytes med reklame dersom avbruddet plasseres slik at programmets verdi og integritet ikke forringes. Ved denne vurderingen skal det s\u00e6rlig legges vekt p\u00e5 naturlige opphold i programmet og programmets varighet og art.\u00bb<\/p>\n<p>Medietilsynet skal vurdere sak mot TV 2<\/p>\n<p>Tilsynet opplyser, if\u00f8lge journalisten.no, at TV 2 vil bli varslet p\u00e5 forh\u00e5nd om de velger \u00e5 g\u00e5 videre med saken.<\/p>\n<p>Allerede samme kveld som tabben inntraff hos TV 2,<a href=\"https:\/\/www.nettavisen.no\/sport\/tv-2-gikk-i-reklamepause-rett-for-haaland-scoret\/s\/5-95-2773795\" rel=\"Follow nofollow noopener\" target=\"_blank\"> uttalte sportsredakt\u00f8r Vegard Jansen Hagen seg om hendelsen<\/a>.<\/p>\n<p><b>Les ogs\u00e5: <a href=\"https:\/\/www.nettavisen.no\/sport\/knallhardt-ut-mot-jake-paul-jeg-skammer-meg\/s\/5-95-2793718\" rel=\"Follow nofollow noopener\" target=\"_blank\">Knallhardt ut mot Jake Paul: \u2013 Jeg skammer meg<\/a><\/b><\/p>\n<p>\u2013 Her skjedde det en menneskelig feil. Det skulle selvsagt ikke skjedd, og det er bare \u00e5 beklage overfor seerne, som naturligvis reagerer. Vedkommende som sto bak tabben er naturligvis sv\u00e6rt ulykkelig, s\u00e5 dette var bare en vond opplevelse for alle parter.<\/p>\n<p>I en lignende sak, ogs\u00e5 omtalt av journalisten.no, fikk TV 2 nylig et gebyr p\u00e5 300.000 kroner av Medietilsynet p\u00e5 grunn av at lengden p\u00e5 sponsoridentifisering under Tour de France-sendingene br\u00f8t med kravene i kringkastingsforskriften. <\/p>\n","protected":false},"excerpt":{"rendered":"I forbindelse med Champions League-m\u00f8tet mellom Real Madrid og Manchester City, fikk TV 2 seerne p\u00e5 nakken da&hellip;\n","protected":false},"author":2,"featured_media":120267,"comment_status":"","ping_status":"","sticky":false,"template":"","format":"standard","meta":{"footnotes":""},"categories":[59],"tags":[30,28,29,83,82],"class_list":{"0":"post-120266","1":"post","2":"type-post","3":"status-publish","4":"format-standard","5":"has-post-thumbnail","7":"category-sport","8":"tag-no","9":"tag-norge","10":"tag-norway","11":"tag-sport","12":"tag-sports"},"share_on_mastodon":{"url":"https:\/\/pubeurope.com\/@no\/115768504062526359","error":""},"_links":{"self":[{"href":"https:\/\/www.europesays.com\/no\/wp-json\/wp\/v2\/posts\/120266","targetHints":{"allow":["GET"]}}],"collection":[{"href":"https:\/\/www.europesays.com\/no\/wp-json\/wp\/v2\/posts"}],"about":[{"href":"https:\/\/www.europesays.com\/no\/wp-json\/wp\/v2\/types\/post"}],"author":[{"embeddable":true,"href":"https:\/\/www.europesays.com\/no\/wp-json\/wp\/v2\/users\/2"}],"replies":[{"embeddable":true,"href":"https:\/\/www.europesays.com\/no\/wp-json\/wp\/v2\/comments?post=120266"}],"version-history":[{"count":0,"href":"https:\/\/www.europesays.com\/no\/wp-json\/wp\/v2\/posts\/120266\/revisions"}],"wp:featuredmedia":[{"embeddable":true,"href":"https:\/\/www.europesays.com\/no\/wp-json\/wp\/v2\/media\/120267"}],"wp:attachment":[{"href":"https:\/\/www.europesays.com\/no\/wp-json\/wp\/v2\/media?parent=120266"}],"wp:term":[{"taxonomy":"category","embeddable":true,"href":"https:\/\/www.europesays.com\/no\/wp-json\/wp\/v2\/categories?post=120266"},{"taxonomy":"post_tag","embeddable":true,"href":"https:\/\/www.europesays.com\/no\/wp-json\/wp\/v2\/tags?post=120266"}],"curies":[{"name":"wp","href":"https:\/\/api.w.org\/{rel}","templated":true}]}}