{"id":120268,"date":"2025-12-23T10:55:10","date_gmt":"2025-12-23T10:55:10","guid":{"rendered":"https:\/\/www.europesays.com\/no\/120268\/"},"modified":"2025-12-23T10:55:10","modified_gmt":"2025-12-23T10:55:10","slug":"forfatter-var-siktet-for-voldtekt-na-er-saken-henlagt","status":"publish","type":"post","link":"https:\/\/www.europesays.com\/no\/120268\/","title":{"rendered":"Forfatter var siktet for voldtekt \u2013 n\u00e5 er saken henlagt"},"content":{"rendered":"<p class=\"extendedContent hyperion-css-eyn926\" data-test-tag=\"lead-text\">\u2013 Hun er skuffet over b\u00e5de etterforskningen og henleggelsen, sier bistandsadvokaten til forn\u00e6rmede. <\/p>\n<p><img decoding=\"async\" class=\"image-asset hyperion-css-u06ts1\" data-test-tag=\"image-asset\" src=\"https:\/\/www.europesays.com\/no\/wp-content\/uploads\/2025\/12\/44a9933c-97d0-4e59-bcbd-10fbbcd8b087\"  alt=\"Forfatterens forsvarer er Inger Zadig. \"  loading=\"eager\" fetchpriority=\"high\" style=\"aspect-ratio:2048 \/ 1365\"\/>Forfatterens forsvarer er Inger Zadig. Foto: Ole Berg-Rusten, NTB<\/p>\n<p class=\"paywall hyperion-css-1j42uic\">I januar ble den norske forfatteren siktet for voldtekt. Han ble p\u00e5grepet og l\u00f8slatt etter \u00e5 ha forklart seg til politiet. <\/p>\n<p class=\"paywall hyperion-css-1j42uic\">Etter nesten ett \u00e5rs etterforskning har politiet n\u00e5 henlagt saken \u00e5 bevisets stilling. <\/p>\n<p class=\"paywall hyperion-css-1j42uic\">\u2013 Det er en riktig og n\u00f8dvendig avgj\u00f8relse, sier hans forsvarer Inger Zadig til Aftenposten, og fortsetter:<\/p>\n<p class=\"paywall hyperion-css-1j42uic\">\u2013 Etter en usedvanlig grundig etterforskning har politiet konkludert med at \u00f8vrig bevisbilde samsvarer med min klients forklaring og ikke underst\u00f8tter forn\u00e6rmedes forklaring, sier hun.<\/p>\n<p class=\"paywall hyperion-css-1j42uic\">I en uttalelse gitt via forsvareren til <a aria-label=\"VG, som f\u00f8rst omtalte henleggelsen, \" class=\"breaking-short hyperion-css-1raymq9\" href=\"https:\/\/www.vg.no\/nyheter\/i\/L4AorQ\/henlegger-overgrepssak-mot-norsk-forfatter\" target=\"_blank\" rel=\"noopener nofollow noreferrer\" data-test-tag=\"external-link\">VG, som f\u00f8rst omtalte henleggelsen, <\/a>forteller forfatteren f\u00f8lgende: <br \/>\u2013 Innholdet i anmeldelsen har hele tiden v\u00e6rt uriktig, og jeg har v\u00e6rt trygg p\u00e5 at saken til slutt ville bli henlagt.<\/p>\n<p class=\"paywall hyperion-css-1j42uic\">\u2013 Det har likevel v\u00e6rt en betydelig belastning for meg og mine n\u00e6rmeste at prosessen har tatt s\u00e5 lang tid. \u00c5 leve med en slik mistanke over tid er krevende, uavhengig av utfallet, sier forfatteren.<\/p>\n<p>\u2013 Skuffet over etterforskningen<\/p>\n<p class=\"paywall hyperion-css-1j42uic\">Bistandsadvokat Tonje Lilaas Larsen sier det har v\u00e6rt en krevende tid for den forn\u00e6rmede kvinnen det siste \u00e5ret. <\/p>\n<p class=\"paywall hyperion-css-1j42uic\">\u2013 Det har v\u00e6rt en veldig krevende prosess for henne, og hun er skuffet over b\u00e5de etterforskningen og henleggelsen. Flere etterforskningsskritt ble gjennomf\u00f8rt sent eller ikke i det hele tatt, og hun opplever at viktig informasjon gikk tapt tidlig i etterforskningen, sier Larsen. <\/p>\n<p class=\"paywall hyperion-css-1j42uic\">\u2013 Hun \u00f8nsker samtidig \u00e5 takke for oppf\u00f8lgingen hun har f\u00e5tt ved overgrepsmottaket p\u00e5 legevakten i Oslo b\u00e5de i den akutte fasen og i en lang periode etterp\u00e5.<\/p>\n<p><img decoding=\"async\" class=\"image-asset hyperion-css-u06ts1\" data-test-tag=\"image-asset\" src=\"https:\/\/www.europesays.com\/no\/wp-content\/uploads\/2025\/12\/58823900-25c9-4029-b242-163c701485e1\"  alt=\"Saken etterforskes ved Sentrum politistasjon i Oslo.\"  loading=\"eager\" fetchpriority=\"high\" style=\"aspect-ratio:2048 \/ 1365\"\/>Saken etterforskes ved Sentrum politistasjon i Oslo. Foto: Audun Braastad, NTBSkjedde i romjulen 2024<\/p>\n<p class=\"paywall hyperion-css-1j42uic\">I avh\u00f8r skal politiet, etter det Aftenposten f\u00e5r opplyst, ha bedt mannen svare p\u00e5 anklager om seksuelt overgrep mot en kvinne som angivelig var ute av stand til \u00e5 motsette seg handlingen.<\/p>\n<p class=\"paywall hyperion-css-1j42uic\">Mannen skal da ha forklart seg om \u00aben gjensidig og frivillig\u00bb seksuell omgang med kvinnen.<\/p>\n<p class=\"paywall hyperion-css-1j42uic\">Hendelsen skal ha skjedd i romjulen i 2024. Han bestrider anklagene og forsvareren har tidligere sagt at forfatteren opplevde det som en \u00absjokkartet opplevelse\u00bb \u00e5 bli p\u00e5grepet. <\/p>\n<p class=\"paywall hyperion-css-1j42uic\">\u2013 Det er uforst\u00e5elig for min klient at disse anklagene er blitt rettet mot ham. Han betrakter de som grunnl\u00f8se og ser p\u00e5 situasjonen som et mareritt, sa forsvarer Inger Zadig til Aftenposten da saken f\u00f8rst ble omtalt i februar.<\/p>\n<p>Etterforsket i nesten et \u00e5r<\/p>\n<p class=\"paywall hyperion-css-1j42uic\">Anmeldelsen ble levert kort tid etter at hendelsen skal ha funnet sted. Saken har v\u00e6rt etterforsket ved Sentrum politistasjon i Oslo. Den siktede forfatteren har v\u00e6rt inne til to avh\u00f8r, bekrefter politiet<\/p>\n<p class=\"paywall hyperion-css-1j42uic\">Etterforskningen har p\u00e5g\u00e5tt i lang tid. Politiadvokat Guro Angel Steffensen har tidligere bekreftet til Aftenposten at b\u00e5de bistandsadvokaten og forsvarer har begj\u00e6rt ytterligere etterforskningsskritt i saken.<\/p>\n<p class=\"paywall hyperion-css-1j42uic\">\u2013 Utover \u00e5 bekrefte dette, \u00f8nsker ikke politiet \u00e5 kommentere konkret hva slags type etterforskningsskritt vi har gjennomf\u00f8rt av hensyn til etterforskningen, sa Steffensen i september.<\/p>\n<p class=\"paywall hyperion-css-1j42uic\">Den forn\u00e6rmede kvinnen og den siktede forfatteren er en del av samme bransje og milj\u00f8 og at de hadde hatt noe kontakt i forkant av den anmeldte hendelsen.<\/p>\n<p class=\"paywall hyperion-css-1j42uic\">Politiet bekrefter henleggelsen i en pressemelding tirsdag formiddag:<br \/>\u00abEtterforskningen har v\u00e6rt bred og ulike hypoteser har v\u00e6rt grundig etterg\u00e5tt, herunder om straffbart forhold ikke er beg\u00e5tt\u00bb, skriver det i pressemeldingen. <\/p>\n<p class=\"paywall hyperion-css-1j42uic\">Videre skriver politiet blant annet:<br \/>\u00abDet er ikke uvanlig at partene i slik type sak har motstridene forklaringer om et hendelsesforl\u00f8p, og det kan v\u00e6re flere grunner til det. I de tilfellene det ikke foreligger \u00f8vrige bevis som med sikkerhet opplyser saken p\u00e5 en slik m\u00e5te at strafferettens strenge beviskrav er oppfylt \u2013 s\u00e5 m\u00e5 straffesaken henlegges, hvilket var tilfelle i denne saken.\u00bb<\/p>\n<p class=\"paywall hyperion-css-1j42uic\">Politiet avslutter pressemeldingen slik: <\/p>\n<p class=\"paywall hyperion-css-1j42uic\">\u00abDet er generelt slik at p\u00e5talemyndigheten m\u00e5 v\u00e6re overbevist om den mistenktes straffeskyld for \u00e5 ta ut tiltale, og dessuten v\u00e6re av den oppfatning at straffeskylden ogs\u00e5 vil kunne bevises i retten. For at noen skal kunne d\u00f8mmes til straff, skal handlingen vedkommende er anklaget for kunne bevises utover enhver rimelig tvil. Dette beviskravet er sv\u00e6rt strengt. En henleggelse etter bevisets stilling vil derfor b\u00e5de omfatte saker hvor tvilen er markant og saker hvor tvilen er liten, men ikke kun fremst\u00e5r som en teoretisk mulighet.\u00bb<\/p>\n","protected":false},"excerpt":{"rendered":"\u2013 Hun er skuffet over b\u00e5de etterforskningen og henleggelsen, sier bistandsadvokaten til forn\u00e6rmede. Forfatterens forsvarer er Inger Zadig.&hellip;\n","protected":false},"author":2,"featured_media":120269,"comment_status":"","ping_status":"","sticky":false,"template":"","format":"standard","meta":{"footnotes":""},"categories":[12],"tags":[20,21,24,25,15,22,23,13,30,28,29,14,16,26,27,42,43,44,45],"class_list":{"0":"post-120268","1":"post","2":"type-post","3":"status-publish","4":"format-standard","5":"has-post-thumbnail","7":"category-verden","8":"tag-breaking-news","9":"tag-breakingnews","10":"tag-featured-news","11":"tag-featurednews","12":"tag-headlines","13":"tag-latest-news","14":"tag-latestnews","15":"tag-news","16":"tag-no","17":"tag-norge","18":"tag-norway","19":"tag-nyheter","20":"tag-overskrifter","21":"tag-top-stories","22":"tag-topstories","23":"tag-verden","24":"tag-world","25":"tag-world-news","26":"tag-worldnews"},"share_on_mastodon":{"url":"https:\/\/pubeurope.com\/@no\/115768520182058905","error":""},"_links":{"self":[{"href":"https:\/\/www.europesays.com\/no\/wp-json\/wp\/v2\/posts\/120268","targetHints":{"allow":["GET"]}}],"collection":[{"href":"https:\/\/www.europesays.com\/no\/wp-json\/wp\/v2\/posts"}],"about":[{"href":"https:\/\/www.europesays.com\/no\/wp-json\/wp\/v2\/types\/post"}],"author":[{"embeddable":true,"href":"https:\/\/www.europesays.com\/no\/wp-json\/wp\/v2\/users\/2"}],"replies":[{"embeddable":true,"href":"https:\/\/www.europesays.com\/no\/wp-json\/wp\/v2\/comments?post=120268"}],"version-history":[{"count":0,"href":"https:\/\/www.europesays.com\/no\/wp-json\/wp\/v2\/posts\/120268\/revisions"}],"wp:featuredmedia":[{"embeddable":true,"href":"https:\/\/www.europesays.com\/no\/wp-json\/wp\/v2\/media\/120269"}],"wp:attachment":[{"href":"https:\/\/www.europesays.com\/no\/wp-json\/wp\/v2\/media?parent=120268"}],"wp:term":[{"taxonomy":"category","embeddable":true,"href":"https:\/\/www.europesays.com\/no\/wp-json\/wp\/v2\/categories?post=120268"},{"taxonomy":"post_tag","embeddable":true,"href":"https:\/\/www.europesays.com\/no\/wp-json\/wp\/v2\/tags?post=120268"}],"curies":[{"name":"wp","href":"https:\/\/api.w.org\/{rel}","templated":true}]}}