{"id":120272,"date":"2025-12-23T10:57:15","date_gmt":"2025-12-23T10:57:15","guid":{"rendered":"https:\/\/www.europesays.com\/no\/120272\/"},"modified":"2025-12-23T10:57:15","modified_gmt":"2025-12-23T10:57:15","slug":"for-jeg-fikk-barn-foretrakk-jeg-a-jobbe-pa-julaften","status":"publish","type":"post","link":"https:\/\/www.europesays.com\/no\/120272\/","title":{"rendered":"\u2013 F\u00f8r jeg fikk barn, foretrakk jeg \u00e5 jobbe p\u00e5 julaften"},"content":{"rendered":"<p>\u2013\u00a0Hva er ditt sterkeste minne fra \u00e5 jobbe jul?<\/p>\n<p>\u2013 Det er fra den f\u00f8rste julen p\u00e5 barnekirurgen, da jeg s\u00e5 gleden og overraskelsen hos pasientene da de fikk gave p\u00e5 julaften. Det var ganske fine pakker fra barnekreftforeningen. De er ellers vant til \u00e5 f\u00e5 sm\u00e5premier. Sprettball og s\u00e5nt. \u00c5 se hvor glade de ble, gjorde sterkt inntrykk.<\/p>\n<p>\u2013 Jeg har noen triste minner fra \u00e5 jobbe i julen ogs\u00e5. Som \u00e5 gi kjipe beskjeder til pasienter. Men jeg vil helst fokusere p\u00e5 det positive n\u00e5.<\/p>\n<p>\u2013\u00a0Er det tilstander du har sett oftere p\u00e5 jobb i julen enn resten av \u00e5ret?<\/p>\n<p>\u2013 Glupske ungdommer som ikke tygger maten f\u00f8r de svelger. Noen m\u00e5tte opereres. I narkose.<\/p>\n<p>\u2013\u00a0De elsker julemat?<\/p>\n<p>\u2013 Ja, de sluker den. Ofte gjelder det gutteungdommer. Det er ogs\u00e5 tiden for brannskader.<\/p>\n<p>\u2013\u00a0De brannskadede kommer i julen?<\/p>\n<p>\u2013 Ja. N\u00e5r det blir kaldere ute og mer vedfyring og kos med levende lys.\u00a0<\/p>\n<p>\u2013\u00a0Har du f\u00e5tt julegave av jobben noen gang?<\/p>\n<p>\u2013 Hmmm \u2026. Har jeg det? Jo, f\u00f8rste \u00e5ret p\u00e5 barnekirurgen fikk vi sjokolade som var g\u00e5tt ut p\u00e5 dato. Og fikk vi ikke gavekort under covid? For blomster eller noe s\u00e5nt? Fagforbundene kommer av og til med en goodiebag.<\/p>\n<p>\u00a0\u2013 Hvem synes du fortjener en julegave? Og hva vil du gi?<\/p>\n<p>\u2013 Hm, et tenkesp\u00f8rsm\u00e5l, det \u2026 Det blir litt klisj\u00e9: Jeg vil gi til mine barn. All den kj\u00e6rlighet det er mulig \u00e5 gi. Jeg vil ikke si at de f\u00e5r alt de \u00f8nsker seg. Men jeg vil gi av min tid og min kj\u00e6rlighet.<\/p>\n<p>\u2013\u00a0Hva vil du si til sykepleiere som skal jobbe denne julen?<\/p>\n<p>\u2013 At de gj\u00f8r en iherdig og ufattelig innsats for samfunnet. Og at pasientene er ufattelig heldige fordi sykepleierne ofrer seg. S\u00e5 m\u00e5 de bare tenke at de mest sannsynlig f\u00e5r fri neste jul.<\/p>\n<p>\u2013 Hvordan er det er \u00e5 slutte p\u00e5 barnekirurgen etter ni \u00e5r?<\/p>\n<p>\u2013 Det er vemodig. Men det blir utrolig forfriskende og godt med mye utfordringer. Jeg har tro p\u00e5 at har f\u00e5tt dr\u00f8mmejobben. Jeg f\u00e5r brukt kompetansen min, men vil f\u00e5 helt andre friheter enn f\u00f8r og jobbe p\u00e5 egne premisser. S\u00e5 det er meste glede.<\/p>\n<p>\u2013 Hva skal du gj\u00f8re?<\/p>\n<p>\u2013 Reise rundt til sykehusene i Vestland og fremme firmaets produkter. Jeg kjenner dem godt, har brukt dem i mange \u00e5r og kan st\u00e5 inne for dem.<\/p>\n<p>\u2013 Hva, for eksempel?<\/p>\n<p>\u2013 Spr\u00f8yter og kanyler. Men jeg starter med omfattende oppl\u00e6ring og en del reising utenlands.<\/p>\n","protected":false},"excerpt":{"rendered":"\u2013\u00a0Hva er ditt sterkeste minne fra \u00e5 jobbe jul? \u2013 Det er fra den f\u00f8rste julen p\u00e5 barnekirurgen,&hellip;\n","protected":false},"author":2,"featured_media":120273,"comment_status":"","ping_status":"","sticky":false,"template":"","format":"standard","meta":{"footnotes":""},"categories":[5],"tags":[20,21,24,25,15,19,22,23,17,18,13,30,28,29,14,16,26,27],"class_list":{"0":"post-120272","1":"post","2":"type-post","3":"status-publish","4":"format-standard","5":"has-post-thumbnail","7":"category-overskrifter","8":"tag-breaking-news","9":"tag-breakingnews","10":"tag-featured-news","11":"tag-featurednews","12":"tag-headlines","13":"tag-hovedoppslag","14":"tag-latest-news","15":"tag-latestnews","16":"tag-main-news","17":"tag-mainnews","18":"tag-news","19":"tag-no","20":"tag-norge","21":"tag-norway","22":"tag-nyheter","23":"tag-overskrifter","24":"tag-top-stories","25":"tag-topstories"},"share_on_mastodon":{"url":"https:\/\/pubeurope.com\/@no\/115768527604200098","error":""},"_links":{"self":[{"href":"https:\/\/www.europesays.com\/no\/wp-json\/wp\/v2\/posts\/120272","targetHints":{"allow":["GET"]}}],"collection":[{"href":"https:\/\/www.europesays.com\/no\/wp-json\/wp\/v2\/posts"}],"about":[{"href":"https:\/\/www.europesays.com\/no\/wp-json\/wp\/v2\/types\/post"}],"author":[{"embeddable":true,"href":"https:\/\/www.europesays.com\/no\/wp-json\/wp\/v2\/users\/2"}],"replies":[{"embeddable":true,"href":"https:\/\/www.europesays.com\/no\/wp-json\/wp\/v2\/comments?post=120272"}],"version-history":[{"count":0,"href":"https:\/\/www.europesays.com\/no\/wp-json\/wp\/v2\/posts\/120272\/revisions"}],"wp:featuredmedia":[{"embeddable":true,"href":"https:\/\/www.europesays.com\/no\/wp-json\/wp\/v2\/media\/120273"}],"wp:attachment":[{"href":"https:\/\/www.europesays.com\/no\/wp-json\/wp\/v2\/media?parent=120272"}],"wp:term":[{"taxonomy":"category","embeddable":true,"href":"https:\/\/www.europesays.com\/no\/wp-json\/wp\/v2\/categories?post=120272"},{"taxonomy":"post_tag","embeddable":true,"href":"https:\/\/www.europesays.com\/no\/wp-json\/wp\/v2\/tags?post=120272"}],"curies":[{"name":"wp","href":"https:\/\/api.w.org\/{rel}","templated":true}]}}