{"id":120278,"date":"2025-12-23T11:02:14","date_gmt":"2025-12-23T11:02:14","guid":{"rendered":"https:\/\/www.europesays.com\/no\/120278\/"},"modified":"2025-12-23T11:02:14","modified_gmt":"2025-12-23T11:02:14","slug":"trump-med-strupetak-pa-staten-det-regjeringen-gjor-na-far-grusomme-folger","status":"publish","type":"post","link":"https:\/\/www.europesays.com\/no\/120278\/","title":{"rendered":"Trump med strupetak p\u00e5 staten: \u2013 Det regjeringen gj\u00f8r n\u00e5, f\u00e5r grusomme f\u00f8lger"},"content":{"rendered":"<p class=\"byline\">Merete Jansen<\/p>\n<p class=\"epost\">merete.jansen@lomedia.no<\/p>\n<p class=\"byline\">Ole Palmstr\u00f8m (foto)<\/p>\n<p class=\"tekst\">Det er utrolig at man skal bli behandlet p\u00e5 den m\u00e5ten, sl\u00e5r Dinkelman fast p\u00e5 fagforeningskontoret som ligger like over gaten for Utenriksdepartementet (UD) i Washington.<\/p>\n<p class=\"tekst\">Det kom br\u00e5tt p\u00e5, men var likevel ikke helt uventet, det som rammet dem. <\/p>\n<p class=\"tekst\">Se video:<\/p>\n<p class=\"tekst\">Allerede en uke etter at Donald Trump ble valgt til president 5. november i fjor, utpekte han milliard\u00e6ren Elon Musk til \u00e5 \u00abplukke fra hverandre byr\u00e5krati (&#8230;), skj\u00e6re bort sl\u00f8sing med penger og omstrukturere f\u00f8derale etater\u00bb. <\/p>\n<p class=\"tekst\">Dette skulle skje gjennom den nye etaten DOGE. <\/p>\n<p class=\"tekst\">Og kort tid etter presidentinnsettelsen i januar, startet arbeidet med \u00e5 stenge ned USAID, det amerikanske motstykket til norske Norad. <\/p>\n<p class=\"tekst\">S\u00e5 gikk det slag i slag. <\/p>\n<p class=\"tekst\">I en lang rekke statlige etater fikk ansatte tilbud om sluttpakker eller bare beskjed om at de hadde mistet jobben.<\/p>\n<p class=\"mellomtittel\">Endret bybilde<\/p>\n<p class=\"tekst\">P\u00e5 gateplan i Washington noen m\u00e5neder senere, ser livet ut til \u00e5 g\u00e5 sin vante gang. <\/p>\n<p class=\"tekst\">Rent visuelt er det n\u00e5 flere \u2013 og st\u00f8rre \u2013 amerikanske flagg ved offentlige bygninger. <\/p>\n<p class=\"tekst\">Den gr\u00e5 kolossen som huser arbeidsdepartementet er dekorert i r\u00f8dt, hvitt og bl\u00e5tt og har enorme portretter av Donald Trump og tidligere president Teddy Roosevelt p\u00e5 fasaden. <\/p>\n<p class=\"tekst\">Noen synes sikkert fargene er en oppgradering. <\/p>\n<p class=\"tekst\">Like god stemning gir det ikke \u00e5 se tungt bev\u00e6pnede soldater fra Nasjonalgarden i parker, p\u00e5 togstasjoner og andre steder hvor folk ferdes. <\/p>\n<p class=\"tekst\">Disse har Trump sendt inn i delstaten med et stort overskudd av demokratiske velgere, under p\u00e5skudd av at de skal rydde opp i kriminaliteten.<\/p>\n<p><img decoding=\"async\" class=\"Image Image_\" src=\"\" data-aghref=\"http:\/\/frifagbevegelse.no\/image-3.629479.155699.20251223085757.1.92eebf7d54\" data-agimagetype=\"hardcrop\" alt=\"Soldater fra Nasjonalgarden p\u00e5 Washington Union Station \u2013 hovedjernbanestasjonen i byen.  \"\/><\/p>\n<p class=\"Caption\">Soldater fra Nasjonalgarden p\u00e5 Washington Union Station \u2013 hovedjernbanestasjonen i byen.  <\/p>\n<p class=\"Source\">Merete Jansen<\/p>\n<p class=\"tekst\">En annen gruppe som hovedstadens innbyggerne ikke \u00f8nsker velkommen, er agentene i ICE, styrken som skal arrestere og sende ut ulovlige innvandrere.<\/p>\n<p class=\"tekst\">De opererer ofte i sivile kl\u00e6r og med maskerte ansikter, noe som skaper en ekstra utrygghet. <\/p>\n<p class=\"tekst\">Stadig vekk dukker det opp plakater og graffiti med tekster som \u00abTa av maskene deres\u00bb og \u00abOffentlig ansatte b\u00f8r ikke dekke seg til\u00bb.<\/p>\n<p class=\"mellomtittel\">Mange skjebner, ingen vil snakke<\/p>\n<p class=\"tekst\">De voldsomme kuttene har gitt fagforeningene for offentlig ansatte hendene fulle og vel s\u00e5 det. <\/p>\n<p class=\"tekst\">Everett Kelley er president i American Federation of Government Employees (AFGE) og har rundt 800.000 medlemmer i ryggen. Han har lyttet til mange med hjerteskj\u00e6rende beretninger. <\/p>\n<p class=\"tekst\">Noen familier er ekstra hardt rammet fordi begge de voksne jobbet i statsapparatet.<\/p>\n<p class=\"tekst\">\u2013 Folk lurer p\u00e5 hvordan de skal klare \u00e5 skaffe familien mat. En jeg selv kjenner, hadde jobbet seg oppover i systemet gjennom mange \u00e5r, og hadde endelig f\u00e5tt r\u00e5d til et flott hus til seg og sine. S\u00e5 mistet han jobben over natten.<\/p>\n<p class=\"tekst\">John Dinkelman som mistet jobben i UD, er n\u00e5 president i AFSA, forbundet til ansatte som jobber i utenrikstjenesten og med bistand. Han h\u00f8rer lignende beskrivelser p\u00e5 sitt nye kontor. <\/p>\n<p class=\"tekst\">\u2013 Mandag ble jeg ringt opp av en kvinne som forklarte at hun selv er midt i kreftbehandlingen og har en partner som er uf\u00f8r. Jeg skj\u00f8nner jo at staten ikke er noen veldedighetsorganisasjon, men det regjeringen n\u00e5 gj\u00f8r, f\u00e5r grusomme f\u00f8lger.<\/p>\n<p class=\"tekst\">Under arbeidet med denne reportasjen har mange n\u00e5v\u00e6rende og tidligere statsansatte takket nei til \u00e5 stille til intervju. <\/p>\n<p class=\"tekst\">De vil ikke engang snakke anonymt. S\u00e5 sterk er frykten for konsekvensene.<\/p>\n<p class=\"mellomtittel\">Ingen hadde sett for seg dette<\/p>\n<p class=\"tekst\">N\u00e5r folk f\u00e5r sparken, g\u00e5r ogs\u00e5 medlemstallet i fagforeningene ned. <\/p>\n<p class=\"tekst\">AFSA har g\u00e5tt fra 17.000 medlemmer i august til 12.000 i midten av september. <\/p>\n<p class=\"tekst\">AFGE som organiserer i alle deler av statlig sektor, har hatt 820.000 medlemmer. De sier de ikke har oversikt over hvor mange de har mistet, men det er i hvert fall nok til at de har m\u00e5ttet kutte en av tre ansatte i sin egen stab.<\/p>\n<p class=\"tekst\">Presidenten i AFGE, Everett Kelley, sier at de aldri hadde sett for seg at situasjonen skulle bli fullt s\u00e5 ille da Trump overtok.<\/p>\n<p class=\"tekst\">\u2013 Det var ventet at det ville skje ting etter presidentskiftet, men ikke i dette omfanget og med denne styrken, understreker han.<\/p>\n<p class=\"tekst\">John Dinkelman sier at det er en ting \u00e5 sparke en 64-\u00e5ring som ham, det er langt verre for de flere hundre kollegene hans som fikk sparken fra UD samme dag, og ytterligere flere tusen i m\u00e5nedene som fulgte. <\/p>\n<p class=\"tekst\">\u2013 De ble vilk\u00e5rlig utestengt midt i sin yrkeskarriere. Det var vondt \u00e5 v\u00e6re vitne til, og jeg mener det er et stort tap for USA, sier Dinkelman.<\/p>\n<p class=\"mellomtittel\">Mistet den viktigste rettigheten<\/p>\n<p class=\"tekst\">Et av de st\u00f8rste slagene for fagforeningene, var at de mistet retten til \u00e5 drive kollektive forhandlinger for store grupper av offentlig ansatte. Donald Trump signerte en presidentordre i mars, der han fjernet denne rettigheten for over en million offentlig ansatte amerikanere, blant annet de som jobber i Forsvaret, justissektoren og utenrikstjenesten. Han mente dette var n\u00f8dvendig med tanke p\u00e5 nasjonal sikkerhet.<\/p>\n<p class=\"tekst\">En av konsekvensene er at fagforeningene ikke lenger kan trekke medlemskontingenten over l\u00f8nnsslippen. Hvert enkelt medlem m\u00e5 selv s\u00f8rge for at pengene blir betalt. En ting er at det n\u00e5 er f\u00e6rre til \u00e5 betale inn disse pengene, siden s\u00e5 mange har mistet jobben og ikke har r\u00e5d til medlemskapet. Noe annet er at det er mye vanskeligere \u00e5 f\u00e5 inn pengene n\u00e5r betalingen ikke g\u00e5r automatisk.<\/p>\n<p class=\"tekst\">John Dinkelman i AFSA forteller at mange ikke engang vet at betalingen er stoppet opp.<\/p>\n<p class=\"tekst\">\u2013 De ringer og sp\u00f8r hvorfor de ikke har f\u00e5tt medlemsbladet i posten. Dette er en stor utfordring for oss.<\/p>\n<p class=\"tekst\">B\u00e5de AFSA og AFGE har f\u00e5tt rettens vei for \u00e5 f\u00e5 reversert vedtaket om \u00e5 fjerne retten til kollektive forhandlinger. <\/p>\n<p class=\"mellomtittel\">Kaotiske tider<\/p>\n<p class=\"tekst\">Everett Kelley er inne i sin andre periode som president for AGFE. <\/p>\n<p><img decoding=\"async\" class=\"Image Image_\" src=\"\" data-aghref=\"http:\/\/frifagbevegelse.no\/image-3.628864.155699.20251223085757.1.875cec3d8d\" data-agimagetype=\"hardcrop\" alt=\"Everett Kelley\u00a0er president i AFGE \u2013 American Federation of Government Employees.\u00a0\"\/><\/p>\n<p class=\"Caption\">Everett Kelley\u00a0er president i AFGE \u2013 American Federation of Government Employees.\u00a0<\/p>\n<p class=\"Source\">Ole Palmstr\u00f8m<\/p>\n<p class=\"tekst\">N\u00e5r vi sp\u00f8r hvordan det har v\u00e6rt \u00e5 jobbe under Trump, pr\u00f8ver han f\u00f8rst \u00e5 svare diplomatisk:<\/p>\n<p class=\"tekst\">\u2013 Det har v\u00e6rt \u2026 en erfaring. For \u00e5 si det mildt.<\/p>\n<p class=\"tekst\">S\u00e5 f\u00f8yer han til:<\/p>\n<p class=\"tekst\">\u2013 Det har v\u00e6rt kaotisk. Ikke minst for de medlemmene jeg representerer. Ikke \u00e5 vite fra den ene dagen til den neste om du fortsatt har en jobb. Se kolleger f\u00e5 sparken helt uten grunn.<\/p>\n<p class=\"mellomtittel\">Demokratiet i fare<\/p>\n<p class=\"tekst\">Cathy Feingold som leder det internasjonale arbeidet i LOs s\u00f8sterorganisasjon AFL-CIO, forteller at det dukker opp nye utfordringer hver eneste dag. <\/p>\n<p class=\"tekst\">Ikke bare p\u00e5 fagforeningsniv\u00e5, men for USA som demokrati. <\/p>\n<p class=\"tekst\">Hun nevner blant annet det at nasjonalgarden er utplassert i gatene i hovedstaden, samt Trumps fors\u00f8k p\u00e5 \u00e5 ta kontroll over den i utgangspunktet uavhengige sentralbanken.<\/p>\n<p class=\"tekst\">I tillegg til det at regjeringen flytter p\u00e5 grensene for valgdistriktene for \u00e5 sikre seg flertall i Kongressen ved neste valg.<\/p>\n<p class=\"tekst\">\u2013 Det er som tatt ut av oppskriften p\u00e5 et totalit\u00e6rt samfunn. Alt som er viktig for et levende demokrati, som frie og rettferdige valg, en uavhengig sentralbank, rettigheter for arbeidstakere og forbrukere, det blir n\u00e5 angrepet, sl\u00e5r Feingold fast.<\/p>\n<p class=\"tekst\">Hun understreker at AFL-CIO har protestert mot alt som har skjedd.<\/p>\n<p class=\"tekst\">\u2013 Vi har utfordret det gjennom rettsvesenet, vi pr\u00f8ver \u00e5 p\u00e5virke folkevalgte og vi har hatt aksjoner over hele landet.<\/p>\n<p class=\"tekst\">Selv om 2025 beskrives som frustrerende og kaotisk, er det ingen av forbundslederne som har tenkt \u00e5 gi etter for presset fra landets \u00f8verste ledelse.<\/p>\n<p class=\"tekst\">\u2013 Vi kommer ikke til \u00e5 b\u00f8ye oss eller gi etter, sier Everett Kelley i AFGE.<\/p>\n<p class=\"tekst\">\u2013 Vi skal fortsette \u00e5 sl\u00e5ss, det ligger i DNA-et v\u00e5rt, sl\u00e5r han fast.<\/p>\n<p class=\"byline\">Merete Jansen<\/p>\n<p class=\"epost\">merete.jansen@lomedia.no<\/p>\n<p class=\"byline\">Ole Palmstr\u00f8m (foto)<\/p>\n<p class=\"tekst\">Det er utrolig at man skal bli behandlet p\u00e5 den m\u00e5ten, sl\u00e5r Dinkelman fast p\u00e5 fagforeningskontoret som ligger like over gaten for Utenriksdepartementet (UD) i Washington.<\/p>\n<p class=\"tekst\">Det kom br\u00e5tt p\u00e5, men var likevel ikke helt uventet, det som rammet dem. <\/p>\n<p class=\"tekst\">Se video:<\/p>\n<p class=\"tekst\">Allerede en uke etter at Donald Trump ble valgt til president 5. november i fjor, utpekte han milliard\u00e6ren Elon Musk til \u00e5 \u00abplukke fra hverandre byr\u00e5krati (&#8230;), skj\u00e6re bort sl\u00f8sing med penger og omstrukturere f\u00f8derale etater\u00bb. <\/p>\n<p class=\"tekst\">Dette skulle skje gjennom den nye etaten DOGE. <\/p>\n<p class=\"tekst\">Og kort tid etter presidentinnsettelsen i januar, startet arbeidet med \u00e5 stenge ned USAID, det amerikanske motstykket til norske Norad. <\/p>\n<p class=\"tekst\">S\u00e5 gikk det slag i slag. <\/p>\n<p class=\"tekst\">I en lang rekke statlige etater fikk ansatte tilbud om sluttpakker eller bare beskjed om at de hadde mistet jobben.<\/p>\n<p class=\"mellomtittel\">Endret bybilde<\/p>\n<p class=\"tekst\">P\u00e5 gateplan i Washington noen m\u00e5neder senere, ser livet ut til \u00e5 g\u00e5 sin vante gang. <\/p>\n<p class=\"tekst\">Rent visuelt er det n\u00e5 flere \u2013 og st\u00f8rre \u2013 amerikanske flagg ved offentlige bygninger. <\/p>\n<p class=\"tekst\">Den gr\u00e5 kolossen som huser arbeidsdepartementet er dekorert i r\u00f8dt, hvitt og bl\u00e5tt og har enorme portretter av Donald Trump og tidligere president Teddy Roosevelt p\u00e5 fasaden. <\/p>\n<p class=\"tekst\">Noen synes sikkert fargene er en oppgradering. <\/p>\n<p class=\"tekst\">Like god stemning gir det ikke \u00e5 se tungt bev\u00e6pnede soldater fra Nasjonalgarden i parker, p\u00e5 togstasjoner og andre steder hvor folk ferdes. <\/p>\n<p class=\"tekst\">Disse har Trump sendt inn i delstaten med et stort overskudd av demokratiske velgere, under p\u00e5skudd av at de skal rydde opp i kriminaliteten.<\/p>\n<p><img decoding=\"async\" class=\"Image Image_\" src=\"\" data-aghref=\"http:\/\/frifagbevegelse.no\/image-3.629479.155699.20251223085757.2.84af9e9079\" data-agimagetype=\"hardcrop\" alt=\"Soldater fra Nasjonalgarden p\u00e5 Washington Union Station \u2013 hovedjernbanestasjonen i byen.  \"\/><\/p>\n<p class=\"Caption\">Soldater fra Nasjonalgarden p\u00e5 Washington Union Station \u2013 hovedjernbanestasjonen i byen.  <\/p>\n<p class=\"Source\">Merete Jansen<\/p>\n<p class=\"tekst\">En annen gruppe som hovedstadens innbyggerne ikke \u00f8nsker velkommen, er agentene i ICE, styrken som skal arrestere og sende ut ulovlige innvandrere.<\/p>\n<p class=\"tekst\">De opererer ofte i sivile kl\u00e6r og med maskerte ansikter, noe som skaper en ekstra utrygghet. <\/p>\n<p class=\"tekst\">Stadig vekk dukker det opp plakater og graffiti med tekster som \u00abTa av maskene deres\u00bb og \u00abOffentlig ansatte b\u00f8r ikke dekke seg til\u00bb.<\/p>\n<p class=\"mellomtittel\">Mange skjebner, ingen vil snakke<\/p>\n<p class=\"tekst\">De voldsomme kuttene har gitt fagforeningene for offentlig ansatte hendene fulle og vel s\u00e5 det. <\/p>\n<p class=\"tekst\">Everett Kelley er president i American Federation of Government Employees (AFGE) og har rundt 800.000 medlemmer i ryggen. Han har lyttet til mange med hjerteskj\u00e6rende beretninger. <\/p>\n<p class=\"tekst\">Noen familier er ekstra hardt rammet fordi begge de voksne jobbet i statsapparatet.<\/p>\n<p class=\"tekst\">\u2013 Folk lurer p\u00e5 hvordan de skal klare \u00e5 skaffe familien mat. En jeg selv kjenner, hadde jobbet seg oppover i systemet gjennom mange \u00e5r, og hadde endelig f\u00e5tt r\u00e5d til et flott hus til seg og sine. S\u00e5 mistet han jobben over natten.<\/p>\n<p class=\"tekst\">John Dinkelman som mistet jobben i UD, er n\u00e5 president i AFSA, forbundet til ansatte som jobber i utenrikstjenesten og med bistand. Han h\u00f8rer lignende beskrivelser p\u00e5 sitt nye kontor. <\/p>\n<p class=\"tekst\">\u2013 Mandag ble jeg ringt opp av en kvinne som forklarte at hun selv er midt i kreftbehandlingen og har en partner som er uf\u00f8r. Jeg skj\u00f8nner jo at staten ikke er noen veldedighetsorganisasjon, men det regjeringen n\u00e5 gj\u00f8r, f\u00e5r grusomme f\u00f8lger.<\/p>\n<p class=\"tekst\">Under arbeidet med denne reportasjen har mange n\u00e5v\u00e6rende og tidligere statsansatte takket nei til \u00e5 stille til intervju. <\/p>\n<p class=\"tekst\">De vil ikke engang snakke anonymt. S\u00e5 sterk er frykten for konsekvensene.<\/p>\n<p class=\"mellomtittel\">Ingen hadde sett for seg dette<\/p>\n<p class=\"tekst\">N\u00e5r folk f\u00e5r sparken, g\u00e5r ogs\u00e5 medlemstallet i fagforeningene ned. <\/p>\n<p class=\"tekst\">AFSA har g\u00e5tt fra 17.000 medlemmer i august til 12.000 i midten av september. <\/p>\n<p class=\"tekst\">AFGE som organiserer i alle deler av statlig sektor, har hatt 820.000 medlemmer. De sier de ikke har oversikt over hvor mange de har mistet, men det er i hvert fall nok til at de har m\u00e5ttet kutte en av tre ansatte i sin egen stab.<\/p>\n<p class=\"tekst\">Presidenten i AFGE, Everett Kelley, sier at de aldri hadde sett for seg at situasjonen skulle bli fullt s\u00e5 ille da Trump overtok.<\/p>\n<p class=\"tekst\">\u2013 Det var ventet at det ville skje ting etter presidentskiftet, men ikke i dette omfanget og med denne styrken, understreker han.<\/p>\n<p class=\"tekst\">John Dinkelman sier at det er en ting \u00e5 sparke en 64-\u00e5ring som ham, det er langt verre for de flere hundre kollegene hans som fikk sparken fra UD samme dag, og ytterligere flere tusen i m\u00e5nedene som fulgte. <\/p>\n<p class=\"tekst\">\u2013 De ble vilk\u00e5rlig utestengt midt i sin yrkeskarriere. Det var vondt \u00e5 v\u00e6re vitne til, og jeg mener det er et stort tap for USA, sier Dinkelman.<\/p>\n<p class=\"mellomtittel\">Mistet den viktigste rettigheten<\/p>\n<p class=\"tekst\">Et av de st\u00f8rste slagene for fagforeningene, var at de mistet retten til \u00e5 drive kollektive forhandlinger for store grupper av offentlig ansatte. Donald Trump signerte en presidentordre i mars, der han fjernet denne rettigheten for over en million offentlig ansatte amerikanere, blant annet de som jobber i Forsvaret, justissektoren og utenrikstjenesten. Han mente dette var n\u00f8dvendig med tanke p\u00e5 nasjonal sikkerhet.<\/p>\n<p class=\"tekst\">En av konsekvensene er at fagforeningene ikke lenger kan trekke medlemskontingenten over l\u00f8nnsslippen. Hvert enkelt medlem m\u00e5 selv s\u00f8rge for at pengene blir betalt. En ting er at det n\u00e5 er f\u00e6rre til \u00e5 betale inn disse pengene, siden s\u00e5 mange har mistet jobben og ikke har r\u00e5d til medlemskapet. Noe annet er at det er mye vanskeligere \u00e5 f\u00e5 inn pengene n\u00e5r betalingen ikke g\u00e5r automatisk.<\/p>\n<p class=\"tekst\">John Dinkelman i AFSA forteller at mange ikke engang vet at betalingen er stoppet opp.<\/p>\n<p class=\"tekst\">\u2013 De ringer og sp\u00f8r hvorfor de ikke har f\u00e5tt medlemsbladet i posten. Dette er en stor utfordring for oss.<\/p>\n<p class=\"tekst\">B\u00e5de AFSA og AFGE har f\u00e5tt rettens vei for \u00e5 f\u00e5 reversert vedtaket om \u00e5 fjerne retten til kollektive forhandlinger. <\/p>\n<p class=\"mellomtittel\">Kaotiske tider<\/p>\n<p class=\"tekst\">Everett Kelley er inne i sin andre periode som president for AGFE. <\/p>\n<p><img decoding=\"async\" class=\"Image Image_\" src=\"\" data-aghref=\"http:\/\/frifagbevegelse.no\/image-3.628864.155699.20251223085757.2.36c991ce02\" data-agimagetype=\"hardcrop\" alt=\"Everett Kelley\u00a0er president i AFGE \u2013 American Federation of Government Employees.\u00a0\"\/><\/p>\n<p class=\"Caption\">Everett Kelley\u00a0er president i AFGE \u2013 American Federation of Government Employees.\u00a0<\/p>\n<p class=\"Source\">Ole Palmstr\u00f8m<\/p>\n<p class=\"tekst\">N\u00e5r vi sp\u00f8r hvordan det har v\u00e6rt \u00e5 jobbe under Trump, pr\u00f8ver han f\u00f8rst \u00e5 svare diplomatisk:<\/p>\n<p class=\"tekst\">\u2013 Det har v\u00e6rt \u2026 en erfaring. For \u00e5 si det mildt.<\/p>\n<p class=\"tekst\">S\u00e5 f\u00f8yer han til:<\/p>\n<p class=\"tekst\">\u2013 Det har v\u00e6rt kaotisk. Ikke minst for de medlemmene jeg representerer. Ikke \u00e5 vite fra den ene dagen til den neste om du fortsatt har en jobb. Se kolleger f\u00e5 sparken helt uten grunn.<\/p>\n<p class=\"mellomtittel\">Demokratiet i fare<\/p>\n<p class=\"tekst\">Cathy Feingold som leder det internasjonale arbeidet i LOs s\u00f8sterorganisasjon AFL-CIO, forteller at det dukker opp nye utfordringer hver eneste dag. <\/p>\n<p class=\"tekst\">Ikke bare p\u00e5 fagforeningsniv\u00e5, men for USA som demokrati. <\/p>\n<p class=\"tekst\">Hun nevner blant annet det at nasjonalgarden er utplassert i gatene i hovedstaden, samt Trumps fors\u00f8k p\u00e5 \u00e5 ta kontroll over den i utgangspunktet uavhengige sentralbanken.<\/p>\n<p class=\"tekst\">I tillegg til det at regjeringen flytter p\u00e5 grensene for valgdistriktene for \u00e5 sikre seg flertall i Kongressen ved neste valg.<\/p>\n<p class=\"tekst\">\u2013 Det er som tatt ut av oppskriften p\u00e5 et totalit\u00e6rt samfunn. Alt som er viktig for et levende demokrati, som frie og rettferdige valg, en uavhengig sentralbank, rettigheter for arbeidstakere og forbrukere, det blir n\u00e5 angrepet, sl\u00e5r Feingold fast.<\/p>\n<p class=\"tekst\">Hun understreker at AFL-CIO har protestert mot alt som har skjedd.<\/p>\n<p class=\"tekst\">\u2013 Vi har utfordret det gjennom rettsvesenet, vi pr\u00f8ver \u00e5 p\u00e5virke folkevalgte og vi har hatt aksjoner over hele landet.<\/p>\n<p class=\"tekst\">Selv om 2025 beskrives som frustrerende og kaotisk, er det ingen av forbundslederne som har tenkt \u00e5 gi etter for presset fra landets \u00f8verste ledelse.<\/p>\n<p class=\"tekst\">\u2013 Vi kommer ikke til \u00e5 b\u00f8ye oss eller gi etter, sier Everett Kelley i AFGE.<\/p>\n<p class=\"tekst\">\u2013 Vi skal fortsette \u00e5 sl\u00e5ss, det ligger i DNA-et v\u00e5rt, sl\u00e5r han fast.<\/p>\n","protected":false},"excerpt":{"rendered":"Merete Jansen merete.jansen@lomedia.no Ole Palmstr\u00f8m (foto) Det er utrolig at man skal bli behandlet p\u00e5 den m\u00e5ten, sl\u00e5r&hellip;\n","protected":false},"author":2,"featured_media":120279,"comment_status":"","ping_status":"","sticky":false,"template":"","format":"standard","meta":{"footnotes":""},"categories":[12],"tags":[20,21,24,25,15,22,23,13,30,28,29,14,16,26,27,42,43,44,45],"class_list":{"0":"post-120278","1":"post","2":"type-post","3":"status-publish","4":"format-standard","5":"has-post-thumbnail","7":"category-verden","8":"tag-breaking-news","9":"tag-breakingnews","10":"tag-featured-news","11":"tag-featurednews","12":"tag-headlines","13":"tag-latest-news","14":"tag-latestnews","15":"tag-news","16":"tag-no","17":"tag-norge","18":"tag-norway","19":"tag-nyheter","20":"tag-overskrifter","21":"tag-top-stories","22":"tag-topstories","23":"tag-verden","24":"tag-world","25":"tag-world-news","26":"tag-worldnews"},"share_on_mastodon":{"url":"https:\/\/pubeurope.com\/@no\/115768547367342169","error":""},"_links":{"self":[{"href":"https:\/\/www.europesays.com\/no\/wp-json\/wp\/v2\/posts\/120278","targetHints":{"allow":["GET"]}}],"collection":[{"href":"https:\/\/www.europesays.com\/no\/wp-json\/wp\/v2\/posts"}],"about":[{"href":"https:\/\/www.europesays.com\/no\/wp-json\/wp\/v2\/types\/post"}],"author":[{"embeddable":true,"href":"https:\/\/www.europesays.com\/no\/wp-json\/wp\/v2\/users\/2"}],"replies":[{"embeddable":true,"href":"https:\/\/www.europesays.com\/no\/wp-json\/wp\/v2\/comments?post=120278"}],"version-history":[{"count":0,"href":"https:\/\/www.europesays.com\/no\/wp-json\/wp\/v2\/posts\/120278\/revisions"}],"wp:featuredmedia":[{"embeddable":true,"href":"https:\/\/www.europesays.com\/no\/wp-json\/wp\/v2\/media\/120279"}],"wp:attachment":[{"href":"https:\/\/www.europesays.com\/no\/wp-json\/wp\/v2\/media?parent=120278"}],"wp:term":[{"taxonomy":"category","embeddable":true,"href":"https:\/\/www.europesays.com\/no\/wp-json\/wp\/v2\/categories?post=120278"},{"taxonomy":"post_tag","embeddable":true,"href":"https:\/\/www.europesays.com\/no\/wp-json\/wp\/v2\/tags?post=120278"}],"curies":[{"name":"wp","href":"https:\/\/api.w.org\/{rel}","templated":true}]}}