{"id":120282,"date":"2025-12-23T11:04:09","date_gmt":"2025-12-23T11:04:09","guid":{"rendered":"https:\/\/www.europesays.com\/no\/120282\/"},"modified":"2025-12-23T11:04:09","modified_gmt":"2025-12-23T11:04:09","slug":"vold-mot-kvinner-er-et-samfunnsproblem","status":"publish","type":"post","link":"https:\/\/www.europesays.com\/no\/120282\/","title":{"rendered":"Vold mot kvinner er et samfunnsproblem"},"content":{"rendered":"\n<p>Kristine L. Solli  Talsperson for vold i n\u00e6re relasjoner, Arbeiderpartiet<\/p>\n<p>Publisert:<br \/>\n  23. desember 2025 kl. 09:58<br \/>\n  Oppdatert:<br \/>\n  23. desember 2025 kl. 09:58\n <\/p>\n<p>Dette er et debattinnlegg. Det gir uttrykk for debattantens egen holdning.<\/p>\n<p><strong>Forrige helg<\/strong> skjedde det utenkelige i en liten bygd i Orkland kommune.<\/p>\n<p>En tragisk hendelse, som ryster oss alle. Et liv ble brutalt tatt. To barn m\u00e5 fremover vokse opp uten sin mor.<\/p>\n<p>Et lokalsamfunn st\u00e5r igjen i sorg, fortvilelse og sjokk. Lokalsamfunnet mitt.<\/p>\n<p>Som kvinne kjenner jeg p\u00e5 frykt.<\/p>\n<p>Som sambygding kjenner jeg p\u00e5 sorg.<br \/>\nSom politiker kjenner jeg p\u00e5 frustrasjon.<\/p>\n<p>Gj\u00f8r vi nok?<\/p>\n<p><img decoding=\"async\" src=\"data:image\/gif;base64,R0lGODlhEAAJAIAAAP\/\/\/wAAACH5BAEAAAAALAAAAAAQAAkAAAIKhI+py+0Po5yUFQA7\" alt=\"\"\/><br \/>\n  Et liv ble brutalt tatt. Som kvinne kjenner jeg p\u00e5 frykt. Som sambygding kjenner jeg p\u00e5 sorg, skriver Kristine L. Solli.<br \/>\n  <strong>Foto:<\/strong> Titt Melhuus<\/p>\n<p><strong>Utviklingen peker mot<\/strong> mer vold og overgrep, og kvinner er overrepresentert blant ofrene. M\u00f8rketallene er store.<\/p>\n<p>Bak hvert tall finnes en historie om frykt, redsel og liv som har blitt \u00f8delagt. Dette handler om et samfunn som fortsatt ikke klarer \u00e5 gripe inn tidlig nok, kraftfullt nok \u2013 eller helhetlig nok.<\/p>\n<p>Denne utviklingen kan ikke fortsette. Retten til \u00e5 leve et liv uten vold er en grunnleggende menneskerettighet.<\/p>\n<p><strong>Saker om vold<\/strong> mot kvinner blir ofte omtalt som tragiske, isolerte hendelser. Det er forst\u00e5elig i m\u00f8te med sorg. Men det er ogs\u00e5 farlig. For n\u00e5r vi omtaler slike saker som isolerte hendelser, slipper vi \u00e5 ta tak i de strukturelle \u00e5rsakene.<\/p>\n<p><a href=\"https:\/\/www.adressa.no\/debatt\/i\/43dp3g\/vi-menn-er-noedt-til-aa-se-oss-i-speilet\" rel=\"nofollow noopener\" target=\"_blank\"> <img decoding=\"async\" src=\"data:image\/gif;base64,R0lGODlhEAAJAIAAAP\/\/\/wAAACH5BAEAAAAALAAAAAAQAAkAAAIKhI+py+0Po5yUFQA7\" alt=\"\"\/>   Vi menn er n\u00f8dt til \u00e5 se oss i speilet  <\/a> <a href=\"https:\/\/www.adressa.no\/debatt\/i\/Gx1WP4\/vi-klarte-ikke-aa-beskytte-oss\" rel=\"nofollow noopener\" target=\"_blank\"> <img decoding=\"async\" src=\"data:image\/gif;base64,R0lGODlhEAAJAIAAAP\/\/\/wAAACH5BAEAAAAALAAAAAAQAAkAAAIKhI+py+0Po5yUFQA7\" alt=\"\"\/>   Vi klarte ikke \u00e5 beskytte oss  <\/a> <\/p>\n<p><strong>For vold mot<\/strong> kvinner er aldri kun enkelttilfeller, det er alltid en del av et langt st\u00f8rre bilde.<\/p>\n<p>Som politiker, og en av Norges fremste folkevalgte, er jeg hver dag bevisst p\u00e5 hvor v\u00e5rt ansvar begynner og slutter. V\u00e5rt ansvar er \u00e5 ta tak i de strukturelle \u00e5rsakene til at vold mot kvinner skjer.<\/p>\n<p>Enda sterkere kjenner jeg p\u00e5 ansvaret n\u00e5r vi gang p\u00e5 gang ser vi at voldsofre faller mellom systemene. Vi er n\u00f8dt til \u00e5 gj\u00f8re noe \u2013 og det raskt. Politiet ser \u00e9n del av bildet. Barnevernet en annen. Helsevesenet en tredje. Kommunen en fjerde. Lokalsamfunnet en femte. Men ingen av disse vil klare \u00e5 gj\u00f8re nok, om vi ikke alle sammen tar delen i det.<\/p>\n<p>Og en gang for alle m\u00e5 vi gj\u00f8re det trygt \u00e5 si ifra. Mange kvinner lever i frykt. Frykt for hva som skjer hvis de melder ifra, og frykt for \u00e5 ikke bli trodd hvis de gj\u00f8r det.<\/p>\n<p><strong>Dette er ikke<\/strong> et individuelt problem. Det er et samfunnsproblem. Og vi er n\u00f8dt til \u00e5 ta et st\u00f8rre ansvar. Dette handler om hva slags samfunn vi \u00f8nsker \u00e5 leve i.<\/p>\n<p>Vi kan ikke m\u00f8te nye saker kun med nye minutters stillhet. Stillhet redder ingen liv. Vi m\u00e5 st\u00e5 sammen, og si klart og tydelig ifra om at denne utviklingen ikke kan fortsette.<\/p>\n<p><strong>Vi m\u00e5:<\/strong><\/p>\n<ul class=\"List\">\n<li>\n<p>Styrke tidlig innsats og risikovurdering, slik at kjente voldsut\u00f8vere f\u00f8lges enda tettere og farlige situasjoner avverges f\u00f8r det er for sent.<\/p>\n<\/li>\n<li>\n<p>S\u00f8rge for at politi, helse, barnevern og kommunale tjenester jobber mer helhetlig, med tydelig ansvar og informasjonsdeling der liv og sikkerhet st\u00e5r p\u00e5 spill.<\/p>\n<\/li>\n<li>\n<p>Satse mer p\u00e5 forebygging og behandling av voldsut\u00f8vere, fordi vold ikke oppst\u00e5r i et vakuum \u2013 men heller ikke forsvinner av seg selv.<\/p>\n<\/li>\n<li>\n<p>Utvikle sterkere beskyttelsestiltak for voldsutsatte, inkludert raskere tilgang til voldsalarm, bes\u00f8ksforbud og trygge boligl\u00f8sninger.<\/p>\n<\/li>\n<li>\n<p>Lytte mer til dem som lever med vold, og ta varsler p\u00e5 alvor \u2013 hver gang. Vi som samfunn er n\u00f8dt til \u00e5 gj\u00f8re mer.<\/p>\n<\/li>\n<\/ul>\n<p><strong>Vi skylder kvinner<\/strong> mer enn medf\u00f8lelse. Vi skylder dem handling.<\/p>\n<p>Hver gang vold mot kvinner omtales som en enkeltsak, gj\u00f8r vi det enklere \u00e5 overse den neste. Og neste. Og neste igjen.<\/p>\n<p>Det kan vi ikke leve med.<\/p>\n<p><strong>Hva mener du? Send inn din tekst til\u00a0<a href=\"https:\/\/www.adressa.no\/debatt\/i\/e787Ol\/mailto:debatt@adresseavisen.no\" rel=\"noopener nofollow\" target=\"_blank\">debatt@adresseavisen.no<\/a>\u00a0eller delta i debatten i kommentarfeltet nederst \u2013 og husk fullt navn!<\/strong><\/p>\n","protected":false},"excerpt":{"rendered":"Kristine L. Solli Talsperson for vold i n\u00e6re relasjoner, Arbeiderpartiet Publisert: 23. desember 2025 kl. 09:58 Oppdatert: 23.&hellip;\n","protected":false},"author":2,"featured_media":120283,"comment_status":"","ping_status":"","sticky":false,"template":"","format":"standard","meta":{"footnotes":""},"categories":[5],"tags":[20,21,37,24,25,4141,1996,15,19,22,23,2862,17,18,13,30,28,29,14,13375,1622,16,3377,26,27,493,3906,11375],"class_list":{"0":"post-120282","1":"post","2":"type-post","3":"status-publish","4":"format-standard","5":"has-post-thumbnail","7":"category-overskrifter","8":"tag-breaking-news","9":"tag-breakingnews","10":"tag-debatt","11":"tag-featured-news","12":"tag-featurednews","13":"tag-forebygging","14":"tag-frykt","15":"tag-headlines","16":"tag-hovedoppslag","17":"tag-latest-news","18":"tag-latestnews","19":"tag-lokalsamfunn","20":"tag-main-news","21":"tag-mainnews","22":"tag-news","23":"tag-no","24":"tag-norge","25":"tag-norway","26":"tag-nyheter","27":"tag-orkland-kommune","28":"tag-overgrep","29":"tag-overskrifter","30":"tag-samfunn","31":"tag-top-stories","32":"tag-topstories","33":"tag-vold","34":"tag-vold-mot-kvinner","35":"tag-voldsalarm"},"share_on_mastodon":{"url":"https:\/\/pubeurope.com\/@no\/115768555105478098","error":""},"_links":{"self":[{"href":"https:\/\/www.europesays.com\/no\/wp-json\/wp\/v2\/posts\/120282","targetHints":{"allow":["GET"]}}],"collection":[{"href":"https:\/\/www.europesays.com\/no\/wp-json\/wp\/v2\/posts"}],"about":[{"href":"https:\/\/www.europesays.com\/no\/wp-json\/wp\/v2\/types\/post"}],"author":[{"embeddable":true,"href":"https:\/\/www.europesays.com\/no\/wp-json\/wp\/v2\/users\/2"}],"replies":[{"embeddable":true,"href":"https:\/\/www.europesays.com\/no\/wp-json\/wp\/v2\/comments?post=120282"}],"version-history":[{"count":0,"href":"https:\/\/www.europesays.com\/no\/wp-json\/wp\/v2\/posts\/120282\/revisions"}],"wp:featuredmedia":[{"embeddable":true,"href":"https:\/\/www.europesays.com\/no\/wp-json\/wp\/v2\/media\/120283"}],"wp:attachment":[{"href":"https:\/\/www.europesays.com\/no\/wp-json\/wp\/v2\/media?parent=120282"}],"wp:term":[{"taxonomy":"category","embeddable":true,"href":"https:\/\/www.europesays.com\/no\/wp-json\/wp\/v2\/categories?post=120282"},{"taxonomy":"post_tag","embeddable":true,"href":"https:\/\/www.europesays.com\/no\/wp-json\/wp\/v2\/tags?post=120282"}],"curies":[{"name":"wp","href":"https:\/\/api.w.org\/{rel}","templated":true}]}}