{"id":120288,"date":"2025-12-23T11:12:22","date_gmt":"2025-12-23T11:12:22","guid":{"rendered":"https:\/\/www.europesays.com\/no\/120288\/"},"modified":"2025-12-23T11:12:22","modified_gmt":"2025-12-23T11:12:22","slug":"sandra-borch-apner-opp-om-alkoholproblemer","status":"publish","type":"post","link":"https:\/\/www.europesays.com\/no\/120288\/","title":{"rendered":"Sandra Borch \u00e5pner opp om alkoholproblemer"},"content":{"rendered":"<p class=\"extendedContent hyperion-css-eyn926\" data-test-tag=\"lead-text\">Tidligere Sp-statsr\u00e5d Sandra Borch skriver p\u00e5 Facebook at hun har alkoholproblemer og at hun n\u00e5 er innlagt p\u00e5 en institusjon for \u00e5 f\u00e5 hjelp.<\/p>\n<p><img decoding=\"async\" class=\"image-asset hyperion-css-u06ts1\" data-test-tag=\"image-asset\" src=\"https:\/\/www.europesays.com\/no\/wp-content\/uploads\/2025\/12\/31fe3d94-0d98-4b1f-8ee1-e53cec4a5ad2\"  alt=\"Sandra Borch \u00e5pner opp om at hun har alkoholproblemer i et innlegg p\u00e5 sin egen Facebook-vegg.\"  loading=\"eager\" fetchpriority=\"high\" style=\"aspect-ratio:2048 \/ 1365\"\/>Sandra Borch \u00e5pner opp om at hun har alkoholproblemer i et innlegg p\u00e5 sin egen Facebook-vegg. Foto: Joakim Halvorsen, NTB<\/p>\n<p>Publisert: 22.12.2025 23:21 |\u00a0Oppdatert: 23.12.2025 01:24<\/p>\n<p>Kortversjonen<\/p>\n<ul class=\"hyperion-css-1wfq1v6\" data-test-tag=\"list\">\n<li class=\"hyperion-css-13wylk3\">Tidligere Sp-statsr\u00e5d Sandra Borch er \u00e5pen om at hun har alkoholproblemer. Hun er n\u00e5 innlagt p\u00e5 en institusjon for \u00e5 f\u00e5 hjelp.<\/li>\n<li class=\"hyperion-css-13wylk3\">Borch forteller at tiden etter avgangen som statsr\u00e5d har v\u00e6rt vanskelig. Hun oppfordrer andre til \u00e5 s\u00f8ke hjelp for alkoholproblemer.<\/li>\n<\/ul>\n<p data-nosnippet=\"true\" class=\"hyperion-css-1qe9pn0\">Sammendraget er laget ved hjelp av kunstig intelligens (KI) og kvalitetssikret av Aftenpostens journalister.<\/p>\n<p>Vis mer<\/p>\n<p class=\"paywall hyperion-css-1j42uic\">\u00abEg velge \u00e5 v\u00e6re \u00e5pen. Eg har et alkoholproblem, som eg m\u00e5 ha hjelp te. Eg har derfor valgt \u00e5 legge meg sj\u00f8l inn p\u00e5 institusjon\u00bb, skriver Sandra Borch p\u00e5 sin egen FB-vegg.<\/p>\n<p class=\"paywall hyperion-css-1j42uic\">Hun skriver at livet ikke har v\u00e6rt bra for henne etter avgangen i h\u00f8st som stortingsrepresentant. <\/p>\n<p class=\"paywall hyperion-css-1j42uic\">Borch m\u00e5tte i 2024 trekke seg som statsr\u00e5d i St\u00f8re-regjeringen etter det ble avdekket plagiat i hennes ti \u00e5r gamle masteroppgave i rettsvitenskap.<\/p>\n<p class=\"paywall hyperion-css-1j42uic\">\u00abEtter \u00e5 ha v\u00e6rt statsr\u00e5d og stortingsrepresentant, har eg m\u00e5tte ofre familie og venna. Etter avgangen i h\u00f8st, har ikke livet v\u00e6rt bra. Eg har skuffa mine n\u00e6rmeste aller mest. Det gj\u00f8r ondt. Alkohol har blitt l\u00f8sningen, dessverre\u00bb, skriver hun.<\/p>\n<p class=\"paywall hyperion-css-1j42uic\">Hun gj\u00f8r det samtidig klart at hun ikke \u00f8nsker \u00e5 snakke med mediene om dette, og viser til informasjon p\u00e5 sin egen side p\u00e5 FB.<\/p>\n<p>Oppfordrer andre om \u00e5 s\u00f8ke hjelp<\/p>\n<p class=\"paywall hyperion-css-1j42uic\">\u00abHeldigvis har eg f\u00e5tt hjelp tidlig, og eg e motivert for \u00e5 klare det. Uten alkohol og uten seine m\u00f8ta.\u00bb<\/p>\n<p class=\"paywall hyperion-css-1j42uic\">Hun skriver at hennes motivasjon n\u00e5 er \u00e5 finne \u00abtebake te Sandra\u00bb.<\/p>\n<p class=\"paywall hyperion-css-1j42uic\">\u00abEg har hjelp, og f\u00e5r det. S\u00e5 tenke eg samtidig p\u00e5 kor stort detta problemet e for mange n\u00e5r vi g\u00e5r inn i jula. Eg har sett mange som slit. Husk \u00e5 s\u00f8k hjelp. Det har hjulpet meg, men eg skamme meg ogs\u00e5. All den sorg det har p\u00e5f\u00f8rt min familie e ikke verdt det glasset med vin\u00bb, skriver hun.<\/p>\n<p>Til journalister: Ikke ring meg<\/p>\n<p class=\"paywall hyperion-css-1j42uic\">Hun ber journalister om ikke \u00e5 ringe henne.<\/p>\n<p class=\"paywall hyperion-css-1j42uic\">\u00abEg m\u00e5 ta en dag av gangen. Eg h\u00e5pe d\u00e5kker har forst\u00e5else for det. I bunn og grunn e eg bare ei datter, ei tante og en kj\u00e6reste. De fortjene ikke det presset de no oppleve. Derfor ber eg om ro, for \u00e5 f\u00e5 hodet over vannet igjen.\u00bb<\/p>\n<p class=\"paywall hyperion-css-1j42uic\">Hun oppfordrer andre som har problemer med alkohol om \u00e5 ta kontakt med profesjonelle .<\/p>\n<p class=\"paywall hyperion-css-1j42uic\">\u00abIkke n\u00f8l med \u00e5 ta kontakt med profesjonelle folk. (Send meg gjerne ei melding p\u00e5 messenger om du f\u00f8le for det, og treng hjelp). Husk at det aldri e galt \u00e5 be om profesjonell hjelp f\u00f8r det g\u00e5r for langt.\u00bb <\/p>\n<p>Ble avdekket plagiat<\/p>\n<p class=\"paywall hyperion-css-1j42uic\">Borch var landbruks- og matminister i St\u00f8re-regjeringen fra 2021 til 2023.<\/p>\n<p class=\"paywall hyperion-css-1j42uic\">I august 2023 ble hun forsknings- og h\u00f8yere utdanningsminister.<\/p>\n<p class=\"paywall hyperion-css-1j42uic\">Hun gikk av som statsr\u00e5d 23. januar 2024, etter at det ble avdekket plagiat i hennes ti \u00e5r gamle masteroppgave i rettsvitenskap.<\/p>\n<p class=\"paywall hyperion-css-1j42uic\">Hun har innr\u00f8mmet at hun hadde kopiert andres tekster og brukt det i sin egen masteroppgave.<\/p>\n<p class=\"paywall hyperion-css-1j42uic\">Borch gikk i februar 2024 tilbake til Stortinget og satt som medlem i justiskomiteen frem til stortingsvalget i h\u00f8st.<\/p>\n<p class=\"paywall hyperion-css-1j42uic\">Borch r\u00f8k ut av Stortinget etter Sps d\u00e5rlige valgresultat. Partiet fikk bare 5,6 prosent av stemmene. I 2021 fikk Sp en oppslutning p\u00e5 13,5 prosent.<\/p>\n<p class=\"paywall hyperion-css-1j42uic\">Hun var innvalgt p\u00e5 Stortinget for Troms fra 2017 til 2025.<\/p>\n","protected":false},"excerpt":{"rendered":"Tidligere Sp-statsr\u00e5d Sandra Borch skriver p\u00e5 Facebook at hun har alkoholproblemer og at hun n\u00e5 er innlagt p\u00e5&hellip;\n","protected":false},"author":2,"featured_media":120289,"comment_status":"","ping_status":"","sticky":false,"template":"","format":"standard","meta":{"footnotes":""},"categories":[5],"tags":[20,21,24,25,15,19,22,23,17,18,13,30,28,29,14,16,26,27],"class_list":{"0":"post-120288","1":"post","2":"type-post","3":"status-publish","4":"format-standard","5":"has-post-thumbnail","7":"category-overskrifter","8":"tag-breaking-news","9":"tag-breakingnews","10":"tag-featured-news","11":"tag-featurednews","12":"tag-headlines","13":"tag-hovedoppslag","14":"tag-latest-news","15":"tag-latestnews","16":"tag-main-news","17":"tag-mainnews","18":"tag-news","19":"tag-no","20":"tag-norge","21":"tag-norway","22":"tag-nyheter","23":"tag-overskrifter","24":"tag-top-stories","25":"tag-topstories"},"share_on_mastodon":{"url":"https:\/\/pubeurope.com\/@no\/115768586909799169","error":""},"_links":{"self":[{"href":"https:\/\/www.europesays.com\/no\/wp-json\/wp\/v2\/posts\/120288","targetHints":{"allow":["GET"]}}],"collection":[{"href":"https:\/\/www.europesays.com\/no\/wp-json\/wp\/v2\/posts"}],"about":[{"href":"https:\/\/www.europesays.com\/no\/wp-json\/wp\/v2\/types\/post"}],"author":[{"embeddable":true,"href":"https:\/\/www.europesays.com\/no\/wp-json\/wp\/v2\/users\/2"}],"replies":[{"embeddable":true,"href":"https:\/\/www.europesays.com\/no\/wp-json\/wp\/v2\/comments?post=120288"}],"version-history":[{"count":0,"href":"https:\/\/www.europesays.com\/no\/wp-json\/wp\/v2\/posts\/120288\/revisions"}],"wp:featuredmedia":[{"embeddable":true,"href":"https:\/\/www.europesays.com\/no\/wp-json\/wp\/v2\/media\/120289"}],"wp:attachment":[{"href":"https:\/\/www.europesays.com\/no\/wp-json\/wp\/v2\/media?parent=120288"}],"wp:term":[{"taxonomy":"category","embeddable":true,"href":"https:\/\/www.europesays.com\/no\/wp-json\/wp\/v2\/categories?post=120288"},{"taxonomy":"post_tag","embeddable":true,"href":"https:\/\/www.europesays.com\/no\/wp-json\/wp\/v2\/tags?post=120288"}],"curies":[{"name":"wp","href":"https:\/\/api.w.org\/{rel}","templated":true}]}}