{"id":120290,"date":"2025-12-23T11:13:10","date_gmt":"2025-12-23T11:13:10","guid":{"rendered":"https:\/\/www.europesays.com\/no\/120290\/"},"modified":"2025-12-23T11:13:10","modified_gmt":"2025-12-23T11:13:10","slug":"vil-ikke-dele-pa-70-millioner","status":"publish","type":"post","link":"https:\/\/www.europesays.com\/no\/120290\/","title":{"rendered":"Vil ikke dele p\u00e5 70 millioner"},"content":{"rendered":"\n<ul class=\"_list_o9xde_3 _list_64s2r_85 _unordered_o9xde_106 text-sans-m\">\n<li class=\"_item_o9xde_30\">Bod\u00f8\/Glimt og Branns suksess i Europa gir titalls millioner til norske klubber, men Eliteserien nekter \u00e5 dele med Obosligaen.<\/li>\n<li class=\"_item_o9xde_30\">Fem eliteserieklubber blokkerte fordelingen i en anonym avstemming, noe som vekker reaksjoner.<\/li>\n<li class=\"_item_o9xde_30\">NTF-styrets forslag om solidarisk fordeling ble stemt ned, til tross for st\u00f8tte fra majoriteten av klubbene.<\/li>\n<\/ul>\n<p>Vis mer <\/p>\n<p class=\"_paragraph_o9xde_4 _paragraph_xtcu6_10 layout-component text-serif-m layout-normal text-serif-m layout-padded\">Et mindretall \u2013 fem klubber \u2013 har blokkert fordeling til Obosligaen i en anonym avstemming blant eliteserieklubbene.<\/p>\n<p class=\"_paragraph_o9xde_4 _paragraph_xtcu6_10 layout-component text-serif-m layout-normal text-serif-m layout-padded\">Det skjedde f\u00f8r helgen, og det vekker reaksjoner. <\/p>\n<p><img decoding=\"async\" alt=\"Bilde av Trygve Amundsen\" class=\"_image_ygndg_42\" height=\"49\" itemprop=\"image\" loading=\"lazy\"  src=\"https:\/\/www.europesays.com\/no\/wp-content\/uploads\/2025\/12\/982df98f-2d85-4867-a29b-c10c586ef20f\"  width=\"40\"\/><strong class=\"_name_ygndg_51 title-serif-xs\">Trygve Amundsen<\/strong><\/p>\n<p class=\"_paragraph_o9xde_4 text-sans-m _description_ygndg_56\">Daglig leder i \u00c5sane<\/p>\n<p class=\"_paragraph_o9xde_4 _paragraph_xtcu6_10 layout-component text-serif-m layout-normal text-serif-m layout-padded\">\u2013 Jeg synes det er veldig unorsk, sier \u00c5sane-leder Trygve Amundsen om hvordan toppklubbene har valgt \u00e5 fordele solidaritetspengenesolidaritetspengeneEn pott penger fra Uefa som g\u00e5r til klubber som ikke spiller i europacupene. fra Uefa. <\/p>\n<p class=\"_paragraph_o9xde_4 _paragraph_xtcu6_10 layout-component text-serif-m layout-normal text-serif-m layout-padded\">Pengene baserer seg p\u00e5 norske klubbers prestasjoner i Europa, og meningen er at det skal dryppe p\u00e5 flere enn Bod\u00f8\/Glimt og Brann, som deltar i Champions League og Europa League.<\/p>\n<p class=\"_paragraph_o9xde_4 _paragraph_xtcu6_10 layout-component text-serif-m layout-normal text-serif-m layout-padded\">Uefa har til forskjell fra tidligere \u00e5r \u00e5pnet for at pengene kan fordeles mellom klubber p\u00e5 <strong class=\"_strong_o9xde_25\">de to \u00f8verste niv\u00e5ene<\/strong>.<\/p>\n<p class=\"_paragraph_o9xde_4 _paragraph_xtcu6_10 layout-component text-serif-m layout-normal text-serif-m layout-padded\">I Norge er disse klubbene organisert sammen i Norsk ToppfotballNorsk Toppfotball NTF &#8211; organisasjonen som representerer klubbene i de to \u00f8verste divisjonene i norsk fotball, Eliteserien og Obosligaen..<\/p>\n<p class=\"_paragraph_o9xde_4 _paragraph_xtcu6_10 layout-component text-serif-m layout-normal text-serif-m layout-padded\">Men det er <a href=\"https:\/\/www.vg.no\/tag\/eliteserien?utm_source=vg-article&amp;utm_medium=auto-tagger&amp;utm_campaign=q6L6Jo\" class=\"_link_o9xde_39\" rel=\"nofollow noopener\" target=\"_blank\">Eliteserien<\/a> som har hendene p\u00e5 pengesekken fra Uefa.<\/p>\n<p class=\"_paragraph_o9xde_4 _paragraph_xtcu6_10 layout-component text-serif-m layout-normal text-serif-m layout-padded\">For at penger skal havne i Obosligaen, m\u00e5 75 prosent av eliteserieklubbene \u00f8nske det, if\u00f8lge Uefas regler.<\/p>\n<p class=\"_paragraph_o9xde_4 _paragraph_xtcu6_10 layout-component text-serif-m layout-normal text-serif-m layout-padded\">\u00c5rets pott er p\u00e5 rundt 70 millioner norske kroner (5,8 millioner euro), if\u00f8lge Cato Haug, styreleder i Norsk Toppfotball.<\/p>\n<p class=\"_paragraph_o9xde_4 _paragraph_xtcu6_10 layout-component text-serif-m layout-normal text-serif-m layout-padded\">Han sier at et enstemmig NTF-styre innstilte p\u00e5 at pengene skulle fordeles solidarisk mellom Eliteserien og Obosligaen. <\/p>\n<p class=\"_paragraph_o9xde_4 _paragraph_xtcu6_10 layout-component text-serif-m layout-normal text-serif-m layout-padded\">Men fem eliteserieklubber gikk imot innstillingen.<\/p>\n<p class=\"_paragraph_o9xde_4 _paragraph_xtcu6_10 layout-component text-serif-m layout-normal text-serif-m layout-padded\">11 av 16 klubber var akkurat ikke nok til \u00e5 n\u00e5 kravet om et flertall p\u00e5 75 prosent.<\/p>\n<p><img decoding=\"async\" alt=\"Bilde av Frode Thomassen\" class=\"_image_ygndg_42\" height=\"27\" itemprop=\"image\" loading=\"lazy\"  src=\"https:\/\/www.europesays.com\/no\/wp-content\/uploads\/2025\/12\/84d09c54-11c3-4147-9eac-c3f6b4c9c809\"  width=\"40\"\/><strong class=\"_name_ygndg_51 title-serif-xs\">Frode Thomassen<\/strong><\/p>\n<p class=\"_paragraph_o9xde_4 text-sans-m _description_ygndg_56\">Daglig leder i Bod\u00f8\/Glimt<\/p>\n<p class=\"_paragraph_o9xde_4 _paragraph_xtcu6_10 layout-component text-serif-m layout-normal text-serif-m layout-padded\">Bod\u00f8\/Glimt \u2013 som har s\u00f8rget for mesteparten av pengene i potten \u2013 er tydelige:<\/p>\n<p class=\"_paragraph_o9xde_4 _paragraph_xtcu6_10 layout-component text-serif-m layout-normal text-serif-m layout-padded\">\u2013 Vi stemte for forslaget til styret, men vedtaket ble noe annet. Vi mener det er rett at en st\u00f8rre del av norsk toppfotball f\u00e5r ta del i det som skapes av verdier, og at det vil tjene utviklingen av norsk fotball i stort, sier Bod\u00f8\/Glimt-leder Frode Thomassen til VG. <\/p>\n<p class=\"_paragraph_o9xde_4 _paragraph_xtcu6_10 layout-component text-serif-m layout-normal text-serif-m layout-padded\">\u2013 Jeg er sv\u00e6rt overrasket, for jeg trodde det var en proforma-sakproforma-sakEn sak som antas \u00e5 v\u00e6re en formalitet, hvor utfallet er forventet \u00e5 v\u00e6re gitt p\u00e5 forh\u00e5nd.. Det er sv\u00e6rt sjeldent at en s\u00e5 tydelig innstilling fra NTF-styret, som er valgt for \u00e5 ivareta det store klubbfellesskapet, faller, sier Frank Lidahl, daglig leder for Ranheim i Obosligaen.<\/p>\n<p class=\"_paragraph_o9xde_4 _paragraph_xtcu6_10 layout-component text-serif-m layout-normal text-serif-m layout-padded\">If\u00f8lge han var innstillingen fra NTF at pengene skulle fordeles med 81 prosent til eliteserieklubbene, og 19 prosent til obosligaklubbene \u2013 den samme fordelingen som mediepengene.<\/p>\n<p class=\"_paragraph_o9xde_4 _paragraph_xtcu6_10 layout-component text-serif-m layout-normal text-serif-m layout-padded\">\u2013 Obosligaen spiller en viktig rolle i utviklingen av norsk fotball. Jeg trodde situasjonen var avklart, at man st\u00f8tter NTFs veldig tydelig innstilling, sier \u00c5sane-leder Trygve Amundsen.<\/p>\n<p class=\"_paragraph_o9xde_4 _paragraph_xtcu6_10 layout-component text-serif-m layout-normal text-serif-m layout-padded\">Han sier han respekterer den demokratiske prosessen. Men:<\/p>\n<p class=\"_paragraph_o9xde_4 _paragraph_xtcu6_10 layout-component text-serif-m layout-normal text-serif-m layout-padded\">\u2013 S\u00e5 er det ogs\u00e5 litt unorsk \u00e5 ha skjult avstemming, det synes jeg ikke noe om. Jeg hadde heller satt pris p\u00e5 en \u00e5pen og \u00e6rlig diskusjon.  <\/p>\n<p class=\"font-weight-semi-bold color-accent label-medium _label_16v91_20\">NTF<\/p>\n<p> Styrt av vedtektene<\/p>\n<p class=\"_paragraph_o9xde_4 _paragraph_xtcu6_10 _paragraph_16v91_10 layout-component text-serif-m layout-normal text-sans-m layout-padded\">NTF svarer at avstemminger er styrt av vedtektene som klubbene har vedtatt:<\/p>\n<p class=\"_paragraph_o9xde_4 _paragraph_xtcu6_10 _paragraph_16v91_10 layout-component text-serif-m layout-normal text-sans-m layout-padded\">\u00abAvstemninger skal finne sted ved bruk av stemmeseddel eller andre skriftlige hjelpemidler, og i tr\u00e5d med prosedyrer som fastsettes av m\u00f8teleder. Dersom det f\u00f8r avstemning er \u00e5penbart at det er enighet om en sak, er det likevel ikke krav til skriftlig avstemning, med mindre dette kreves av en eller flere av de representerte medlemsklubbene\u00bb.<\/p>\n<p class=\"_paragraph_o9xde_4 _paragraph_xtcu6_10 _paragraph_16v91_10 layout-component text-serif-m layout-normal text-sans-m layout-padded\">\u2013 P\u00e5 grunn av at m\u00f8tet var digitalt ble det vanskelig med stemmesedler (som jo er anonymt), og derfor ble det benyttet digital anonym avstemming, sier Cato Haug.<\/p>\n<p class=\"_paragraph_o9xde_4 _paragraph_xtcu6_10 _paragraph_16v91_10 layout-component text-serif-m layout-normal text-sans-m layout-padded\">Ingen av klubbene ba om en annen avstemningsform, p\u00e5peker han.<\/p>\n<p>Vis mer<\/p>\n<p class=\"_paragraph_o9xde_4 _paragraph_xtcu6_10 layout-component text-serif-m layout-normal text-serif-m layout-padded\">Ranheims Frank Lidahl p\u00e5peker at NTF har vedtekter som sier at avstemninger skal v\u00e6re anonyme. <\/p>\n<p class=\"_paragraph_o9xde_4 _paragraph_xtcu6_10 layout-component text-serif-m layout-normal text-serif-m layout-padded\">\u2013 Men det er ikke alltid det praktiseres. N\u00e5r vi samles p\u00e5 Teams om en sak som handler om solidaritetet og det store klubbfellesskapet, s\u00e5 var det litt overraskende at det ved m\u00f8tes start ble sagt at det var anonym avstemming.<\/p>\n<p class=\"_paragraph_o9xde_4 _paragraph_xtcu6_10 layout-component text-serif-m layout-normal text-serif-m layout-padded\">\u2013 For min egen del vil jeg har mer respekt for de som flagger standpunkt i plenum, sier Lidahl, som  p\u00e5peker at det er snakk om en \u00abvoksende pott\u00bb de neste \u00e5rene.<\/p>\n<p class=\"_paragraph_o9xde_4 _paragraph_xtcu6_10 layout-component text-serif-m layout-normal text-serif-m layout-padded\">NTFs vedtak gjelder i utgangspunktet ut 2028.<\/p>\n<p><img decoding=\"async\" alt=\"Bilde av Espen Nystuen\" class=\"_image_ygndg_42\" height=\"27\" itemprop=\"image\" loading=\"lazy\"  src=\"https:\/\/www.europesays.com\/no\/wp-content\/uploads\/2025\/12\/7d0b071e-7cdd-4674-aee5-53391d1c04ff\"  width=\"40\"\/><strong class=\"_name_ygndg_51 title-serif-xs\">Espen Nystuen<\/strong><\/p>\n<p class=\"_paragraph_o9xde_4 text-sans-m _description_ygndg_56\">Daglig leder i Kongsvinger<\/p>\n<p class=\"_paragraph_o9xde_4 _paragraph_xtcu6_10 layout-component text-serif-m layout-normal text-serif-m layout-padded\">Espen Nystuen, daglig leder i Kongsvinger p\u00e5 niv\u00e5 to, sier \u00absynd for oss, s\u00e5nn er det bare\u00bb.<\/p>\n<p class=\"_paragraph_o9xde_4 _paragraph_xtcu6_10 layout-component text-serif-m layout-normal text-serif-m layout-padded\">\u2013 Det er opp til klubbene i Eliteserien \u00e5 bestemme. Da bryr jeg meg sv\u00e6rt lite om det. Det var anonym avstemming, s\u00e5 jeg vet heller ikke hvem som stemte imot. <\/p>\n<p class=\"_paragraph_o9xde_4 _paragraph_xtcu6_10 layout-component text-serif-m layout-normal text-serif-m layout-padded\">\u2013 Skal vi i fellesskap f\u00e5 opp spillere, ogs\u00e5 til landslag, s\u00e5 m\u00e5 flere ha muligheter til \u00e5 bidra til det, sier H\u00f8dd-leder Jesper T\u00f6rnqvist.<\/p>\n<p class=\"_paragraph_o9xde_4 _paragraph_xtcu6_10 layout-component text-serif-m layout-normal text-serif-m layout-padded\">Han respekterer utfallet, men vil gjerne bruke stemmen til \u00e5 si fra:<\/p>\n<p class=\"_paragraph_o9xde_4 _paragraph_xtcu6_10 layout-component text-serif-m layout-normal text-serif-m layout-padded\">\u2013 Norsk fotball er i en posisjon med mye midler inn, og vi synes at solidaritetstankegangen b\u00f8r ivaretas. <\/p>\n<p class=\"_paragraph_o9xde_4 _paragraph_xtcu6_10 layout-component text-serif-m layout-normal text-serif-m layout-padded\">Raufoss-leder Mats Thyli sier han registerer at elleve klubber var enige i innstillingen, mens fem hadde et annet syn.<\/p>\n<p class=\"_paragraph_o9xde_4 _paragraph_xtcu6_10 layout-component text-serif-m layout-normal text-serif-m layout-padded\">\u2013 Raufoss er tydelig p\u00e5 at vi mener norsk toppfotball skal st\u00e5 samlet, og at det handler om solidaritet. Alle bidrar til \u00e5 l\u00f8fte norsk fotball i fellesskap, og da er det riktig at disse midlene fordeles.<\/p>\n","protected":false},"excerpt":{"rendered":"Bod\u00f8\/Glimt og Branns suksess i Europa gir titalls millioner til norske klubber, men Eliteserien nekter \u00e5 dele med&hellip;\n","protected":false},"author":2,"featured_media":120291,"comment_status":"","ping_status":"","sticky":false,"template":"","format":"standard","meta":{"footnotes":""},"categories":[59],"tags":[517,134,92,30,28,29,337,83,82],"class_list":{"0":"post-120290","1":"post","2":"type-post","3":"status-publish","4":"format-standard","5":"has-post-thumbnail","7":"category-sport","8":"tag-bodo-glimt","9":"tag-eliteserien","10":"tag-fotball","11":"tag-no","12":"tag-norge","13":"tag-norway","14":"tag-obos-ligaen","15":"tag-sport","16":"tag-sports"},"share_on_mastodon":{"url":"https:\/\/pubeurope.com\/@no\/115768590807982444","error":""},"_links":{"self":[{"href":"https:\/\/www.europesays.com\/no\/wp-json\/wp\/v2\/posts\/120290","targetHints":{"allow":["GET"]}}],"collection":[{"href":"https:\/\/www.europesays.com\/no\/wp-json\/wp\/v2\/posts"}],"about":[{"href":"https:\/\/www.europesays.com\/no\/wp-json\/wp\/v2\/types\/post"}],"author":[{"embeddable":true,"href":"https:\/\/www.europesays.com\/no\/wp-json\/wp\/v2\/users\/2"}],"replies":[{"embeddable":true,"href":"https:\/\/www.europesays.com\/no\/wp-json\/wp\/v2\/comments?post=120290"}],"version-history":[{"count":0,"href":"https:\/\/www.europesays.com\/no\/wp-json\/wp\/v2\/posts\/120290\/revisions"}],"wp:featuredmedia":[{"embeddable":true,"href":"https:\/\/www.europesays.com\/no\/wp-json\/wp\/v2\/media\/120291"}],"wp:attachment":[{"href":"https:\/\/www.europesays.com\/no\/wp-json\/wp\/v2\/media?parent=120290"}],"wp:term":[{"taxonomy":"category","embeddable":true,"href":"https:\/\/www.europesays.com\/no\/wp-json\/wp\/v2\/categories?post=120290"},{"taxonomy":"post_tag","embeddable":true,"href":"https:\/\/www.europesays.com\/no\/wp-json\/wp\/v2\/tags?post=120290"}],"curies":[{"name":"wp","href":"https:\/\/api.w.org\/{rel}","templated":true}]}}