{"id":120292,"date":"2025-12-23T11:16:52","date_gmt":"2025-12-23T11:16:52","guid":{"rendered":"https:\/\/www.europesays.com\/no\/120292\/"},"modified":"2025-12-23T11:16:52","modified_gmt":"2025-12-23T11:16:52","slug":"ny-trend-et-av-europas-storste-energiselskaper-leier-seg-inn-i-kjempebatterier","status":"publish","type":"post","link":"https:\/\/www.europesays.com\/no\/120292\/","title":{"rendered":"Ny trend: Et av Europas st\u00f8rste energiselskaper leier seg inn i kjempebatterier"},"content":{"rendered":"<p><a class=\"inline-block uppercase px-2 py-1 rounded-full text-sm leading-none hover:underline whitespace-nowrap text-brandNeutral-900 bg-brandNeutral-100 dark:bg-brandStone-300 mb-6\" href=\"https:\/\/www.tu.no\/emne\/energi\" rel=\"nofollow noopener\" target=\"_blank\">energi<\/a><\/p>\n<p class=\"text-xl leading-snug mb-8\">Med 1200 MWh og 300 MW blir Leopard-batteriparken i Nederland en av de st\u00f8rste i Europa. Vattenfall leier en del av kapasiteten.<\/p>\n<p>Linda Nohrstedt, Nyteknik.se<\/p>\n<p>22. des. 2025 &#8211; 13:09 <\/p>\n<p>Kommentarer<\/p>\n<p>Du m\u00e5 v\u00e6re innlogget hos Ifr\u00e5gas\u00e4tt for \u00e5 kommentere. Bruk BankID for automatisk oppretting av brukerkonto. Du kan kommentere under fullt navn eller med kallenavn.<\/p>\n","protected":false},"excerpt":{"rendered":"energi Med 1200 MWh og 300 MW blir Leopard-batteriparken i Nederland en av de st\u00f8rste i Europa. Vattenfall&hellip;\n","protected":false},"author":2,"featured_media":120293,"comment_status":"","ping_status":"","sticky":false,"template":"","format":"standard","meta":{"footnotes":""},"categories":[56],"tags":[6329,60,61,382,62,30,28,29],"class_list":{"0":"post-120292","1":"post","2":"type-post","3":"status-publish","4":"format-standard","5":"has-post-thumbnail","7":"category-naeringsliv","8":"tag-batteri","9":"tag-business","10":"tag-economy","11":"tag-energi","12":"tag-naeringsliv","13":"tag-no","14":"tag-norge","15":"tag-norway"},"share_on_mastodon":{"url":"https:\/\/pubeurope.com\/@no\/115768606299997814","error":""},"_links":{"self":[{"href":"https:\/\/www.europesays.com\/no\/wp-json\/wp\/v2\/posts\/120292","targetHints":{"allow":["GET"]}}],"collection":[{"href":"https:\/\/www.europesays.com\/no\/wp-json\/wp\/v2\/posts"}],"about":[{"href":"https:\/\/www.europesays.com\/no\/wp-json\/wp\/v2\/types\/post"}],"author":[{"embeddable":true,"href":"https:\/\/www.europesays.com\/no\/wp-json\/wp\/v2\/users\/2"}],"replies":[{"embeddable":true,"href":"https:\/\/www.europesays.com\/no\/wp-json\/wp\/v2\/comments?post=120292"}],"version-history":[{"count":0,"href":"https:\/\/www.europesays.com\/no\/wp-json\/wp\/v2\/posts\/120292\/revisions"}],"wp:featuredmedia":[{"embeddable":true,"href":"https:\/\/www.europesays.com\/no\/wp-json\/wp\/v2\/media\/120293"}],"wp:attachment":[{"href":"https:\/\/www.europesays.com\/no\/wp-json\/wp\/v2\/media?parent=120292"}],"wp:term":[{"taxonomy":"category","embeddable":true,"href":"https:\/\/www.europesays.com\/no\/wp-json\/wp\/v2\/categories?post=120292"},{"taxonomy":"post_tag","embeddable":true,"href":"https:\/\/www.europesays.com\/no\/wp-json\/wp\/v2\/tags?post=120292"}],"curies":[{"name":"wp","href":"https:\/\/api.w.org\/{rel}","templated":true}]}}